{"id":272279,"date":"2021-07-15T12:17:40","date_gmt":"2021-07-15T15:17:40","guid":{"rendered":"https:\/\/jundiai.sp.gov.br\/noticias\/?p=272279"},"modified":"2021-07-15T13:29:33","modified_gmt":"2021-07-15T16:29:33","slug":"familia-acolhedora-de-jundiai-abre-inscricoes-para-apresentacao-do-servico-para-interessados","status":"publish","type":"post","link":"https:\/\/jundiai.sp.gov.br\/noticias\/2021\/07\/15\/familia-acolhedora-de-jundiai-abre-inscricoes-para-apresentacao-do-servico-para-interessados\/","title":{"rendered":"\u201cFam\u00edlia Acolhedora\u201d de Jundia\u00ed abre inscri\u00e7\u00f5es para apresenta\u00e7\u00e3o do servi\u00e7o para interessados"},"content":{"rendered":"\n<p>O \u201cFam\u00edlia Acolhedora\u201d de Jundia\u00ed realiza, na ter\u00e7a-feira (27), a partir das 19h, uma reuni\u00e3o on-line de apresenta\u00e7\u00e3o sobre o funcionamento do servi\u00e7o. O encontro ser\u00e1 realizado pela plataforma Google Meet e os <a rel=\"noreferrer noopener\" href=\"https:\/\/docs.google.com\/forms\/d\/e\/1FAIpQLScKEDckzeeyC32tZQPD-xa9XBhezEvgkNsPzlCNRoC92WKhCA\/viewform\" target=\"_blank\">interessados devem se inscrever pela internet<\/a> at\u00e9 o dia 23. <\/p>\n\n\n\n<p>Vinculado \u00e0 Unidade de Gest\u00e3o de Assist\u00eancia e Desenvolvimento Social, o servi\u00e7o no Munic\u00edpio \u00e9 batizado de \u201cTravessia\u201d e \u00e9 voltado para o acolhimento provis\u00f3rio desde crian\u00e7as rec\u00e9m-nascidas at\u00e9 adolescentes de 17 anos, afastados da fam\u00edlia de origem mediante determina\u00e7\u00e3o judicial, tendo como causas neglig\u00eancia, uso abusivo de subst\u00e2ncias psicoativas, viol\u00eancia e abandono.<\/p>\n\n\n\n<p>Podem se inscrever maiores de 21 anos, residentes em Jundia\u00ed, que n\u00e3o estiverem na fila de ado\u00e7\u00e3o e que n\u00e3o possuam pend\u00eancias judiciais, problemas psiqui\u00e1tricos e\/ou depend\u00eancia de subst\u00e2ncias psicoativas. Quem participar do encontro dever\u00e1 ainda participar de outras etapas at\u00e9 a inscri\u00e7\u00e3o efetiva, como entrevistas, visitas domiciliares e encontros de capacita\u00e7\u00e3o.<\/p>\n\n\n\n<p>Mais informa\u00e7\u00f5es sobre o servi\u00e7o podem ser obtidas pelo e-mail <a rel=\"noreferrer noopener\" href=\"mailto:familiaacolhedora@jundiai.sp.gov.br\" target=\"_blank\">familiaacolhedora@jundiai.sp.gov.br<\/a>.<\/p>\n\n\n\n<figure class=\"wp-block-image size-large\"><img loading=\"lazy\" decoding=\"async\" width=\"1280\" height=\"877\" src=\"https:\/\/jundiai.sp.gov.br\/noticias\/wp-content\/uploads\/sites\/32\/2021\/07\/10_anos_familia_acolhedora_curia-121.jpg\" alt=\"Mulher de \u00f3culos e homem agachados olhando para dentro de carrinho de beb\u00ea, onde se veem s\u00f3 as pernas da crian\u00e7a\" class=\"wp-image-272281\" srcset=\"https:\/\/jundiai.sp.gov.br\/noticias\/wp-content\/uploads\/sites\/32\/2021\/07\/10_anos_familia_acolhedora_curia-121.jpg 1280w, https:\/\/jundiai.sp.gov.br\/noticias\/wp-content\/uploads\/sites\/32\/2021\/07\/10_anos_familia_acolhedora_curia-121-300x206.jpg 300w, https:\/\/jundiai.sp.gov.br\/noticias\/wp-content\/uploads\/sites\/32\/2021\/07\/10_anos_familia_acolhedora_curia-121-768x526.jpg 768w\" sizes=\"auto, (max-width: 1280px) 100vw, 1280px\" \/><figcaption>Desde 2019, o servi\u00e7o em Jundia\u00ed \u00e9 carinhosamente chamado de &#8220;Travessia&#8221;<\/figcaption><\/figure>\n\n\n\n<p><strong>Assessoria de Imprensa<br>Foto: Arquivo PMJ<\/strong><\/p>\n","protected":false},"excerpt":{"rendered":"<p>O \u201cFam\u00edlia Acolhedora\u201d de Jundia\u00ed realiza, na ter\u00e7a-feira (27), a partir das 19h, uma reuni\u00e3o on-line de apresenta\u00e7\u00e3o sobre o funcionamento do servi\u00e7o. O encontro ser\u00e1 realizado pela plataforma Google Meet e os interessados devem se inscrever pela internet at\u00e9 o dia 23. Vinculado \u00e0 Unidade de Gest\u00e3o de Assist\u00eancia e Desenvolvimento Social, o servi\u00e7o [&hellip;]<\/p>\n","protected":false},"author":14,"featured_media":272281,"comment_status":"closed","ping_status":"closed","sticky":false,"template":"","format":"standard","meta":{"footnotes":""},"categories":[2],"tags":[980,725],"ods":[],"class_list":["post-272279","post","type-post","status-publish","format-standard","has-post-thumbnail","hentry","category-noticias","tag-assistencia-e-desenvolvimento-social","tag-servico-de-acolhimento-em-familia-acolhedora"],"_links":{"self":[{"href":"https:\/\/jundiai.sp.gov.br\/noticias\/wp-json\/wp\/v2\/posts\/272279","targetHints":{"allow":["GET"]}}],"collection":[{"href":"https:\/\/jundiai.sp.gov.br\/noticias\/wp-json\/wp\/v2\/posts"}],"about":[{"href":"https:\/\/jundiai.sp.gov.br\/noticias\/wp-json\/wp\/v2\/types\/post"}],"author":[{"embeddable":true,"href":"https:\/\/jundiai.sp.gov.br\/noticias\/wp-json\/wp\/v2\/users\/14"}],"replies":[{"embeddable":true,"href":"https:\/\/jundiai.sp.gov.br\/noticias\/wp-json\/wp\/v2\/comments?post=272279"}],"version-history":[{"count":4,"href":"https:\/\/jundiai.sp.gov.br\/noticias\/wp-json\/wp\/v2\/posts\/272279\/revisions"}],"predecessor-version":[{"id":272286,"href":"https:\/\/jundiai.sp.gov.br\/noticias\/wp-json\/wp\/v2\/posts\/272279\/revisions\/272286"}],"wp:featuredmedia":[{"embeddable":true,"href":"https:\/\/jundiai.sp.gov.br\/noticias\/wp-json\/wp\/v2\/media\/272281"}],"wp:attachment":[{"href":"https:\/\/jundiai.sp.gov.br\/noticias\/wp-json\/wp\/v2\/media?parent=272279"}],"wp:term":[{"taxonomy":"category","embeddable":true,"href":"https:\/\/jundiai.sp.gov.br\/noticias\/wp-json\/wp\/v2\/categories?post=272279"},{"taxonomy":"post_tag","embeddable":true,"href":"https:\/\/jundiai.sp.gov.br\/noticias\/wp-json\/wp\/v2\/tags?post=272279"},{"taxonomy":"ods","embeddable":true,"href":"https:\/\/jundiai.sp.gov.br\/noticias\/wp-json\/wp\/v2\/ods?post=272279"}],"curies":[{"name":"wp","href":"https:\/\/api.w.org\/{rel}","templated":true}]}}