{"id":272890,"date":"2021-07-23T17:25:35","date_gmt":"2021-07-23T20:25:35","guid":{"rendered":"https:\/\/jundiai.sp.gov.br\/noticias\/?p=272890"},"modified":"2021-07-24T12:55:01","modified_gmt":"2021-07-24T15:55:01","slug":"criancas-e-jovens-de-abrigo-institucional-tem-manha-animada-com-os-caes-do-canil-da-guarda-municipal","status":"publish","type":"post","link":"https:\/\/jundiai.sp.gov.br\/noticias\/2021\/07\/23\/criancas-e-jovens-de-abrigo-institucional-tem-manha-animada-com-os-caes-do-canil-da-guarda-municipal\/","title":{"rendered":"Crian\u00e7as e jovens de abrigo institucional t\u00eam manh\u00e3 animada com os c\u00e3es do Canil da Guarda Municipal"},"content":{"rendered":"\n<p>As crian\u00e7as e adolescentes abrigados na Casa de Nazar\u00e9 tiveram uma manh\u00e3 animada nesta sexta-feira (23), com a visita dos c\u00e3es da ra\u00e7a Labrador Black e Pantera, do Canil da Guarda Municipal de Jundia\u00ed (GMJ). Al\u00e9m receber dar muito carinho para a cachorrada, eles puderam tamb\u00e9m assistir a uma apresenta\u00e7\u00e3o de identifica\u00e7\u00e3o de objetos atrav\u00e9s do faro.<\/p>\n\n\n\n<p>Esta foi a segunda visita do Canil esta semana. Na \u00faltima quarta (21), Black e Pantera tamb\u00e9m estiveram com os abrigados da Casa Transit\u00f3ria. Foi, inclusive, a visita de uma adolescente desse abrigo \u00e0 GMJ em junho que inspirou as atividades desta semana.<\/p>\n\n\n\n<p>Tanto a Casa de Nazar\u00e9 quanto a Casa Transit\u00f3ria s\u00e3o abrigos de acolhimento institucional com os quais a Prefeitura celebra termo de colabora\u00e7\u00e3o para abrigamento de at\u00e9 55 crian\u00e7as e adolescentes afastados do conv\u00edvio familiar por conta de viola\u00e7\u00e3o de direitos, por decis\u00e3o judicial. Durante o acolhimento, \u00e9 realizado um trabalho junto \u00e0 rede socioassistencial at\u00e9 o retorno \u00e0 fam\u00edlia de origem, \u00e0 fam\u00edlia extensa (parentes pr\u00f3ximos) ou, esgotadas as possibilitadas, a ado\u00e7\u00e3o.<\/p>\n\n\n\n<figure class=\"wp-block-image size-large\"><img loading=\"lazy\" decoding=\"async\" width=\"1280\" height=\"853\" src=\"https:\/\/jundiai.sp.gov.br\/noticias\/wp-content\/uploads\/sites\/32\/2021\/07\/canil_gm_casa_de_nazare-67.jpg\" alt=\"Cachorro da ra\u00e7a Labrador de cor preta olhando para a c\u00e2mera, com detalhes das m\u00e3os e pernas de crian\u00e7as em volta, fazendo carinho \" class=\"wp-image-272891\" srcset=\"https:\/\/jundiai.sp.gov.br\/noticias\/wp-content\/uploads\/sites\/32\/2021\/07\/canil_gm_casa_de_nazare-67.jpg 1280w, https:\/\/jundiai.sp.gov.br\/noticias\/wp-content\/uploads\/sites\/32\/2021\/07\/canil_gm_casa_de_nazare-67-300x200.jpg 300w, https:\/\/jundiai.sp.gov.br\/noticias\/wp-content\/uploads\/sites\/32\/2021\/07\/canil_gm_casa_de_nazare-67-768x512.jpg 768w, https:\/\/jundiai.sp.gov.br\/noticias\/wp-content\/uploads\/sites\/32\/2021\/07\/canil_gm_casa_de_nazare-67-450x300.jpg 450w\" sizes=\"auto, (max-width: 1280px) 100vw, 1280px\" \/><figcaption>Pantera (foto) e Black receberam muito carinho da garotada<\/figcaption><\/figure>\n\n\n\n<p>&nbsp;\u201cGostei de aprender que o treinamento para comandos \u00e9 feito em ingl\u00eas. Precisa dizer \u2018sit\u2019 para que o cachorro se sente e \u201cdown\u201d para que ele se deite\u201d, compartilhou uma das meninas. \u201cComo \u00e9 que os c\u00e3es auxiliam nas a\u00e7\u00f5es policiais?\u201d, perguntou uma outra jovem curiosa.<\/p>\n\n\n\n<p>A gestora da UGADS, Maria Brant, explica a proposta da visita. \u201cEncontros como este promovem o aumento do repert\u00f3rio, das rela\u00e7\u00f5es e das experi\u00eancias destas crian\u00e7as e jovens. A ideia \u00e9 proporcionar cada vez mais viv\u00eancias como esta, para que conhe\u00e7am cada vez mais servi\u00e7os da Prefeitura\u201d.<\/p>\n\n\n\n<p>A coordenadora da Casa de Nazar\u00e9, Maria Aparecida da Silva, compartilha que atualmente h\u00e1 11 acolhidos pela institui\u00e7\u00e3o. \u201cUma visita especial como esta, no espa\u00e7o que \u00e9 a casa deles, \u00e9 de grande import\u00e2ncia, pois, al\u00e9m de ser algo diferente da rotina, cria no imagin\u00e1rio delas a imagem de prote\u00e7\u00e3o e cuidado em rela\u00e7\u00e3o \u00e0s for\u00e7as policiais, afastando a vis\u00e3o de repress\u00e3o. Atividades como esta v\u00e3o ao encontro do nosso lema, que \u00e9 \u2018crian\u00e7a e adolescente como prioridades absolutas e crian\u00e7as e adolescentes acolhidos como prioridades das prioridades\u2019\u201d, compartilhou.<\/p>\n\n\n\n<p>O encontro foi acompanhado pelos GMs M. Silva e Madeira, treinadores dos c\u00e3es, do GM Patriota, e do subinspetor Vaz, este que detalha a composi\u00e7\u00e3o do Canil. \u201cAtualmente trabalhamos em 25 agentes com 16 c\u00e3es. Al\u00e9m dos dois Labradores, 13 da ra\u00e7a Pastor Belga-Malinois e um Rottweiler, que atuam n\u00e3o s\u00f3 nas opera\u00e7\u00f5es da GMJ, como colaboram com a Pol\u00edcia Militar e Rodovi\u00e1ria, provas e campeonatos, busca de pessoas desaparecidas, treinamentos para outras corpora\u00e7\u00f5es interessadas, e da C\u00e3oterapia em hospitais para ajudar na reabilita\u00e7\u00e3o de pacientes\u201d.<\/p>\n\n\n\n<figure class=\"wp-block-image size-large\"><img loading=\"lazy\" decoding=\"async\" width=\"1280\" height=\"853\" src=\"https:\/\/jundiai.sp.gov.br\/noticias\/wp-content\/uploads\/sites\/32\/2021\/07\/canil_gm_casa_de_nazare-386.jpg\" alt=\"Crian\u00e7as e jovens de costas assistindo a uma apresenta\u00e7\u00e3o em um quintal com um guarda com uniforme e um cachorro\" class=\"wp-image-272892\" srcset=\"https:\/\/jundiai.sp.gov.br\/noticias\/wp-content\/uploads\/sites\/32\/2021\/07\/canil_gm_casa_de_nazare-386.jpg 1280w, https:\/\/jundiai.sp.gov.br\/noticias\/wp-content\/uploads\/sites\/32\/2021\/07\/canil_gm_casa_de_nazare-386-300x200.jpg 300w, https:\/\/jundiai.sp.gov.br\/noticias\/wp-content\/uploads\/sites\/32\/2021\/07\/canil_gm_casa_de_nazare-386-768x512.jpg 768w, https:\/\/jundiai.sp.gov.br\/noticias\/wp-content\/uploads\/sites\/32\/2021\/07\/canil_gm_casa_de_nazare-386-450x300.jpg 450w\" sizes=\"auto, (max-width: 1280px) 100vw, 1280px\" \/><figcaption>Black e Pantera fizeram tamb\u00e9m uma apresenta\u00e7\u00e3o de identifica\u00e7\u00e3o de objetos com o atrav\u00e9s do faro<\/figcaption><\/figure>\n\n\n\n<p><strong>Assessoria de Imprensa<br>Foto: Fot\u00f3grafos PMJ<\/strong><\/p>\n","protected":false},"excerpt":{"rendered":"<p>As crian\u00e7as e adolescentes abrigados na Casa de Nazar\u00e9 tiveram uma manh\u00e3 animada nesta sexta-feira (23), com a visita dos c\u00e3es da ra\u00e7a Labrador Black e Pantera, do Canil da Guarda Municipal de Jundia\u00ed (GMJ). Al\u00e9m receber dar muito carinho para a cachorrada, eles puderam tamb\u00e9m assistir a uma apresenta\u00e7\u00e3o de identifica\u00e7\u00e3o de objetos atrav\u00e9s [&hellip;]<\/p>\n","protected":false},"author":14,"featured_media":272891,"comment_status":"closed","ping_status":"closed","sticky":false,"template":"","format":"standard","meta":{"footnotes":""},"categories":[2],"tags":[980,1275,31],"ods":[],"class_list":["post-272890","post","type-post","status-publish","format-standard","has-post-thumbnail","hentry","category-noticias","tag-assistencia-e-desenvolvimento-social","tag-canil","tag-guarda-municipal"],"_links":{"self":[{"href":"https:\/\/jundiai.sp.gov.br\/noticias\/wp-json\/wp\/v2\/posts\/272890","targetHints":{"allow":["GET"]}}],"collection":[{"href":"https:\/\/jundiai.sp.gov.br\/noticias\/wp-json\/wp\/v2\/posts"}],"about":[{"href":"https:\/\/jundiai.sp.gov.br\/noticias\/wp-json\/wp\/v2\/types\/post"}],"author":[{"embeddable":true,"href":"https:\/\/jundiai.sp.gov.br\/noticias\/wp-json\/wp\/v2\/users\/14"}],"replies":[{"embeddable":true,"href":"https:\/\/jundiai.sp.gov.br\/noticias\/wp-json\/wp\/v2\/comments?post=272890"}],"version-history":[{"count":3,"href":"https:\/\/jundiai.sp.gov.br\/noticias\/wp-json\/wp\/v2\/posts\/272890\/revisions"}],"predecessor-version":[{"id":272970,"href":"https:\/\/jundiai.sp.gov.br\/noticias\/wp-json\/wp\/v2\/posts\/272890\/revisions\/272970"}],"wp:featuredmedia":[{"embeddable":true,"href":"https:\/\/jundiai.sp.gov.br\/noticias\/wp-json\/wp\/v2\/media\/272891"}],"wp:attachment":[{"href":"https:\/\/jundiai.sp.gov.br\/noticias\/wp-json\/wp\/v2\/media?parent=272890"}],"wp:term":[{"taxonomy":"category","embeddable":true,"href":"https:\/\/jundiai.sp.gov.br\/noticias\/wp-json\/wp\/v2\/categories?post=272890"},{"taxonomy":"post_tag","embeddable":true,"href":"https:\/\/jundiai.sp.gov.br\/noticias\/wp-json\/wp\/v2\/tags?post=272890"},{"taxonomy":"ods","embeddable":true,"href":"https:\/\/jundiai.sp.gov.br\/noticias\/wp-json\/wp\/v2\/ods?post=272890"}],"curies":[{"name":"wp","href":"https:\/\/api.w.org\/{rel}","templated":true}]}}