{"id":272933,"date":"2021-07-26T12:22:08","date_gmt":"2021-07-26T15:22:08","guid":{"rendered":"https:\/\/jundiai.sp.gov.br\/noticias\/?p=272933"},"modified":"2021-07-26T12:22:08","modified_gmt":"2021-07-26T15:22:08","slug":"escola-inovadora-jundiai-recebe-o-certificado-de-municipio-parceiro-do-movimento-juntos-pela-inclusao","status":"publish","type":"post","link":"https:\/\/jundiai.sp.gov.br\/noticias\/2021\/07\/26\/escola-inovadora-jundiai-recebe-o-certificado-de-municipio-parceiro-do-movimento-juntos-pela-inclusao\/","title":{"rendered":"Escola Inovadora: Jundia\u00ed recebe o Certificado de Munic\u00edpio parceiro do &#8220;Movimento Juntos pela Inclus\u00e3o&#8221;"},"content":{"rendered":"\n<p>Jundia\u00ed recebeu o Certificado de Munic\u00edpio parceiro do &#8220;Movimento Juntos pela Inclus\u00e3o, uma a\u00e7\u00e3o da Faz Educa\u00e7\u00e3o e Tecnologia em parceria com a Undime (Uni\u00e3o Nacional dos Dirigentes Municipais de Educa\u00e7\u00e3o), que entregou o selo \u00e0s 20 cidades mais engajadas ao movimento de Educa\u00e7\u00e3o Inclusiva. O certificado foi entregue por Paulo Assump\u00e7\u00e3o, da Faz Educa\u00e7\u00e3o para a gestora de Educa\u00e7\u00e3o, Vast\u00ed Ferrari Marques e para a diretora do Departamento de Educa\u00e7\u00e3o Inclusiva, Karina Verardo, da Unidade de Gest\u00e3o de Educa\u00e7\u00e3o (UGE).&nbsp;<\/p>\n\n\n\n<p>Para o prefeito Luiz Fernando Machado, a certifica\u00e7\u00e3o conferida \u00e0 cidade, est\u00e1 alinhada com os conceitos desenvolvidos pelo programa Escola Inovadora. &#8220;Jundia\u00ed investe em Educa\u00e7\u00e3o para a forma\u00e7\u00e3o das crian\u00e7as com intera\u00e7\u00e3o, desenvolvimento das potencialidades, contato com a natureza e inclus\u00e3o. O selo \u00e9 o reconhecimento do trabalho desenvolvido por toda a equipe da Educa\u00e7\u00e3o&#8221;, comenta.<\/p>\n\n\n\n<p>\u201cNossas equipes est\u00e3o sempre engajadas em busca de oferecer educa\u00e7\u00e3o de qualidade, com o objetivo de n\u00e3o deixar nenhum estudante para tr\u00e1s, conceito este defendido pela Escola Inovadora. O certificado \u00e9 mais uma valida\u00e7\u00e3o das a\u00e7\u00f5es promovidas pela Unidade de Gest\u00e3o&nbsp;de Educa\u00e7\u00e3o para aprimorar o trabalho inclusivo com as nossas crian\u00e7as\u201d, afirmou Vast\u00ed.<\/p>\n\n\n\n<figure class=\"wp-block-image size-large\"><img loading=\"lazy\" decoding=\"async\" width=\"766\" height=\"511\" src=\"https:\/\/jundiai.sp.gov.br\/noticias\/wp-content\/uploads\/sites\/32\/2021\/07\/educacao_certificado_educacao_inclusiva.jpg\" alt=\"imagem mostra homem e duas mulheres com certificado &quot;Movimento Juntos pela Inclus\u00e3o&quot; nas m\u00e3os. \nTodos est\u00e3o usando m\u00e1scara facial\" class=\"wp-image-272945\" srcset=\"https:\/\/jundiai.sp.gov.br\/noticias\/wp-content\/uploads\/sites\/32\/2021\/07\/educacao_certificado_educacao_inclusiva.jpg 766w, https:\/\/jundiai.sp.gov.br\/noticias\/wp-content\/uploads\/sites\/32\/2021\/07\/educacao_certificado_educacao_inclusiva-300x200.jpg 300w, https:\/\/jundiai.sp.gov.br\/noticias\/wp-content\/uploads\/sites\/32\/2021\/07\/educacao_certificado_educacao_inclusiva-450x300.jpg 450w\" sizes=\"auto, (max-width: 766px) 100vw, 766px\" \/><figcaption>Educa\u00e7\u00e3o Inclusiva recebe certificado da Faz Educa\u00e7\u00e3o<\/figcaption><\/figure>\n\n\n\n<p>Uma das a\u00e7\u00f5es mais importantes da Faz Educa\u00e7\u00e3o este ano foi a mentoria sobre Educa\u00e7\u00e3o Inclusiva, com o objetivo de abordar quest\u00f5es important\u00edssimas relacionadas a esta tem\u00e1tica, aproximando a teoria da pr\u00e1tica, formando uma comunidade escolar mais inclusiva. Jundia\u00ed teve uma relevante participa\u00e7\u00e3o com seus educadores neste projeto de mentoria.&nbsp;<\/p>\n\n\n\n<p>&#8220;A Mentoria da Educa\u00e7\u00e3o Inclusiva permite momentos de forma\u00e7\u00e3o aos nossos profissionais, de modo a potencializar o trabalho desenvolvido em nossas unidades escolares&#8221;, relatou Karina Verardo.<\/p>\n\n\n\n<p><strong>Assessoria de Imprensa<\/strong><strong><br><\/strong><strong>Fotos: Fot\u00f3grafos PMJ<\/strong><\/p>\n","protected":false},"excerpt":{"rendered":"<p>Jundia\u00ed recebeu o Certificado de Munic\u00edpio parceiro do &#8220;Movimento Juntos pela Inclus\u00e3o, uma a\u00e7\u00e3o da Faz Educa\u00e7\u00e3o e Tecnologia em parceria com a Undime (Uni\u00e3o Nacional dos Dirigentes Municipais de Educa\u00e7\u00e3o), que entregou o selo \u00e0s 20 cidades mais engajadas ao movimento de Educa\u00e7\u00e3o Inclusiva. O certificado foi entregue por Paulo Assump\u00e7\u00e3o, da Faz Educa\u00e7\u00e3o [&hellip;]<\/p>\n","protected":false},"author":70,"featured_media":272945,"comment_status":"closed","ping_status":"closed","sticky":false,"template":"","format":"standard","meta":{"footnotes":""},"categories":[2],"tags":[6,1828,1061],"ods":[],"class_list":["post-272933","post","type-post","status-publish","format-standard","has-post-thumbnail","hentry","category-noticias","tag-educacao","tag-educacao-inclusiva","tag-escola-inovadora"],"_links":{"self":[{"href":"https:\/\/jundiai.sp.gov.br\/noticias\/wp-json\/wp\/v2\/posts\/272933","targetHints":{"allow":["GET"]}}],"collection":[{"href":"https:\/\/jundiai.sp.gov.br\/noticias\/wp-json\/wp\/v2\/posts"}],"about":[{"href":"https:\/\/jundiai.sp.gov.br\/noticias\/wp-json\/wp\/v2\/types\/post"}],"author":[{"embeddable":true,"href":"https:\/\/jundiai.sp.gov.br\/noticias\/wp-json\/wp\/v2\/users\/70"}],"replies":[{"embeddable":true,"href":"https:\/\/jundiai.sp.gov.br\/noticias\/wp-json\/wp\/v2\/comments?post=272933"}],"version-history":[{"count":14,"href":"https:\/\/jundiai.sp.gov.br\/noticias\/wp-json\/wp\/v2\/posts\/272933\/revisions"}],"predecessor-version":[{"id":273024,"href":"https:\/\/jundiai.sp.gov.br\/noticias\/wp-json\/wp\/v2\/posts\/272933\/revisions\/273024"}],"wp:featuredmedia":[{"embeddable":true,"href":"https:\/\/jundiai.sp.gov.br\/noticias\/wp-json\/wp\/v2\/media\/272945"}],"wp:attachment":[{"href":"https:\/\/jundiai.sp.gov.br\/noticias\/wp-json\/wp\/v2\/media?parent=272933"}],"wp:term":[{"taxonomy":"category","embeddable":true,"href":"https:\/\/jundiai.sp.gov.br\/noticias\/wp-json\/wp\/v2\/categories?post=272933"},{"taxonomy":"post_tag","embeddable":true,"href":"https:\/\/jundiai.sp.gov.br\/noticias\/wp-json\/wp\/v2\/tags?post=272933"},{"taxonomy":"ods","embeddable":true,"href":"https:\/\/jundiai.sp.gov.br\/noticias\/wp-json\/wp\/v2\/ods?post=272933"}],"curies":[{"name":"wp","href":"https:\/\/api.w.org\/{rel}","templated":true}]}}