{"id":273177,"date":"2021-07-29T15:02:53","date_gmt":"2021-07-29T18:02:53","guid":{"rendered":"https:\/\/jundiai.sp.gov.br\/noticias\/?p=273177"},"modified":"2021-07-29T15:02:53","modified_gmt":"2021-07-29T18:02:53","slug":"nova-ubs-santa-gertrudes-conforto-e-ampliacao-de-estrutura-para-a-populacao","status":"publish","type":"post","link":"https:\/\/jundiai.sp.gov.br\/noticias\/2021\/07\/29\/nova-ubs-santa-gertrudes-conforto-e-ampliacao-de-estrutura-para-a-populacao\/","title":{"rendered":"Nova UBS Santa Gertrudes: conforto e amplia\u00e7\u00e3o de estrutura para a popula\u00e7\u00e3o"},"content":{"rendered":"\n<p>Ambi\u00eancia, conforto e resolutividade: a Unidade B\u00e1sica de Sa\u00fade (UBS) Santa Gertrudes passa por reformas e adapta\u00e7\u00f5es para encaixar-se nos moldes de atendimento da Nova UBS, j\u00e1 adotados por outras unidades da Prefeitura de Jundia\u00ed, que prezam por estrutura f\u00edsica e ambi\u00eancia adequadas, acessibilidade, atendimentos humanizados com \u00eanfase no acolhimento. As obras foram iniciadas em mar\u00e7o de 2020 e o investimento para a constru\u00e7\u00e3o e implanta\u00e7\u00e3o de mobili\u00e1rio \u00e9 superior a R$ 900 mil.&nbsp;<\/p>\n\n\n\n<p>&#8220;Entre todas as obras que est\u00e3o sendo realizadas na \u00e1rea de Sa\u00fade, o investimento, neste ano, supera os R$ 2 milh\u00f5es. S\u00e3o obras que garantem qualidade, conforto e acessibilidade para a popula\u00e7\u00e3o. Os investimentos realizados ao longo dos \u00faltimos anos, propiciaram \u00e0 cidade, avan\u00e7ar durante a pandemia mantendo os atendimentos&#8221;, declara o prefeito Luiz Fernando Machado. <\/p>\n\n\n\n<figure class=\"wp-block-image size-large\"><img loading=\"lazy\" decoding=\"async\" width=\"1280\" height=\"853\" src=\"https:\/\/jundiai.sp.gov.br\/noticias\/wp-content\/uploads\/sites\/32\/2021\/07\/ubs-santa-gertrudes-73.jpg\" alt=\"\" class=\"wp-image-273264\" srcset=\"https:\/\/jundiai.sp.gov.br\/noticias\/wp-content\/uploads\/sites\/32\/2021\/07\/ubs-santa-gertrudes-73.jpg 1280w, https:\/\/jundiai.sp.gov.br\/noticias\/wp-content\/uploads\/sites\/32\/2021\/07\/ubs-santa-gertrudes-73-300x200.jpg 300w, https:\/\/jundiai.sp.gov.br\/noticias\/wp-content\/uploads\/sites\/32\/2021\/07\/ubs-santa-gertrudes-73-768x512.jpg 768w, https:\/\/jundiai.sp.gov.br\/noticias\/wp-content\/uploads\/sites\/32\/2021\/07\/ubs-santa-gertrudes-73-450x300.jpg 450w\" sizes=\"auto, (max-width: 1280px) 100vw, 1280px\" \/><figcaption>Nova UBS Santa Gertrudes recebeu amplia\u00e7\u00e3o de estrutura, com a cria\u00e7\u00e3o de novas \u00e1reas para atendimento e administra\u00e7\u00e3o<\/figcaption><\/figure>\n\n\n\n<p>A Nova UBS Santa Gertrudes contar\u00e1 com quatro novos banheiros, sendo dois para funcion\u00e1rios e dois para pacientes. Sala de ger\u00eancia, agentes e reuni\u00f5es, um almoxarifado, tr\u00eas consult\u00f3rios, sala de curativos e vacinas, sala de espera com 80 lugares e cobertura para ambul\u00e2ncias. Sem contar com as ferramentas Guardi\u00e3o da Sa\u00fade, totem automatizado cuja fun\u00e7\u00e3o \u00e9 registrar o feedback dos pacientes atendidos pelas Unidades B\u00e1sicas de Sa\u00fade, para que ajude a melhorar os atendimentos de seus profissionais e assim acolher melhor pacientes e usu\u00e1rios; e o Posso Ajudar, com um atendente qualificado que ajuda a sanar todas as d\u00favidas tamb\u00e9m dos pacientes.&nbsp;<\/p>\n\n\n\n<p>De acordo com a gerente de projetos da Unidade de Gest\u00e3o de Promo\u00e7\u00e3o da Sa\u00fade (UGPS), Grazziela Brandt, mais de 80% do contrato j\u00e1 foi realizado: &#8220;Foram executados cerca de 83% do contrato. A empresa est\u00e1 finalizando a \u00e1rea ampliada (cerca de 200m\u00b2), sendo que na segunda quinzena de agosto deve iniciar a reforma da edifica\u00e7\u00e3o existente. A Nova UBS Santa Gertrudes apresentar\u00e1 um equipamento novo, moderno e confort\u00e1vel para a popula\u00e7\u00e3o&#8221;. <\/p>\n\n\n\n<p><strong>Assessoria de Imprensa<br>Fotos: Fot\u00f3grafos PMJ<\/strong><\/p>\n","protected":false},"excerpt":{"rendered":"<p>Ambi\u00eancia, conforto e resolutividade: a Unidade B\u00e1sica de Sa\u00fade (UBS) Santa Gertrudes passa por reformas e adapta\u00e7\u00f5es para encaixar-se nos moldes de atendimento da Nova UBS, j\u00e1 adotados por outras unidades da Prefeitura de Jundia\u00ed, que prezam por estrutura f\u00edsica e ambi\u00eancia adequadas, acessibilidade, atendimentos humanizados com \u00eanfase no acolhimento. As obras foram iniciadas em [&hellip;]<\/p>\n","protected":false},"author":39,"featured_media":273288,"comment_status":"closed","ping_status":"closed","sticky":false,"template":"","format":"standard","meta":{"footnotes":""},"categories":[2],"tags":[1138,1073,981],"ods":[],"class_list":["post-273177","post","type-post","status-publish","format-standard","has-post-thumbnail","hentry","category-noticias","tag-guardiao-da-saude","tag-nova-ubs","tag-promocao-da-saude"],"_links":{"self":[{"href":"https:\/\/jundiai.sp.gov.br\/noticias\/wp-json\/wp\/v2\/posts\/273177","targetHints":{"allow":["GET"]}}],"collection":[{"href":"https:\/\/jundiai.sp.gov.br\/noticias\/wp-json\/wp\/v2\/posts"}],"about":[{"href":"https:\/\/jundiai.sp.gov.br\/noticias\/wp-json\/wp\/v2\/types\/post"}],"author":[{"embeddable":true,"href":"https:\/\/jundiai.sp.gov.br\/noticias\/wp-json\/wp\/v2\/users\/39"}],"replies":[{"embeddable":true,"href":"https:\/\/jundiai.sp.gov.br\/noticias\/wp-json\/wp\/v2\/comments?post=273177"}],"version-history":[{"count":7,"href":"https:\/\/jundiai.sp.gov.br\/noticias\/wp-json\/wp\/v2\/posts\/273177\/revisions"}],"predecessor-version":[{"id":273289,"href":"https:\/\/jundiai.sp.gov.br\/noticias\/wp-json\/wp\/v2\/posts\/273177\/revisions\/273289"}],"wp:featuredmedia":[{"embeddable":true,"href":"https:\/\/jundiai.sp.gov.br\/noticias\/wp-json\/wp\/v2\/media\/273288"}],"wp:attachment":[{"href":"https:\/\/jundiai.sp.gov.br\/noticias\/wp-json\/wp\/v2\/media?parent=273177"}],"wp:term":[{"taxonomy":"category","embeddable":true,"href":"https:\/\/jundiai.sp.gov.br\/noticias\/wp-json\/wp\/v2\/categories?post=273177"},{"taxonomy":"post_tag","embeddable":true,"href":"https:\/\/jundiai.sp.gov.br\/noticias\/wp-json\/wp\/v2\/tags?post=273177"},{"taxonomy":"ods","embeddable":true,"href":"https:\/\/jundiai.sp.gov.br\/noticias\/wp-json\/wp\/v2\/ods?post=273177"}],"curies":[{"name":"wp","href":"https:\/\/api.w.org\/{rel}","templated":true}]}}