{"id":273454,"date":"2021-08-02T18:07:45","date_gmt":"2021-08-02T21:07:45","guid":{"rendered":"https:\/\/jundiai.sp.gov.br\/noticias\/?p=273454"},"modified":"2021-08-02T18:07:45","modified_gmt":"2021-08-02T21:07:45","slug":"reducao-de-casos-covid-19-em-jundiai-libera-atendimento-em-nova-ubs-jardim-do-lago","status":"publish","type":"post","link":"https:\/\/jundiai.sp.gov.br\/noticias\/2021\/08\/02\/reducao-de-casos-covid-19-em-jundiai-libera-atendimento-em-nova-ubs-jardim-do-lago\/","title":{"rendered":"Redu\u00e7\u00e3o de casos COVID-19 em Jundia\u00ed libera atendimento em Nova UBS Jardim do Lago"},"content":{"rendered":"\n<p>Ap\u00f3s mais de um ano dedicado ao atendimento exclusivo aos casos suspeitos de COVID-19, sendo Unidade Sentinela, a Nova UBS Jardim do Lago ser\u00e1 entregue \u00e0 popula\u00e7\u00e3o no pr\u00f3ximo dia 09 para o atendimento dos mais de 15 mil moradores referenciados ao servi\u00e7o de Aten\u00e7\u00e3o B\u00e1sica. A transi\u00e7\u00e3o \u00e9 poss\u00edvel a partir do cen\u00e1rio de redu\u00e7\u00e3o dos casos de COVID-19, com queda sustentada h\u00e1 seis semanas consecutivas nos indicadores da pandemia. A cidade ainda mant\u00e9m equipamentos para atendimento aos casos suspeitos de COVID-19, para garantir a qualidade dos servi\u00e7os e agilidade no cuidado \u00e0 popula\u00e7\u00e3o. <\/p>\n\n\n\n<p>&#8220;Jundia\u00ed elaborou um plano de a\u00e7\u00e3o de combate \u00e0 pandemia antes de o v\u00edrus come\u00e7ar a circular na cidade, oferecendo atendimento r\u00e1pido para os casos suspeitos, testagem e monitoramento bem como interna\u00e7\u00e3o para os casos que necessitaram de acompanhamento intensivo hospitalar. Com a redu\u00e7\u00e3o no n\u00famero de casos, derivado do avan\u00e7o da vacina\u00e7\u00e3o na cidade, \u00e9 poss\u00edvel avan\u00e7ar com o Plano P\u00f3s-COVID-19. A entrega da Nova UBS Jardim do Lago era um anseio grande da popula\u00e7\u00e3o da regi\u00e3o Sul&#8221;, comenta o prefeito Luiz Fernando Machado.<\/p>\n\n\n\n<p>O pr\u00e9dio conta com mais de 500 metros quadrados de \u00e1rea constru\u00edda, com consult\u00f3rios, salas odontol\u00f3gicas, completa estrutura para equipe administrativa, amplo espa\u00e7o de recep\u00e7\u00e3o, acessibilidade e espa\u00e7o atendimento de urg\u00eancia e emerg\u00eancia e entrada de viatura do Servi\u00e7o de Atendimento M\u00f3vel de Urg\u00eancia (SAMU). Na compara\u00e7\u00e3o com o antigo pr\u00e9dio utilizado para o atendimento no bairro, a estrutura est\u00e1 duplicada.<\/p>\n\n\n\n<p>A Nova UBS Jardim do Lago atender\u00e1 no modelo de Estrat\u00e9gia de Sa\u00fade da Fam\u00edlia (ESF) com acolhimento, humaniza\u00e7\u00e3o e ambi\u00eancia, al\u00e9m dos programas Guardi\u00e3o da Sa\u00fade e Posso Ajudar. Ser\u00e3o tr\u00eas equipes ESF (m\u00e9dico, enfermeiro, dentista, auxiliar de sa\u00fade bucal, farmac\u00eautico, t\u00e9cnicos de enfermagem, agentes comunit\u00e1rios de sa\u00fade e equipe NASF). Al\u00e9m da melhoria estrutural, outro grande ganho \u00e0 popula\u00e7\u00e3o ser\u00e1 o atendimento em terceiro turno, ou seja, das 7h \u00e0s 19h, e consult\u00f3rio odontol\u00f3gico. No antigo endere\u00e7o n\u00e3o havia espa\u00e7o para a oferta do card\u00e1pio completo da rede de Sa\u00fade de Jundia\u00ed. H\u00e1 a amplia\u00e7\u00e3o em 25% na oferta de horas m\u00e9dicas (de 96h para 120h semanais) e no m\u00ednimo 40 horas de atendimento odontol\u00f3gico que era referenciado.<\/p>\n\n\n\n<figure class=\"wp-block-image size-large\"><img loading=\"lazy\" decoding=\"async\" width=\"1280\" height=\"853\" src=\"https:\/\/jundiai.sp.gov.br\/noticias\/wp-content\/uploads\/sites\/32\/2021\/08\/atendimento-medico-ubs-jardim-do-lago_c_-8.jpg\" alt=\"\" class=\"wp-image-273532\" srcset=\"https:\/\/jundiai.sp.gov.br\/noticias\/wp-content\/uploads\/sites\/32\/2021\/08\/atendimento-medico-ubs-jardim-do-lago_c_-8.jpg 1280w, https:\/\/jundiai.sp.gov.br\/noticias\/wp-content\/uploads\/sites\/32\/2021\/08\/atendimento-medico-ubs-jardim-do-lago_c_-8-300x200.jpg 300w, https:\/\/jundiai.sp.gov.br\/noticias\/wp-content\/uploads\/sites\/32\/2021\/08\/atendimento-medico-ubs-jardim-do-lago_c_-8-768x512.jpg 768w, https:\/\/jundiai.sp.gov.br\/noticias\/wp-content\/uploads\/sites\/32\/2021\/08\/atendimento-medico-ubs-jardim-do-lago_c_-8-450x300.jpg 450w\" sizes=\"auto, (max-width: 1280px) 100vw, 1280px\" \/><figcaption>Nova UBS Jardim do Lago retoma atendimento \u00e0 popula\u00e7\u00e3o em Aten\u00e7\u00e3o B\u00e1sica, a partir de 09 de agosto<\/figcaption><\/figure>\n\n\n\n<p><strong>Plano P\u00f3s-COVID-19<\/strong><\/p>\n\n\n\n<p>As primeiras a\u00e7\u00f5es de retomada foram marcadas pela redu\u00e7\u00e3o no n\u00famero de leitos exclusivos para tratamento COVID-19 no Hospital S\u00e3o Vicente de Paulo (HSV). Somente no m\u00eas de julho foram registradas seis redu\u00e7\u00f5es sequenciais no n\u00famero de leitos dedicados aos casos derivados da pandemia. Em um m\u00eas, Jundia\u00ed apresenta redu\u00e7\u00e3o no n\u00famero de casos de COVID-19 foi de 1.135 semanal, na primeira semana de julho, para 877 na \u00faltima semana do m\u00eas, e redu\u00e7\u00e3o de 47,4% em atendimentos de s\u00edndrome gripal entre meados de junho (3.507 para 1.845 na \u00faltima semana). As interna\u00e7\u00f5es tiveram redu\u00e7\u00e3o de 44% (de 249 interna\u00e7\u00f5es em m\u00e9dia m\u00f3vel semanal em in\u00edcio de julho para 139 em m\u00e9dia m\u00f3vel na \u00faltima semana de julho).<\/p>\n\n\n\n<p>Com a tend\u00eancia de estabiliza\u00e7\u00e3o e queda no n\u00famero de casos, \u00e9 poss\u00edvel encerrar o atendimento dedicado da Unidade Sentinela Jardim do Lago, que, ao longo de um ano, realizou o atendimento de 16 mil pessoas com s\u00edndrome gripal. Nas \u00faltimas semanas, o atendimento na unidade teve redu\u00e7\u00e3o de 53% em rela\u00e7\u00e3o ao pico de atendimento (633 pessoas em uma semana) com a \u00faltima semana, 293 pessoas em uma semana. <\/p>\n\n\n\n<p>A rede continuar\u00e1 com servi\u00e7os espec\u00edficos para o atendimento da popula\u00e7\u00e3o com sintomas gripais. O mesmo escopo de atendimento que era realizado pela antiga Unidade Sentinela Jardim do Lago, ser\u00e1 oferecido pelo Pronto Atendimento Exclusivo COVID-19 Hortol\u00e2ndia, com atendimento adulto e, a partir do dia 9 de agosto com atendimento infantil, diariamente, das 7h \u00e0s 19h. Confira a rede completa para atendimento:<br><br><strong>Unidade Sentinela Cl\u00ednica da Fam\u00edlia\/UPA Vetor Oeste &#8211; Adulto e Infantil<br><\/strong>Endere\u00e7o: Av. Presb\u00edtero Manoel Ant\u00f4nio Dias Filho, 1558 &#8211; Parque Res. Jundia\u00ed<br>Hor\u00e1rio: diariamente, 24h <\/p>\n\n\n\n<p><strong><u>Pronto Atendimento Coronav\u00edrus Hortol\u00e2ndia (Creche do Idoso)- Adulto e Infantil<br><\/u><\/strong>Endere\u00e7o: Av. Alexandre Ludke, 780, Cidade Administrativa<br>Hor\u00e1rio: diariamente,\u00a0das 7h \u00e0s 19h<\/p>\n\n\n\n<p><strong><u>Pronto Socorro Hospital Universit\u00e1rio (HU) \u2013 Infantil<\/u><\/strong><br>Endere\u00e7o: Pra\u00e7a Rotat\u00f3ria, s\/n \u2013 Jardim Messina<br>Hor\u00e1rio: diariamente, 24h<\/p>\n\n\n\n<p><strong>Pronto Atendimento Central &#8211; Adulto<br><\/strong>Endere\u00e7o: R. Jo\u00e3o Lopes, 78 \u2013 Pra\u00e7a Dom Pedro II.<br>Hor\u00e1rio: diariamente,\u00a0 24h<\/p>\n\n\n\n<p><strong>Assessoria de Imprensa<br>Fotos: Fot\u00f3grafos PMJ<\/strong><\/p>\n","protected":false},"excerpt":{"rendered":"<p>Ap\u00f3s mais de um ano dedicado ao atendimento exclusivo aos casos suspeitos de COVID-19, sendo Unidade Sentinela, a Nova UBS Jardim do Lago ser\u00e1 entregue \u00e0 popula\u00e7\u00e3o no pr\u00f3ximo dia 09 para o atendimento dos mais de 15 mil moradores referenciados ao servi\u00e7o de Aten\u00e7\u00e3o B\u00e1sica. A transi\u00e7\u00e3o \u00e9 poss\u00edvel a partir do cen\u00e1rio de [&hellip;]<\/p>\n","protected":false},"author":39,"featured_media":273534,"comment_status":"closed","ping_status":"closed","sticky":false,"template":"","format":"standard","meta":{"footnotes":""},"categories":[2],"tags":[1500,1176,981],"ods":[],"class_list":["post-273454","post","type-post","status-publish","format-standard","has-post-thumbnail","hentry","category-noticias","tag-coronavirus","tag-prefeito-luiz-fernando-machado","tag-promocao-da-saude"],"_links":{"self":[{"href":"https:\/\/jundiai.sp.gov.br\/noticias\/wp-json\/wp\/v2\/posts\/273454","targetHints":{"allow":["GET"]}}],"collection":[{"href":"https:\/\/jundiai.sp.gov.br\/noticias\/wp-json\/wp\/v2\/posts"}],"about":[{"href":"https:\/\/jundiai.sp.gov.br\/noticias\/wp-json\/wp\/v2\/types\/post"}],"author":[{"embeddable":true,"href":"https:\/\/jundiai.sp.gov.br\/noticias\/wp-json\/wp\/v2\/users\/39"}],"replies":[{"embeddable":true,"href":"https:\/\/jundiai.sp.gov.br\/noticias\/wp-json\/wp\/v2\/comments?post=273454"}],"version-history":[{"count":22,"href":"https:\/\/jundiai.sp.gov.br\/noticias\/wp-json\/wp\/v2\/posts\/273454\/revisions"}],"predecessor-version":[{"id":273533,"href":"https:\/\/jundiai.sp.gov.br\/noticias\/wp-json\/wp\/v2\/posts\/273454\/revisions\/273533"}],"wp:featuredmedia":[{"embeddable":true,"href":"https:\/\/jundiai.sp.gov.br\/noticias\/wp-json\/wp\/v2\/media\/273534"}],"wp:attachment":[{"href":"https:\/\/jundiai.sp.gov.br\/noticias\/wp-json\/wp\/v2\/media?parent=273454"}],"wp:term":[{"taxonomy":"category","embeddable":true,"href":"https:\/\/jundiai.sp.gov.br\/noticias\/wp-json\/wp\/v2\/categories?post=273454"},{"taxonomy":"post_tag","embeddable":true,"href":"https:\/\/jundiai.sp.gov.br\/noticias\/wp-json\/wp\/v2\/tags?post=273454"},{"taxonomy":"ods","embeddable":true,"href":"https:\/\/jundiai.sp.gov.br\/noticias\/wp-json\/wp\/v2\/ods?post=273454"}],"curies":[{"name":"wp","href":"https:\/\/api.w.org\/{rel}","templated":true}]}}