{"id":274158,"date":"2021-08-12T18:17:24","date_gmt":"2021-08-12T21:17:24","guid":{"rendered":"https:\/\/jundiai.sp.gov.br\/noticias\/?p=274158"},"modified":"2021-08-12T18:17:24","modified_gmt":"2021-08-12T21:17:24","slug":"duas-novas-motocicletas-irao-reforcar-a-frota-da-guarda-municipal","status":"publish","type":"post","link":"https:\/\/jundiai.sp.gov.br\/noticias\/2021\/08\/12\/duas-novas-motocicletas-irao-reforcar-a-frota-da-guarda-municipal\/","title":{"rendered":"Duas novas motocicletas ir\u00e3o refor\u00e7ar a frota da Guarda Municipal"},"content":{"rendered":"\n<p>A frota de viaturas da Guarda Municipal de Jundia\u00ed (GMJ) ganhou refor\u00e7o com a chegada de duas novas motocicletas. Os ve\u00edculos foram destinados \u00e0 corpora\u00e7\u00e3o a partir de emenda parlamentar da deputada federal K\u00e1tia Sastre (PL-SP), de mar\u00e7o deste ano.<\/p>\n\n\n\n<p>Somente em 2020, foram investidos na GMJ R$ 3,5 milh\u00f5es para a aquisi\u00e7\u00e3o de 27 novas viaturas para o patrulhamento em Jundia\u00ed. Duas delas foram para a Divis\u00e3o Florestal e outras 12 viaturas s\u00e3o esperadas para os pr\u00f3ximos meses, completando o projeto de moderniza\u00e7\u00e3o da frota. Atualmente a corpora\u00e7\u00e3o conta com 52 viaturas.<\/p>\n\n\n\n<p>\u201cAs motos, de modelo Kawasaki 300cc, j\u00e1 est\u00e3o emplacadas e configuradas com os padr\u00f5es de layout e sinaliza\u00e7\u00e3o. Teremos mais equipes nas ruas, auxiliando as viaturas nos quatro cantos da cidade\u201d, comenta o comandante da GMJ, Benedito Marcos Moreno.<\/p>\n\n\n\n<p>A gestora da Unidade de Gest\u00e3o de Seguran\u00e7a Municipal (UGSM), coronel Carla Basson, destacou a moderniza\u00e7\u00e3o da frota de viaturas da corpora\u00e7\u00e3o. \u201cEstamos fortalecendo a seguran\u00e7a com a\u00e7\u00f5es conjuntas em toda a cidade. A moderniza\u00e7\u00e3o da nossa frota \u00e9 primordial para que tenhamos qualidade no trabalho e consequentemente uma r\u00e1pida resposta para a sociedade\u201d.<\/p>\n\n\n\n<figure class=\"wp-block-image size-large\"><img loading=\"lazy\" decoding=\"async\" width=\"1280\" height=\"853\" src=\"https:\/\/jundiai.sp.gov.br\/noticias\/wp-content\/uploads\/sites\/32\/2021\/08\/motos_gmj.jpg\" alt=\"Dois homens com uniformes policiais com m\u00e1scaras e capacetes sobre motos com identidade visual da corpora\u00e7\u00e3o policial\" class=\"wp-image-274163\" srcset=\"https:\/\/jundiai.sp.gov.br\/noticias\/wp-content\/uploads\/sites\/32\/2021\/08\/motos_gmj.jpg 1280w, https:\/\/jundiai.sp.gov.br\/noticias\/wp-content\/uploads\/sites\/32\/2021\/08\/motos_gmj-300x200.jpg 300w, https:\/\/jundiai.sp.gov.br\/noticias\/wp-content\/uploads\/sites\/32\/2021\/08\/motos_gmj-768x512.jpg 768w, https:\/\/jundiai.sp.gov.br\/noticias\/wp-content\/uploads\/sites\/32\/2021\/08\/motos_gmj-450x300.jpg 450w\" sizes=\"auto, (max-width: 1280px) 100vw, 1280px\" \/><figcaption>Novas motocicletas refor\u00e7am a renova\u00e7\u00e3o de frotas da corpora\u00e7\u00e3o<\/figcaption><\/figure>\n\n\n\n<p>Em maio, duas novas bases m\u00f3veis foram adquiridas com recursos de Emenda Parlamentar de 2019 do ent\u00e3o deputado federal Miguel Haddad, e passaram a refor\u00e7ar a frota de ve\u00edculos da corpora\u00e7\u00e3o. A Emenda, no valor de R$ 2 milh\u00f5es, era destinada para investimentos na \u00e1rea de seguran\u00e7a e garantiu ainda a aquisi\u00e7\u00e3o de ve\u00edculos, novas c\u00e2meras e armamentos para a corpora\u00e7\u00e3o. A entrega foi feita pelo Prefeito Luiz Fernando Machado, o vice-prefeito Gustavo Martinelli, o ex-deputado Miguel Haddad al\u00e9m de vereadores e gestores<\/p>\n\n\n\n<p><strong>Assessoria de Imprensa<br>Foto: Fot\u00f3grafos PMJ<\/strong><\/p>\n","protected":false},"excerpt":{"rendered":"<p>A frota de viaturas da Guarda Municipal de Jundia\u00ed (GMJ) ganhou refor\u00e7o com a chegada de duas novas motocicletas. Os ve\u00edculos foram destinados \u00e0 corpora\u00e7\u00e3o a partir de emenda parlamentar da deputada federal K\u00e1tia Sastre (PL-SP), de mar\u00e7o deste ano. Somente em 2020, foram investidos na GMJ R$ 3,5 milh\u00f5es para a aquisi\u00e7\u00e3o de 27 [&hellip;]<\/p>\n","protected":false},"author":14,"featured_media":0,"comment_status":"closed","ping_status":"closed","sticky":false,"template":"","format":"standard","meta":{"footnotes":""},"categories":[2],"tags":[31,948],"ods":[],"class_list":["post-274158","post","type-post","status-publish","format-standard","hentry","category-noticias","tag-guarda-municipal","tag-seguranca-municipal"],"_links":{"self":[{"href":"https:\/\/jundiai.sp.gov.br\/noticias\/wp-json\/wp\/v2\/posts\/274158","targetHints":{"allow":["GET"]}}],"collection":[{"href":"https:\/\/jundiai.sp.gov.br\/noticias\/wp-json\/wp\/v2\/posts"}],"about":[{"href":"https:\/\/jundiai.sp.gov.br\/noticias\/wp-json\/wp\/v2\/types\/post"}],"author":[{"embeddable":true,"href":"https:\/\/jundiai.sp.gov.br\/noticias\/wp-json\/wp\/v2\/users\/14"}],"replies":[{"embeddable":true,"href":"https:\/\/jundiai.sp.gov.br\/noticias\/wp-json\/wp\/v2\/comments?post=274158"}],"version-history":[{"count":3,"href":"https:\/\/jundiai.sp.gov.br\/noticias\/wp-json\/wp\/v2\/posts\/274158\/revisions"}],"predecessor-version":[{"id":274170,"href":"https:\/\/jundiai.sp.gov.br\/noticias\/wp-json\/wp\/v2\/posts\/274158\/revisions\/274170"}],"wp:attachment":[{"href":"https:\/\/jundiai.sp.gov.br\/noticias\/wp-json\/wp\/v2\/media?parent=274158"}],"wp:term":[{"taxonomy":"category","embeddable":true,"href":"https:\/\/jundiai.sp.gov.br\/noticias\/wp-json\/wp\/v2\/categories?post=274158"},{"taxonomy":"post_tag","embeddable":true,"href":"https:\/\/jundiai.sp.gov.br\/noticias\/wp-json\/wp\/v2\/tags?post=274158"},{"taxonomy":"ods","embeddable":true,"href":"https:\/\/jundiai.sp.gov.br\/noticias\/wp-json\/wp\/v2\/ods?post=274158"}],"curies":[{"name":"wp","href":"https:\/\/api.w.org\/{rel}","templated":true}]}}