{"id":274513,"date":"2021-08-19T09:20:59","date_gmt":"2021-08-19T12:20:59","guid":{"rendered":"https:\/\/jundiai.sp.gov.br\/noticias\/?p=274513"},"modified":"2021-08-19T09:20:59","modified_gmt":"2021-08-19T12:20:59","slug":"prefeitura-apresenta-planejamento-ppa-para-a-cidade-para-os-proximos-4-anos-em-audiencia-publica","status":"publish","type":"post","link":"https:\/\/jundiai.sp.gov.br\/noticias\/2021\/08\/19\/prefeitura-apresenta-planejamento-ppa-para-a-cidade-para-os-proximos-4-anos-em-audiencia-publica\/","title":{"rendered":"Prefeitura apresenta planejamento (PPA) para a cidade para os pr\u00f3ximos 4 anos em audi\u00eancia p\u00fablica"},"content":{"rendered":"\n<p>A Prefeitura de Jundia\u00ed, por meio da Unidade de Gest\u00e3o de Governo e Finan\u00e7as, realizou uma audi\u00eancia p\u00fablica on-line para apresentar o Plano Plurianual (PPA) 2022-2025 na noite desta quarta-feira (18). O PPA \u00e9 um documento que define as diretrizes e o plano de a\u00e7\u00e3o do governo, bem como suas prioridades, para um per\u00edodo de quatro anos de gest\u00e3o. A audi\u00eancia foi transmitida ao vivo nas redes sociais da Prefeitura e da TVTEC.<\/p>\n\n\n\n<figure class=\"wp-block-image size-large\"><img loading=\"lazy\" decoding=\"async\" width=\"1280\" height=\"854\" src=\"https:\/\/jundiai.sp.gov.br\/noticias\/wp-content\/uploads\/sites\/32\/2021\/08\/live-ppa-tvtec-28.jpg\" alt=\"Jos\u00e9 Antonio Parimoschi nos est\u00fadios da TVTEC\" class=\"wp-image-274514\" srcset=\"https:\/\/jundiai.sp.gov.br\/noticias\/wp-content\/uploads\/sites\/32\/2021\/08\/live-ppa-tvtec-28.jpg 1280w, https:\/\/jundiai.sp.gov.br\/noticias\/wp-content\/uploads\/sites\/32\/2021\/08\/live-ppa-tvtec-28-300x200.jpg 300w, https:\/\/jundiai.sp.gov.br\/noticias\/wp-content\/uploads\/sites\/32\/2021\/08\/live-ppa-tvtec-28-768x512.jpg 768w, https:\/\/jundiai.sp.gov.br\/noticias\/wp-content\/uploads\/sites\/32\/2021\/08\/live-ppa-tvtec-28-450x300.jpg 450w\" sizes=\"auto, (max-width: 1280px) 100vw, 1280px\" \/><figcaption>Parimoschi nos est\u00fadios da TVTEC durante audi\u00eancia p\u00fablica, na noite desta quarta (18)<\/figcaption><\/figure>\n\n\n\n<p>\u201cO PPA d\u00e1 o norte aos nossos investimentos em pol\u00edticas p\u00fablicas para os pr\u00f3ximos anos e em todo seu processo contamos com a participa\u00e7\u00e3o popular, como 643 contribui\u00e7\u00f5es recebidas pela internet, mil entrevistas feitas por telefone, 11 encontros virtuais com grupos focais, al\u00e9m de utilizar ferramentas importantes como esta audi\u00eancia p\u00fablica, que \u00e9 a segunda que fazemos este ano sobre o plano\u201d, explicou o gestor de Governo e Finan\u00e7as, Jos\u00e9 Antonio Parimoschi. \u201cJundia\u00ed se destaca no cen\u00e1rio estadual e nacional porque consegue tirar do papel projetos que trazem benef\u00edcios para a vida das pessoas, e isso continua sendo o foco de nosso trabalho para o futuro.\u201d<\/p>\n\n\n\n<p>Como lembrou o diretor de Planejamento e Governan\u00e7a, Fernando Luis Polo, cada unidade de gest\u00e3o municipal fez um diagn\u00f3stico de seus problemas e necessidades de avan\u00e7o para o desenho da pol\u00edtica p\u00fablica que passa a compor o PPA. \u201c\u00c9 essencial observar os recursos, pois eles s\u00e3o limitados\u201d, declarou o diretor. \u201cO que torna nosso desafio ainda maior para a prepara\u00e7\u00e3o desse plano.\u201d Polo tamb\u00e9m citou os tr\u00eas pilares fundamentais para a realiza\u00e7\u00e3o do PPA: Modelo de Gest\u00e3o Inovador, Observ\u00e2ncia das Diretrizes e Equil\u00edbrio Financeiro e Or\u00e7ament\u00e1rio.<\/p>\n\n\n\n<p>Todos os programas de governo de Jundia\u00ed, contidos no PPA, est\u00e3o alinhados aos ODSs (Objetivos de Desenvolvimento Sustent\u00e1vel), da Agenda 2030 da ONU (Organiza\u00e7\u00e3o das Na\u00e7\u00f5es Unidas). O valor total estimado do plano para os pr\u00f3ximos quatro anos \u00e9 de R$ 13,1 bilh\u00f5es.<\/p>\n\n\n\n<p>Durante a audi\u00eancia p\u00fablica, d\u00favidas enviadas por e-mail e nos coment\u00e1rios nas redes sociais foram sanadas em tempo real por todos os gestores municipais, que participaram de maneira on-line e falaram sobre investimentos em Sa\u00fade, Educa\u00e7\u00e3o, Esporte, Seguran\u00e7a Municipal, Obras, Desenvolvimento Econ\u00f4mico, Desenvolvimento Social e no conceito Cidade das Crian\u00e7as. Foram apresentadas d\u00favidas sobre tratamento os reflexos da covid na sa\u00fade mental por exemplo, telemedicina, revitaliza\u00e7\u00e3o de \u00e1reas p\u00fablicas para aulas ao ar livre e pr\u00e1ticas esportivas (incluindo centros esportivos que j\u00e1 est\u00e3o passando por melhorias), constru\u00e7\u00e3o de nova escola no Vetor Oeste, investimentos em assist\u00eancia social, entre outras.<\/p>\n\n\n\n<p><strong>Cen\u00e1rio nacional e local<br><\/strong>Parimoschi apresentou um panorama da economia nacional e municipal e, com ele, o desafio da administra\u00e7\u00e3o p\u00fablica frente a in\u00fameras vari\u00e1veis. O gestor de Governo e Finan\u00e7as lembrou que os n\u00fameros atuais da economia brasileira n\u00e3o s\u00e3o animadores, como alto desemprego (14,6% no pa\u00eds) e aumento t\u00edmido do PIB (Produto Interno Bruto) se levado em conta a queda registrada no ano anterior.<\/p>\n\n\n\n<figure class=\"wp-block-image size-large\"><img loading=\"lazy\" decoding=\"async\" width=\"995\" height=\"535\" src=\"https:\/\/jundiai.sp.gov.br\/noticias\/wp-content\/uploads\/sites\/32\/2021\/08\/aud-ppa4-1.jpg\" alt=\"Reprodu\u00e7\u00e3o de tela da audi\u00eancia p\u00fablica\" class=\"wp-image-274515\" srcset=\"https:\/\/jundiai.sp.gov.br\/noticias\/wp-content\/uploads\/sites\/32\/2021\/08\/aud-ppa4-1.jpg 995w, https:\/\/jundiai.sp.gov.br\/noticias\/wp-content\/uploads\/sites\/32\/2021\/08\/aud-ppa4-1-300x161.jpg 300w, https:\/\/jundiai.sp.gov.br\/noticias\/wp-content\/uploads\/sites\/32\/2021\/08\/aud-ppa4-1-768x413.jpg 768w\" sizes=\"auto, (max-width: 995px) 100vw, 995px\" \/><figcaption>Dados nacionais (acima) e locais foram apresentados e s\u00e3o levados em conta na constru\u00e7\u00e3o do PPA<\/figcaption><\/figure>\n\n\n\n<p>Al\u00e9m do PIB e do desemprego, foram citadas a infla\u00e7\u00e3o e a taxa de juros. \u201cNa elabora\u00e7\u00e3o de um plano para os pr\u00f3ximos anos, n\u00e3o podemos deixar de levar em conta os principais indicadores da economia nacional, que afetam a qualidade do planejamento\u201d, observou Parimoschi, que tamb\u00e9m lembrou outros desafios pela frente, como o aumento da procura pela escola p\u00fablica e pela rede p\u00fablica de Sa\u00fade, al\u00e9m de quest\u00f5es previdenci\u00e1rias.<\/p>\n\n\n\n<p>\u201cA despeito de tudo isso, devemos lembrar que Jundia\u00ed \u00e9 uma pot\u00eancia, a s\u00e9tima economia do Estado, a 17\u00aa do Brasil, e, aliada a uma boa gest\u00e3o, uma cidade que tem todas as condi\u00e7\u00f5es para continuar se desenvolvendo e entregando servi\u00e7os de qualidade para a popula\u00e7\u00e3o\u201d, finalizou o gestor.<\/p>\n\n\n\n<p>Todas as informa\u00e7\u00f5es sobre o Plano Plurianual podem ser consultadas em <a href=\"https:\/\/jundiai.sp.gov.br\/ppa\/\" data-type=\"URL\" data-id=\"https:\/\/jundiai.sp.gov.br\/ppa\/\" target=\"_blank\" rel=\"noreferrer noopener\">site<\/a> e no Portal da Transpar\u00eancia. O PPA ser\u00e1 encaminhado \u00e0 C\u00e2mara Municipal em 31 de agosto, onde ser\u00e1 votado pelos vereadores.<\/p>\n\n\n\n<p><strong>Assessoria de Imprensa<br>Foto: fot\u00f3grafo PMJ<\/strong><\/p>\n","protected":false},"excerpt":{"rendered":"<p>A Prefeitura de Jundia\u00ed, por meio da Unidade de Gest\u00e3o de Governo e Finan\u00e7as, realizou uma audi\u00eancia p\u00fablica on-line para apresentar o Plano Plurianual (PPA) 2022-2025 na noite desta quarta-feira (18). O PPA \u00e9 um documento que define as diretrizes e o plano de a\u00e7\u00e3o do governo, bem como suas prioridades, para um per\u00edodo de [&hellip;]<\/p>\n","protected":false},"author":71,"featured_media":274514,"comment_status":"closed","ping_status":"closed","sticky":false,"template":"","format":"standard","meta":{"footnotes":""},"categories":[2],"tags":[1716,1535,1883,1882],"ods":[],"class_list":["post-274513","post","type-post","status-publish","format-standard","has-post-thumbnail","hentry","category-noticias","tag-audiencia-publica","tag-economia","tag-plano-plurianual-ppa-2022-2025","tag-ppa"],"_links":{"self":[{"href":"https:\/\/jundiai.sp.gov.br\/noticias\/wp-json\/wp\/v2\/posts\/274513","targetHints":{"allow":["GET"]}}],"collection":[{"href":"https:\/\/jundiai.sp.gov.br\/noticias\/wp-json\/wp\/v2\/posts"}],"about":[{"href":"https:\/\/jundiai.sp.gov.br\/noticias\/wp-json\/wp\/v2\/types\/post"}],"author":[{"embeddable":true,"href":"https:\/\/jundiai.sp.gov.br\/noticias\/wp-json\/wp\/v2\/users\/71"}],"replies":[{"embeddable":true,"href":"https:\/\/jundiai.sp.gov.br\/noticias\/wp-json\/wp\/v2\/comments?post=274513"}],"version-history":[{"count":2,"href":"https:\/\/jundiai.sp.gov.br\/noticias\/wp-json\/wp\/v2\/posts\/274513\/revisions"}],"predecessor-version":[{"id":274517,"href":"https:\/\/jundiai.sp.gov.br\/noticias\/wp-json\/wp\/v2\/posts\/274513\/revisions\/274517"}],"wp:featuredmedia":[{"embeddable":true,"href":"https:\/\/jundiai.sp.gov.br\/noticias\/wp-json\/wp\/v2\/media\/274514"}],"wp:attachment":[{"href":"https:\/\/jundiai.sp.gov.br\/noticias\/wp-json\/wp\/v2\/media?parent=274513"}],"wp:term":[{"taxonomy":"category","embeddable":true,"href":"https:\/\/jundiai.sp.gov.br\/noticias\/wp-json\/wp\/v2\/categories?post=274513"},{"taxonomy":"post_tag","embeddable":true,"href":"https:\/\/jundiai.sp.gov.br\/noticias\/wp-json\/wp\/v2\/tags?post=274513"},{"taxonomy":"ods","embeddable":true,"href":"https:\/\/jundiai.sp.gov.br\/noticias\/wp-json\/wp\/v2\/ods?post=274513"}],"curies":[{"name":"wp","href":"https:\/\/api.w.org\/{rel}","templated":true}]}}