{"id":274970,"date":"2021-08-25T19:20:35","date_gmt":"2021-08-25T22:20:35","guid":{"rendered":"https:\/\/jundiai.sp.gov.br\/noticias\/?p=274970"},"modified":"2021-08-25T19:20:35","modified_gmt":"2021-08-25T22:20:35","slug":"mensagens-sobre-a-importancia-do-cuidado-com-a-infancia-iluminam-e-dao-cores-a-ponte-torta","status":"publish","type":"post","link":"https:\/\/jundiai.sp.gov.br\/noticias\/2021\/08\/25\/mensagens-sobre-a-importancia-do-cuidado-com-a-infancia-iluminam-e-dao-cores-a-ponte-torta\/","title":{"rendered":"Mensagens sobre a import\u00e2ncia do cuidado com a Inf\u00e2ncia iluminam e d\u00e3o cores \u00e0 Ponte Torta"},"content":{"rendered":"\n<p>Mensagens sobre a import\u00e2ncia do olhar atento para a Primeira Inf\u00e2ncia coloriram a Ponte Torta na noite dessa ter\u00e7a-feira (24). A proje\u00e7\u00e3o luminosa \u00e9 uma a\u00e7\u00e3o da Rede Urban95 em dez Munic\u00edpios que comp\u00f5em a rede no Brasil e faz parte da programa\u00e7\u00e3o do Agosto Dourado, celebrado pela primeira vez no Pa\u00eds como M\u00eas da Primeira Inf\u00e2ncia.<\/p>\n\n\n\n<p>A iniciativa, em parceria com a Prefeitura de Jundia\u00ed por meio do programa municipal Cidade das Crian\u00e7as, \u00e9 uma idealiza\u00e7\u00e3o da funda\u00e7\u00e3o holandesa Bernard van Leer, realiza\u00e7\u00e3o do Instituto Cidades Sustent\u00e1veis, em parceria com a Allma Hub Criativo.<\/p>\n\n\n\n<p>O cronograma de interven\u00e7\u00f5es come\u00e7ou por Bras\u00edlia (Distrito Federal) na noite do domingo (22), com proje\u00e7\u00f5es sobre o Congresso Nacional, e segue at\u00e9 a pr\u00f3xima ter\u00e7a-feira (31), passando por outros nove dos 24 Munic\u00edpios que comp\u00f5em a Rede, para a qual Jundia\u00ed foi selecionada em julho do ano passado. Como compromisso pela Primeira Inf\u00e2ncia, Jundia\u00ed aderiu ainda \u00e0 campanha P\u00e9 de Inf\u00e2ncia, iniciativa pela mudan\u00e7a no olhar e nas perspectivas dos cidad\u00e3os e do Poder P\u00fablico para o tema.<\/p>\n\n\n\n<figure class=\"wp-block-image size-large\"><img loading=\"lazy\" decoding=\"async\" width=\"1280\" height=\"853\" src=\"https:\/\/jundiai.sp.gov.br\/noticias\/wp-content\/uploads\/sites\/32\/2021\/08\/projecao-urban-95-ponte-torta-156.jpg\" alt=\"Homem adulto e jovem de costas, conversando sobre gramado, com pr\u00e9dios ao fundo e uma ponte de tijolos \u00e0 vista iluminada, onde se v\u00ea escrito a palavra &quot;Brincar&quot; e desenhos de linhas e foguete\" class=\"wp-image-274971\" srcset=\"https:\/\/jundiai.sp.gov.br\/noticias\/wp-content\/uploads\/sites\/32\/2021\/08\/projecao-urban-95-ponte-torta-156.jpg 1280w, https:\/\/jundiai.sp.gov.br\/noticias\/wp-content\/uploads\/sites\/32\/2021\/08\/projecao-urban-95-ponte-torta-156-300x200.jpg 300w, https:\/\/jundiai.sp.gov.br\/noticias\/wp-content\/uploads\/sites\/32\/2021\/08\/projecao-urban-95-ponte-torta-156-768x512.jpg 768w, https:\/\/jundiai.sp.gov.br\/noticias\/wp-content\/uploads\/sites\/32\/2021\/08\/projecao-urban-95-ponte-torta-156-450x300.jpg 450w\" sizes=\"auto, (max-width: 1280px) 100vw, 1280px\" \/><figcaption>Para Peroni, a\u00e7\u00e3o agregou a aten\u00e7\u00e3o \u00e0 Primeira Inf\u00e2ncia e \u00e0 preserva\u00e7\u00e3o do Patrim\u00f4nio<\/figcaption><\/figure>\n\n\n\n<p>A representante da Funda\u00e7\u00e3o Bernard van Leer no Brasil, Claudia Vidigal, explica o motivo da inclus\u00e3o de Jundia\u00ed no cronograma de interven\u00e7\u00f5es. \u201cJundia\u00ed \u00e9 um dos Munic\u00edpios que mais bem abra\u00e7aram a Rede. Todas as propostas que apresentamos ao prefeito Luiz Fernando Machado e sua equipe cresceram e floresceram, igual ao P\u00e9 de Inf\u00e2ncia. Esta interven\u00e7\u00e3o na Ponte Torta tem tr\u00eas aspectos fundamentais: reafirma o compromisso da Prefeitura e do Munic\u00edpio com a agenda da Rede; recorda a comunidade que ela faz parte do processo; e celebra um ano desde o an\u00fancio da parceria de Jundia\u00ed com a Rede. J\u00e1 firmamos um novo compromisso pelo di\u00e1logo, assessoria t\u00e9cnica e capacita\u00e7\u00e3o, j\u00e1 que em Jundia\u00ed vemos muito potencial e queremos reg\u00e1-lo ainda mais para que ele apare\u00e7a para o mundo\u201d.<\/p>\n\n\n\n<p>O gestor da Unidade de Gest\u00e3o de Cultura, Marcelo Peroni, um dos articuladores na Prefeitura sobre temas relativos \u00e0 Inf\u00e2ncia, fez um balan\u00e7o positivo da interven\u00e7\u00e3o. \u201cCom a proposta de chamar a aten\u00e7\u00e3o para a import\u00e2ncia de cuidar da Inf\u00e2ncia, a interven\u00e7\u00e3o foi muito positiva e bem-sucedida. Ela conseguiu ainda aliar dois importantes aspectos, que foi o de mostrar este importante patrim\u00f4nio municipal, j\u00e1 que estamos tamb\u00e9m realizando o M\u00eas do Patrim\u00f4nio na cidade, e de levar at\u00e9 este patrim\u00f4nio a refer\u00eancia do brincar, cantar e resgatar as hist\u00f3rias\u201d.<\/p>\n\n\n\n<p>Atualmente 24 Munic\u00edpios integram a Rede Urban95, iniciativa global que busca incluir a perspectiva de uma crian\u00e7a de tr\u00eas anos de idade (que, em m\u00e9dia, tem at\u00e9 95 cent\u00edmetros de altura) e de seus cuidadores no planejamento urbano, nas estrat\u00e9gias de mobilidade e nos programas e servi\u00e7os oferecidos nas cidades.<\/p>\n\n\n\n<figure class=\"wp-block-gallery columns-3 is-cropped wp-block-gallery-1 is-layout-flex wp-block-gallery-is-layout-flex\"><ul class=\"blocks-gallery-grid\"><li class=\"blocks-gallery-item\"><figure><a href=\"https:\/\/jundiai.sp.gov.br\/noticias\/wp-content\/uploads\/sites\/32\/2021\/08\/projecao-urban-95-ponte-torta-25.jpg\"><img loading=\"lazy\" decoding=\"async\" width=\"1280\" height=\"853\" src=\"https:\/\/jundiai.sp.gov.br\/noticias\/wp-content\/uploads\/sites\/32\/2021\/08\/projecao-urban-95-ponte-torta-25.jpg\" alt=\"\" data-id=\"274973\" data-full-url=\"https:\/\/jundiai.sp.gov.br\/noticias\/wp-content\/uploads\/sites\/32\/2021\/08\/projecao-urban-95-ponte-torta-25.jpg\" data-link=\"https:\/\/jundiai.sp.gov.br\/noticias\/?attachment_id=274973\" class=\"wp-image-274973\" srcset=\"https:\/\/jundiai.sp.gov.br\/noticias\/wp-content\/uploads\/sites\/32\/2021\/08\/projecao-urban-95-ponte-torta-25.jpg 1280w, https:\/\/jundiai.sp.gov.br\/noticias\/wp-content\/uploads\/sites\/32\/2021\/08\/projecao-urban-95-ponte-torta-25-300x200.jpg 300w, https:\/\/jundiai.sp.gov.br\/noticias\/wp-content\/uploads\/sites\/32\/2021\/08\/projecao-urban-95-ponte-torta-25-768x512.jpg 768w, https:\/\/jundiai.sp.gov.br\/noticias\/wp-content\/uploads\/sites\/32\/2021\/08\/projecao-urban-95-ponte-torta-25-450x300.jpg 450w\" sizes=\"auto, (max-width: 1280px) 100vw, 1280px\" \/><\/a><\/figure><\/li><li class=\"blocks-gallery-item\"><figure><a href=\"https:\/\/jundiai.sp.gov.br\/noticias\/wp-content\/uploads\/sites\/32\/2021\/08\/projecao-urban-95-ponte-torta-33.jpg\"><img loading=\"lazy\" decoding=\"async\" width=\"1280\" height=\"853\" src=\"https:\/\/jundiai.sp.gov.br\/noticias\/wp-content\/uploads\/sites\/32\/2021\/08\/projecao-urban-95-ponte-torta-33.jpg\" alt=\"\" data-id=\"274974\" data-full-url=\"https:\/\/jundiai.sp.gov.br\/noticias\/wp-content\/uploads\/sites\/32\/2021\/08\/projecao-urban-95-ponte-torta-33.jpg\" data-link=\"https:\/\/jundiai.sp.gov.br\/noticias\/?attachment_id=274974\" class=\"wp-image-274974\" srcset=\"https:\/\/jundiai.sp.gov.br\/noticias\/wp-content\/uploads\/sites\/32\/2021\/08\/projecao-urban-95-ponte-torta-33.jpg 1280w, https:\/\/jundiai.sp.gov.br\/noticias\/wp-content\/uploads\/sites\/32\/2021\/08\/projecao-urban-95-ponte-torta-33-300x200.jpg 300w, https:\/\/jundiai.sp.gov.br\/noticias\/wp-content\/uploads\/sites\/32\/2021\/08\/projecao-urban-95-ponte-torta-33-768x512.jpg 768w, https:\/\/jundiai.sp.gov.br\/noticias\/wp-content\/uploads\/sites\/32\/2021\/08\/projecao-urban-95-ponte-torta-33-450x300.jpg 450w\" sizes=\"auto, (max-width: 1280px) 100vw, 1280px\" \/><\/a><\/figure><\/li><li class=\"blocks-gallery-item\"><figure><a href=\"https:\/\/jundiai.sp.gov.br\/noticias\/wp-content\/uploads\/sites\/32\/2021\/08\/projecao-urban-95-ponte-torta-47.jpg\"><img loading=\"lazy\" decoding=\"async\" width=\"1280\" height=\"853\" src=\"https:\/\/jundiai.sp.gov.br\/noticias\/wp-content\/uploads\/sites\/32\/2021\/08\/projecao-urban-95-ponte-torta-47.jpg\" alt=\"\" data-id=\"274976\" data-full-url=\"https:\/\/jundiai.sp.gov.br\/noticias\/wp-content\/uploads\/sites\/32\/2021\/08\/projecao-urban-95-ponte-torta-47.jpg\" data-link=\"https:\/\/jundiai.sp.gov.br\/noticias\/?attachment_id=274976\" class=\"wp-image-274976\" srcset=\"https:\/\/jundiai.sp.gov.br\/noticias\/wp-content\/uploads\/sites\/32\/2021\/08\/projecao-urban-95-ponte-torta-47.jpg 1280w, https:\/\/jundiai.sp.gov.br\/noticias\/wp-content\/uploads\/sites\/32\/2021\/08\/projecao-urban-95-ponte-torta-47-300x200.jpg 300w, https:\/\/jundiai.sp.gov.br\/noticias\/wp-content\/uploads\/sites\/32\/2021\/08\/projecao-urban-95-ponte-torta-47-768x512.jpg 768w, https:\/\/jundiai.sp.gov.br\/noticias\/wp-content\/uploads\/sites\/32\/2021\/08\/projecao-urban-95-ponte-torta-47-450x300.jpg 450w\" sizes=\"auto, (max-width: 1280px) 100vw, 1280px\" \/><\/a><\/figure><\/li><li class=\"blocks-gallery-item\"><figure><a href=\"https:\/\/jundiai.sp.gov.br\/noticias\/wp-content\/uploads\/sites\/32\/2021\/08\/projecao-urban-95-ponte-torta-64.jpg\"><img loading=\"lazy\" decoding=\"async\" width=\"1280\" height=\"853\" src=\"https:\/\/jundiai.sp.gov.br\/noticias\/wp-content\/uploads\/sites\/32\/2021\/08\/projecao-urban-95-ponte-torta-64.jpg\" alt=\"\" data-id=\"274977\" data-full-url=\"https:\/\/jundiai.sp.gov.br\/noticias\/wp-content\/uploads\/sites\/32\/2021\/08\/projecao-urban-95-ponte-torta-64.jpg\" data-link=\"https:\/\/jundiai.sp.gov.br\/noticias\/?attachment_id=274977\" class=\"wp-image-274977\" srcset=\"https:\/\/jundiai.sp.gov.br\/noticias\/wp-content\/uploads\/sites\/32\/2021\/08\/projecao-urban-95-ponte-torta-64.jpg 1280w, https:\/\/jundiai.sp.gov.br\/noticias\/wp-content\/uploads\/sites\/32\/2021\/08\/projecao-urban-95-ponte-torta-64-300x200.jpg 300w, https:\/\/jundiai.sp.gov.br\/noticias\/wp-content\/uploads\/sites\/32\/2021\/08\/projecao-urban-95-ponte-torta-64-768x512.jpg 768w, https:\/\/jundiai.sp.gov.br\/noticias\/wp-content\/uploads\/sites\/32\/2021\/08\/projecao-urban-95-ponte-torta-64-450x300.jpg 450w\" sizes=\"auto, (max-width: 1280px) 100vw, 1280px\" \/><\/a><\/figure><\/li><li class=\"blocks-gallery-item\"><figure><a href=\"https:\/\/jundiai.sp.gov.br\/noticias\/wp-content\/uploads\/sites\/32\/2021\/08\/projecao-urban-95-ponte-torta-74.jpg\"><img loading=\"lazy\" decoding=\"async\" width=\"1280\" height=\"853\" src=\"https:\/\/jundiai.sp.gov.br\/noticias\/wp-content\/uploads\/sites\/32\/2021\/08\/projecao-urban-95-ponte-torta-74.jpg\" alt=\"\" data-id=\"274978\" data-full-url=\"https:\/\/jundiai.sp.gov.br\/noticias\/wp-content\/uploads\/sites\/32\/2021\/08\/projecao-urban-95-ponte-torta-74.jpg\" data-link=\"https:\/\/jundiai.sp.gov.br\/noticias\/?attachment_id=274978\" class=\"wp-image-274978\" srcset=\"https:\/\/jundiai.sp.gov.br\/noticias\/wp-content\/uploads\/sites\/32\/2021\/08\/projecao-urban-95-ponte-torta-74.jpg 1280w, https:\/\/jundiai.sp.gov.br\/noticias\/wp-content\/uploads\/sites\/32\/2021\/08\/projecao-urban-95-ponte-torta-74-300x200.jpg 300w, https:\/\/jundiai.sp.gov.br\/noticias\/wp-content\/uploads\/sites\/32\/2021\/08\/projecao-urban-95-ponte-torta-74-768x512.jpg 768w, https:\/\/jundiai.sp.gov.br\/noticias\/wp-content\/uploads\/sites\/32\/2021\/08\/projecao-urban-95-ponte-torta-74-450x300.jpg 450w\" sizes=\"auto, (max-width: 1280px) 100vw, 1280px\" \/><\/a><\/figure><\/li><\/ul><\/figure>\n\n\n\n<p><strong>Assessoria de Imprensa<br>Fotos: Fot\u00f3grafos PMJ<\/strong><\/p>\n","protected":false},"excerpt":{"rendered":"<p>Mensagens sobre a import\u00e2ncia do olhar atento para a Primeira Inf\u00e2ncia coloriram a Ponte Torta na noite dessa ter\u00e7a-feira (24). A proje\u00e7\u00e3o luminosa \u00e9 uma a\u00e7\u00e3o da Rede Urban95 em dez Munic\u00edpios que comp\u00f5em a rede no Brasil e faz parte da programa\u00e7\u00e3o do Agosto Dourado, celebrado pela primeira vez no Pa\u00eds como M\u00eas da [&hellip;]<\/p>\n","protected":false},"author":14,"featured_media":274975,"comment_status":"closed","ping_status":"closed","sticky":false,"template":"","format":"standard","meta":{"footnotes":""},"categories":[2],"tags":[29,1575,427,1574],"ods":[],"class_list":["post-274970","post","type-post","status-publish","format-standard","has-post-thumbnail","hentry","category-noticias","tag-cultura","tag-pe-de-infancia","tag-ponte-torta","tag-rede-urban95"],"_links":{"self":[{"href":"https:\/\/jundiai.sp.gov.br\/noticias\/wp-json\/wp\/v2\/posts\/274970","targetHints":{"allow":["GET"]}}],"collection":[{"href":"https:\/\/jundiai.sp.gov.br\/noticias\/wp-json\/wp\/v2\/posts"}],"about":[{"href":"https:\/\/jundiai.sp.gov.br\/noticias\/wp-json\/wp\/v2\/types\/post"}],"author":[{"embeddable":true,"href":"https:\/\/jundiai.sp.gov.br\/noticias\/wp-json\/wp\/v2\/users\/14"}],"replies":[{"embeddable":true,"href":"https:\/\/jundiai.sp.gov.br\/noticias\/wp-json\/wp\/v2\/comments?post=274970"}],"version-history":[{"count":4,"href":"https:\/\/jundiai.sp.gov.br\/noticias\/wp-json\/wp\/v2\/posts\/274970\/revisions"}],"predecessor-version":[{"id":274982,"href":"https:\/\/jundiai.sp.gov.br\/noticias\/wp-json\/wp\/v2\/posts\/274970\/revisions\/274982"}],"wp:featuredmedia":[{"embeddable":true,"href":"https:\/\/jundiai.sp.gov.br\/noticias\/wp-json\/wp\/v2\/media\/274975"}],"wp:attachment":[{"href":"https:\/\/jundiai.sp.gov.br\/noticias\/wp-json\/wp\/v2\/media?parent=274970"}],"wp:term":[{"taxonomy":"category","embeddable":true,"href":"https:\/\/jundiai.sp.gov.br\/noticias\/wp-json\/wp\/v2\/categories?post=274970"},{"taxonomy":"post_tag","embeddable":true,"href":"https:\/\/jundiai.sp.gov.br\/noticias\/wp-json\/wp\/v2\/tags?post=274970"},{"taxonomy":"ods","embeddable":true,"href":"https:\/\/jundiai.sp.gov.br\/noticias\/wp-json\/wp\/v2\/ods?post=274970"}],"curies":[{"name":"wp","href":"https:\/\/api.w.org\/{rel}","templated":true}]}}