{"id":275072,"date":"2021-08-26T18:03:54","date_gmt":"2021-08-26T21:03:54","guid":{"rendered":"https:\/\/jundiai.sp.gov.br\/noticias\/?p=275072"},"modified":"2021-08-26T18:03:54","modified_gmt":"2021-08-26T21:03:54","slug":"modelo-sustentavel-novas-lixeiras-comecam-a-ser-instaladas-na-cidade","status":"publish","type":"post","link":"https:\/\/jundiai.sp.gov.br\/noticias\/2021\/08\/26\/modelo-sustentavel-novas-lixeiras-comecam-a-ser-instaladas-na-cidade\/","title":{"rendered":"Modelo sustent\u00e1vel: novas lixeiras come\u00e7am a ser instaladas na cidade"},"content":{"rendered":"\n<p>A Prefeitura de Jundia\u00ed, por meio da Unidade de Gest\u00e3o de Infraestrutura e Servi\u00e7os P\u00fablicos, deu in\u00edcio, nesta quinta-feira (26), \u00e0 instala\u00e7\u00e3o de um novo modelo de lixeira na regi\u00e3o central, nas vias de grande circula\u00e7\u00e3o e nos parques p\u00fablicos da cidade. Os dois primeiros pontos ficam no Centro. Com o novo modelo, o lixo descartado em locais p\u00fablicos passa a ser separado em duas lixeiras lado a lado, uma para o lixo org\u00e2nico e outra para o recicl\u00e1vel.<\/p>\n\n\n\n<figure class=\"wp-block-image size-large\"><img loading=\"lazy\" decoding=\"async\" width=\"1280\" height=\"853\" src=\"https:\/\/jundiai.sp.gov.br\/noticias\/wp-content\/uploads\/sites\/32\/2021\/08\/instalacao-de-novas-lixeiras-no-calcadao-do-centro_c_-23.jpg\" alt=\"Trabalhadores da Unidade de Gest\u00e3o de Infraestrutura e Servi\u00e7os P\u00fablicos colocam lixeira na pra\u00e7a da Catedral\" class=\"wp-image-275073\" srcset=\"https:\/\/jundiai.sp.gov.br\/noticias\/wp-content\/uploads\/sites\/32\/2021\/08\/instalacao-de-novas-lixeiras-no-calcadao-do-centro_c_-23.jpg 1280w, https:\/\/jundiai.sp.gov.br\/noticias\/wp-content\/uploads\/sites\/32\/2021\/08\/instalacao-de-novas-lixeiras-no-calcadao-do-centro_c_-23-300x200.jpg 300w, https:\/\/jundiai.sp.gov.br\/noticias\/wp-content\/uploads\/sites\/32\/2021\/08\/instalacao-de-novas-lixeiras-no-calcadao-do-centro_c_-23-768x512.jpg 768w, https:\/\/jundiai.sp.gov.br\/noticias\/wp-content\/uploads\/sites\/32\/2021\/08\/instalacao-de-novas-lixeiras-no-calcadao-do-centro_c_-23-450x300.jpg 450w\" sizes=\"auto, (max-width: 1280px) 100vw, 1280px\" \/><figcaption>Os recicl\u00e1veis coletados ser\u00e3o levados para o Geresol, onde passam por triagem e recebem a destina\u00e7\u00e3o correta<\/figcaption><\/figure>\n\n\n\n<p>Segundo o diretor do Departamento de Limpeza P\u00fablica, M\u00e1rcio Moraes, o novo modelo busca preservar ainda mais o meio ambiente, dando aos frequentadores dessas \u00e1reas a op\u00e7\u00e3o para o descarte correto. Os recicl\u00e1veis coletados ser\u00e3o levados para o Geresol (Gerenciamento de Res\u00edduos S\u00f3lidos), onde passam por triagem e recebem a destina\u00e7\u00e3o correta. \u201cNossa cidade, que j\u00e1 faz a separa\u00e7\u00e3o de grande quantidade de recicl\u00e1veis, passa assim a fazer ainda mais, com foco na sustentabilidade e inclusive com retorno financeiro gerado pela venda desse res\u00edduo.\u201d Desde 2017, a aquisi\u00e7\u00e3o de novas lixeiras \u00e9 feita com parte da renda adquirida com a comercializa\u00e7\u00e3o dos recicl\u00e1veis.<\/p>\n\n\n\n<p>Atualmente, h\u00e1 2,5 mil lixeiras convencionais &#8211; para todo tipo de lixo &#8211; espalhadas pela cidade. Com as trocas, a antiga estrutura pode ser reaproveitada. \u201cN\u00e3o faremos a instala\u00e7\u00e3o desse novo modelo em toda a cidade, mas priorizaremos locais de grande movimenta\u00e7\u00e3o de pessoas\u201d, explica o diretor. Apenas na regi\u00e3o central, h\u00e1 aproximadamente 200 pontos que receber\u00e3o o equipamento. Com cores diferentes, uma marrom e a outra verde, as lixeiras s\u00e3o adesivadas e indicam os tipos de res\u00edduo que podem ser descartados em cada uma.<\/p>\n\n\n\n<p>\u201cAl\u00e9m da limpeza, vejo grande import\u00e2ncia em a\u00e7\u00f5es assim, que protegem o meio ambiente\u201d, diz a aut\u00f4noma Deuciane Pelizer, que passava pelo Centro de Jundia\u00ed no momento da instala\u00e7\u00e3o das lixeiras. \u201cAcho muito positivo e inclusive educativo, pois ajuda as pessoas a fazerem a separa\u00e7\u00e3o do lixo\u201d, opinou o comerciante Roberto Fernando Giovanni.<\/p>\n\n\n\n<p><strong>Assessoria de Imprensa<br>Foto: fot\u00f3grafo PMJ<\/strong><\/p>\n","protected":false},"excerpt":{"rendered":"<p>A Prefeitura de Jundia\u00ed, por meio da Unidade de Gest\u00e3o de Infraestrutura e Servi\u00e7os P\u00fablicos, deu in\u00edcio, nesta quinta-feira (26), \u00e0 instala\u00e7\u00e3o de um novo modelo de lixeira na regi\u00e3o central, nas vias de grande circula\u00e7\u00e3o e nos parques p\u00fablicos da cidade. Os dois primeiros pontos ficam no Centro. Com o novo modelo, o lixo [&hellip;]<\/p>\n","protected":false},"author":71,"featured_media":275073,"comment_status":"closed","ping_status":"closed","sticky":false,"template":"","format":"standard","meta":{"footnotes":""},"categories":[2],"tags":[1208,2230,1209,341],"ods":[],"class_list":["post-275072","post","type-post","status-publish","format-standard","has-post-thumbnail","hentry","category-noticias","tag-geresol","tag-lixeira","tag-meio-ambiente","tag-servicos-publicos"],"_links":{"self":[{"href":"https:\/\/jundiai.sp.gov.br\/noticias\/wp-json\/wp\/v2\/posts\/275072","targetHints":{"allow":["GET"]}}],"collection":[{"href":"https:\/\/jundiai.sp.gov.br\/noticias\/wp-json\/wp\/v2\/posts"}],"about":[{"href":"https:\/\/jundiai.sp.gov.br\/noticias\/wp-json\/wp\/v2\/types\/post"}],"author":[{"embeddable":true,"href":"https:\/\/jundiai.sp.gov.br\/noticias\/wp-json\/wp\/v2\/users\/71"}],"replies":[{"embeddable":true,"href":"https:\/\/jundiai.sp.gov.br\/noticias\/wp-json\/wp\/v2\/comments?post=275072"}],"version-history":[{"count":2,"href":"https:\/\/jundiai.sp.gov.br\/noticias\/wp-json\/wp\/v2\/posts\/275072\/revisions"}],"predecessor-version":[{"id":275077,"href":"https:\/\/jundiai.sp.gov.br\/noticias\/wp-json\/wp\/v2\/posts\/275072\/revisions\/275077"}],"wp:featuredmedia":[{"embeddable":true,"href":"https:\/\/jundiai.sp.gov.br\/noticias\/wp-json\/wp\/v2\/media\/275073"}],"wp:attachment":[{"href":"https:\/\/jundiai.sp.gov.br\/noticias\/wp-json\/wp\/v2\/media?parent=275072"}],"wp:term":[{"taxonomy":"category","embeddable":true,"href":"https:\/\/jundiai.sp.gov.br\/noticias\/wp-json\/wp\/v2\/categories?post=275072"},{"taxonomy":"post_tag","embeddable":true,"href":"https:\/\/jundiai.sp.gov.br\/noticias\/wp-json\/wp\/v2\/tags?post=275072"},{"taxonomy":"ods","embeddable":true,"href":"https:\/\/jundiai.sp.gov.br\/noticias\/wp-json\/wp\/v2\/ods?post=275072"}],"curies":[{"name":"wp","href":"https:\/\/api.w.org\/{rel}","templated":true}]}}