{"id":275621,"date":"2021-09-05T13:00:00","date_gmt":"2021-09-05T16:00:00","guid":{"rendered":"https:\/\/jundiai.sp.gov.br\/noticias\/?p=275621"},"modified":"2021-09-03T13:01:15","modified_gmt":"2021-09-03T16:01:15","slug":"parques-urbanos-em-obras-recebem-investimento-de-r-33-milhoes","status":"publish","type":"post","link":"https:\/\/jundiai.sp.gov.br\/noticias\/2021\/09\/05\/parques-urbanos-em-obras-recebem-investimento-de-r-33-milhoes\/","title":{"rendered":"Parques urbanos em obras recebem investimento de R$ 3,3 milh\u00f5es"},"content":{"rendered":"\n<p>Moradora do Parque da Represa, a educadora f\u00edsica Anna Luiza Bueno acredita que a constru\u00e7\u00e3o do Parque Linear, em seu bairro, representa avan\u00e7o significativo para a qualidade de vida no local. \u201cQuando a popula\u00e7\u00e3o tem mais espa\u00e7os para praticar esportes e para a conviv\u00eancia, todos ganham\u201d, diz ela, que tamb\u00e9m v\u00ea no futuro parque um local para dar suas aulas de educa\u00e7\u00e3o f\u00edsica a c\u00e9u aberto.<\/p>\n\n\n\n<figure class=\"wp-block-image size-large\"><img loading=\"lazy\" decoding=\"async\" width=\"1280\" height=\"853\" src=\"https:\/\/jundiai.sp.gov.br\/noticias\/wp-content\/uploads\/sites\/32\/2021\/09\/parque-linear-parque-do-colegio-16.jpg\" alt=\"\" class=\"wp-image-275629\" srcset=\"https:\/\/jundiai.sp.gov.br\/noticias\/wp-content\/uploads\/sites\/32\/2021\/09\/parque-linear-parque-do-colegio-16.jpg 1280w, https:\/\/jundiai.sp.gov.br\/noticias\/wp-content\/uploads\/sites\/32\/2021\/09\/parque-linear-parque-do-colegio-16-300x200.jpg 300w, https:\/\/jundiai.sp.gov.br\/noticias\/wp-content\/uploads\/sites\/32\/2021\/09\/parque-linear-parque-do-colegio-16-768x512.jpg 768w, https:\/\/jundiai.sp.gov.br\/noticias\/wp-content\/uploads\/sites\/32\/2021\/09\/parque-linear-parque-do-colegio-16-450x300.jpg 450w\" sizes=\"auto, (max-width: 1280px) 100vw, 1280px\" \/><figcaption>Professora de Educa\u00e7\u00e3o F\u00edsica, Anna Luiza corre ao lado do espa\u00e7o onde ser\u00e1 o Parque Linear, no Parque da Represa<\/figcaption><\/figure>\n\n\n\n<p>Empres\u00e1rios com com\u00e9rcios instalados ao lado da obra tamb\u00e9m enxergam o investimento com bons olhos: para Gabriel Gazzola, dono de uma loja de doces, o Parque Linear valorizar\u00e1 o bairro. \u201cMeus clientes est\u00e3o animados e, se seguir a qualidade de outros parques municipais, vai ficar lindo.\u201d Dona de uma empresa de jardinagem, Claudineia Ara\u00fajo tamb\u00e9m acredita em valoriza\u00e7\u00e3o. \u201cPrincipalmente para os idosos, uma \u00e1rea de lazer assim \u00e9 muito importante.\u201d<\/p>\n\n\n\n<p>O Parque Linear est\u00e1 or\u00e7ado em R$ 805 mil e a previs\u00e3o de entrega \u00e9 dezembro. \u00c9 um dos cinco parques e bosques atualmente em constru\u00e7\u00e3o ou revitaliza\u00e7\u00e3o em Jundia\u00ed. Ao todo, somadas as obras, o investimento chega a aproximadamente R$ 3,3 milh\u00f5es.<\/p>\n\n\n\n<figure class=\"wp-block-image size-large\"><img loading=\"lazy\" decoding=\"async\" width=\"1280\" height=\"853\" src=\"https:\/\/jundiai.sp.gov.br\/noticias\/wp-content\/uploads\/sites\/32\/2021\/09\/obras-parque-linear-parque-da-represa_c_-5.jpg\" alt=\"\" class=\"wp-image-275624\" srcset=\"https:\/\/jundiai.sp.gov.br\/noticias\/wp-content\/uploads\/sites\/32\/2021\/09\/obras-parque-linear-parque-da-represa_c_-5.jpg 1280w, https:\/\/jundiai.sp.gov.br\/noticias\/wp-content\/uploads\/sites\/32\/2021\/09\/obras-parque-linear-parque-da-represa_c_-5-300x200.jpg 300w, https:\/\/jundiai.sp.gov.br\/noticias\/wp-content\/uploads\/sites\/32\/2021\/09\/obras-parque-linear-parque-da-represa_c_-5-768x512.jpg 768w, https:\/\/jundiai.sp.gov.br\/noticias\/wp-content\/uploads\/sites\/32\/2021\/09\/obras-parque-linear-parque-da-represa_c_-5-450x300.jpg 450w\" sizes=\"auto, (max-width: 1280px) 100vw, 1280px\" \/><figcaption>Em andamento: Parque Linear est\u00e1 or\u00e7ado em R$ 805 mil e obras j\u00e1 tiveram in\u00edcio<\/figcaption><\/figure>\n\n\n\n<p>\u201cNos \u00faltimos anos, entregamos parques em diferentes regi\u00f5es da cidade, locais que foram ocupados por fam\u00edlias e mudaram a cara de seus bairros, como o Vale Azul, no Caxambu, e o Espelho D\u2019\u00c1gua, no Mato Dentro\u201d, declara o prefeito de Jundia\u00ed, Luiz Fernando Machado. \u201cCom esses parques, os moradores desses bairros t\u00eam uma op\u00e7\u00e3o de lazer perto de suas casas, com toda a infraestrutura necess\u00e1ria.\u201d<\/p>\n\n\n\n<p>O gestor de Infraestrutura e Servi\u00e7os P\u00fablicos, Adilson Rosa, lembra que a constru\u00e7\u00e3o dos parques \u00e9 discutida com a popula\u00e7\u00e3o, que apresenta suas demandas. \u201cNo Parque do Cerrado, por exemplo, estamos construindo uma pista de skate que contou com apontamentos dos pr\u00f3prios skatistas sobre suas caracter\u00edsticas e dimens\u00f5es\u201d, explica Rosa. \u201cS\u00e3o estruturas que atendem toda a fam\u00edlia, com equipamentos para crian\u00e7as e adultos.\u201d<\/p>\n\n\n\n<p>Al\u00e9m do Parque Linear, est\u00e3o sendo constru\u00eddos o Parque Urbano e Bot\u00e2nico no Jardim Santa Gertrudes, o Parque do Cerrado no Residencial Jundia\u00ed (em primeira fase), o Parque Urbano do Jardim Novo Horizonte e a revitaliza\u00e7\u00e3o do Bosque Hermindo Rossi no Jardim Bonfiglioli (iniciando a segunda fase, com a constru\u00e7\u00e3o de sanit\u00e1rios). Tamb\u00e9m est\u00e1 em obras o Espa\u00e7o Fam\u00edlia &amp; Pet do Cidade Jardim (em primeira fase).<\/p>\n\n\n\n<p>Com a pequena Sofia no colo, a dona de casa Rayne Gomes, de 23 anos, acredita que o Parque do Cerrado, no bairro em que ela mora, vem em bom momento. \u201cAs pessoas, principalmente as crian\u00e7as e os idosos, est\u00e3o precisando de espa\u00e7os para lazer e pr\u00e1tica de esportes.\u201d<\/p>\n\n\n\n<p><strong>Confira abaixo imagens de outros parques:<\/strong><\/p>\n\n\n\n<figure class=\"wp-block-image size-large\"><img loading=\"lazy\" decoding=\"async\" width=\"1280\" height=\"853\" src=\"https:\/\/jundiai.sp.gov.br\/noticias\/wp-content\/uploads\/sites\/32\/2021\/09\/bosquinho-do-bonfiglioli-61.jpg\" alt=\"\" class=\"wp-image-275627\" srcset=\"https:\/\/jundiai.sp.gov.br\/noticias\/wp-content\/uploads\/sites\/32\/2021\/09\/bosquinho-do-bonfiglioli-61.jpg 1280w, https:\/\/jundiai.sp.gov.br\/noticias\/wp-content\/uploads\/sites\/32\/2021\/09\/bosquinho-do-bonfiglioli-61-300x200.jpg 300w, https:\/\/jundiai.sp.gov.br\/noticias\/wp-content\/uploads\/sites\/32\/2021\/09\/bosquinho-do-bonfiglioli-61-768x512.jpg 768w, https:\/\/jundiai.sp.gov.br\/noticias\/wp-content\/uploads\/sites\/32\/2021\/09\/bosquinho-do-bonfiglioli-61-450x300.jpg 450w\" sizes=\"auto, (max-width: 1280px) 100vw, 1280px\" \/><figcaption>Bosquinho, no Bonfiglioli, passou por revitaliza\u00e7\u00e3o e em breve ser\u00e1 aberto para a popula\u00e7\u00e3o<\/figcaption><\/figure>\n\n\n\n<figure class=\"wp-block-image size-large\"><img loading=\"lazy\" decoding=\"async\" width=\"1280\" height=\"720\" src=\"https:\/\/jundiai.sp.gov.br\/noticias\/wp-content\/uploads\/sites\/32\/2021\/09\/aereas-parque-botanico-jd-santa-gertrudes_c_-9.jpg\" alt=\"\" class=\"wp-image-275626\" srcset=\"https:\/\/jundiai.sp.gov.br\/noticias\/wp-content\/uploads\/sites\/32\/2021\/09\/aereas-parque-botanico-jd-santa-gertrudes_c_-9.jpg 1280w, https:\/\/jundiai.sp.gov.br\/noticias\/wp-content\/uploads\/sites\/32\/2021\/09\/aereas-parque-botanico-jd-santa-gertrudes_c_-9-300x169.jpg 300w, https:\/\/jundiai.sp.gov.br\/noticias\/wp-content\/uploads\/sites\/32\/2021\/09\/aereas-parque-botanico-jd-santa-gertrudes_c_-9-768x432.jpg 768w\" sizes=\"auto, (max-width: 1280px) 100vw, 1280px\" \/><figcaption>Parque Urbano e Bot\u00e2nico no Jardim Santa Gertrudes: op\u00e7\u00e3o para fam\u00edlias do bairro, com lago e academia ao ar livre<\/figcaption><\/figure>\n\n\n\n<figure class=\"wp-block-image size-large\"><img loading=\"lazy\" decoding=\"async\" width=\"1280\" height=\"719\" src=\"https:\/\/jundiai.sp.gov.br\/noticias\/wp-content\/uploads\/sites\/32\/2021\/09\/parque-urbano_drone-7.jpg\" alt=\"\" class=\"wp-image-275623\" srcset=\"https:\/\/jundiai.sp.gov.br\/noticias\/wp-content\/uploads\/sites\/32\/2021\/09\/parque-urbano_drone-7.jpg 1280w, https:\/\/jundiai.sp.gov.br\/noticias\/wp-content\/uploads\/sites\/32\/2021\/09\/parque-urbano_drone-7-300x169.jpg 300w, https:\/\/jundiai.sp.gov.br\/noticias\/wp-content\/uploads\/sites\/32\/2021\/09\/parque-urbano_drone-7-768x431.jpg 768w\" sizes=\"auto, (max-width: 1280px) 100vw, 1280px\" \/><figcaption>O Parque Urbano do Jardim Novo Horizonte ter\u00e1 pista de caminhada e contato com a natureza<\/figcaption><\/figure>\n\n\n\n<p><strong>Assessoria de Imprensa<br>Foto: fot\u00f3grafo PMJ<\/strong><\/p>\n","protected":false},"excerpt":{"rendered":"<p>Moradora do Parque da Represa, a educadora f\u00edsica Anna Luiza Bueno acredita que a constru\u00e7\u00e3o do Parque Linear, em seu bairro, representa avan\u00e7o significativo para a qualidade de vida no local. \u201cQuando a popula\u00e7\u00e3o tem mais espa\u00e7os para praticar esportes e para a conviv\u00eancia, todos ganham\u201d, diz ela, que tamb\u00e9m v\u00ea no futuro parque um [&hellip;]<\/p>\n","protected":false},"author":71,"featured_media":275626,"comment_status":"closed","ping_status":"closed","sticky":false,"template":"","format":"standard","meta":{"footnotes":""},"categories":[2],"tags":[1598,347,2246,2247,2245],"ods":[],"class_list":["post-275621","post","type-post","status-publish","format-standard","has-post-thumbnail","hentry","category-noticias","tag-bosquinho","tag-obras","tag-parque-linear","tag-parque-urbano-e-botanico-no-jardim-santa-gertrudes","tag-parques-urbanos"],"_links":{"self":[{"href":"https:\/\/jundiai.sp.gov.br\/noticias\/wp-json\/wp\/v2\/posts\/275621","targetHints":{"allow":["GET"]}}],"collection":[{"href":"https:\/\/jundiai.sp.gov.br\/noticias\/wp-json\/wp\/v2\/posts"}],"about":[{"href":"https:\/\/jundiai.sp.gov.br\/noticias\/wp-json\/wp\/v2\/types\/post"}],"author":[{"embeddable":true,"href":"https:\/\/jundiai.sp.gov.br\/noticias\/wp-json\/wp\/v2\/users\/71"}],"replies":[{"embeddable":true,"href":"https:\/\/jundiai.sp.gov.br\/noticias\/wp-json\/wp\/v2\/comments?post=275621"}],"version-history":[{"count":1,"href":"https:\/\/jundiai.sp.gov.br\/noticias\/wp-json\/wp\/v2\/posts\/275621\/revisions"}],"predecessor-version":[{"id":275630,"href":"https:\/\/jundiai.sp.gov.br\/noticias\/wp-json\/wp\/v2\/posts\/275621\/revisions\/275630"}],"wp:featuredmedia":[{"embeddable":true,"href":"https:\/\/jundiai.sp.gov.br\/noticias\/wp-json\/wp\/v2\/media\/275626"}],"wp:attachment":[{"href":"https:\/\/jundiai.sp.gov.br\/noticias\/wp-json\/wp\/v2\/media?parent=275621"}],"wp:term":[{"taxonomy":"category","embeddable":true,"href":"https:\/\/jundiai.sp.gov.br\/noticias\/wp-json\/wp\/v2\/categories?post=275621"},{"taxonomy":"post_tag","embeddable":true,"href":"https:\/\/jundiai.sp.gov.br\/noticias\/wp-json\/wp\/v2\/tags?post=275621"},{"taxonomy":"ods","embeddable":true,"href":"https:\/\/jundiai.sp.gov.br\/noticias\/wp-json\/wp\/v2\/ods?post=275621"}],"curies":[{"name":"wp","href":"https:\/\/api.w.org\/{rel}","templated":true}]}}