{"id":275784,"date":"2021-09-04T10:23:13","date_gmt":"2021-09-04T13:23:13","guid":{"rendered":"https:\/\/jundiai.sp.gov.br\/noticias\/?p=275784"},"modified":"2021-09-04T10:25:01","modified_gmt":"2021-09-04T13:25:01","slug":"adolescentes-de-15-anos-aproveitam-o-sabado-para-ir-a-vacinacao-contra-a-covid-19","status":"publish","type":"post","link":"https:\/\/jundiai.sp.gov.br\/noticias\/2021\/09\/04\/adolescentes-de-15-anos-aproveitam-o-sabado-para-ir-a-vacinacao-contra-a-covid-19\/","title":{"rendered":"Adolescentes de 15 anos aproveitam o s\u00e1bado para ir \u00e0 vacina\u00e7\u00e3o contra a Covid-19"},"content":{"rendered":"\n<p>Com alegria e sorriso no rosto, os adolescentes de 15 anos compareceram, neste s\u00e1bado (4), na Nova UBS Maring\u00e1, acompanhados de um respons\u00e1vel com mais de 18 anos, para tomar a primeira dose da vacina contra a Covid-19.<\/p>\n\n\n\n<p>Ana Lu\u00edsa Lisboa e Brito estava ansiosa na fila, acompanhada das irm\u00e3s mais novas e do padrasto, ela foi vestida como o personagem Stitch. \u201c\u00c9 um momento muito especial e estou muito feliz porque a vacina salva muitas vidas. \u00c9 muito importante a gente tomar\u201d, disse a jovem.<\/p>\n\n\n\n<figure class=\"wp-block-image size-large\"><img loading=\"lazy\" decoding=\"async\" width=\"1280\" height=\"854\" src=\"https:\/\/jundiai.sp.gov.br\/noticias\/wp-content\/uploads\/sites\/32\/2021\/09\/vacinacao-covid-15_ubs-maringa-56.jpg\" alt=\"Garota est\u00e1 vestida de personagem Stitch, roupa azul, capuz. Ela est\u00e1 acompanhada de homem e duas meninas pequenas\" class=\"wp-image-275788\" srcset=\"https:\/\/jundiai.sp.gov.br\/noticias\/wp-content\/uploads\/sites\/32\/2021\/09\/vacinacao-covid-15_ubs-maringa-56.jpg 1280w, https:\/\/jundiai.sp.gov.br\/noticias\/wp-content\/uploads\/sites\/32\/2021\/09\/vacinacao-covid-15_ubs-maringa-56-300x200.jpg 300w, https:\/\/jundiai.sp.gov.br\/noticias\/wp-content\/uploads\/sites\/32\/2021\/09\/vacinacao-covid-15_ubs-maringa-56-768x512.jpg 768w, https:\/\/jundiai.sp.gov.br\/noticias\/wp-content\/uploads\/sites\/32\/2021\/09\/vacinacao-covid-15_ubs-maringa-56-450x300.jpg 450w\" sizes=\"auto, (max-width: 1280px) 100vw, 1280px\" \/><figcaption>Ana Lu\u00edsa se vestiu especialmente para tomar a primeira dose da vacina e foi acompanhada da fam\u00edlia<\/figcaption><\/figure>\n\n\n\n<p>Amaro Nazilton acompanhou a filha Ana Carolina Pereira da Silva para tomar o imunizante. \u201c\u00c9 um al\u00edvio saber que ela j\u00e1 est\u00e1 se vacinando\u201d, disse o pai. Para Ana Carolina, a vacina\u00e7\u00e3o \u00e9 para ser comemorada. \u201cN\u00e3o pensei que ia me vacinar ainda este ano. \u00c9 muito bom estar vacinada com a primeira dose\u201d, afirmou.<\/p>\n\n\n\n<figure class=\"wp-block-image size-large\"><img loading=\"lazy\" decoding=\"async\" width=\"1280\" height=\"853\" src=\"https:\/\/jundiai.sp.gov.br\/noticias\/wp-content\/uploads\/sites\/32\/2021\/09\/vacinacao-covid-15_ubs-maringa-1.jpg\" alt=\"imagem mostra enfermeira aplicando vacina no bra\u00e7o de adolescente. Homem est\u00e1 ao lado, acompanhando.\" class=\"wp-image-275789\" srcset=\"https:\/\/jundiai.sp.gov.br\/noticias\/wp-content\/uploads\/sites\/32\/2021\/09\/vacinacao-covid-15_ubs-maringa-1.jpg 1280w, https:\/\/jundiai.sp.gov.br\/noticias\/wp-content\/uploads\/sites\/32\/2021\/09\/vacinacao-covid-15_ubs-maringa-1-300x200.jpg 300w, https:\/\/jundiai.sp.gov.br\/noticias\/wp-content\/uploads\/sites\/32\/2021\/09\/vacinacao-covid-15_ubs-maringa-1-768x512.jpg 768w, https:\/\/jundiai.sp.gov.br\/noticias\/wp-content\/uploads\/sites\/32\/2021\/09\/vacinacao-covid-15_ubs-maringa-1-450x300.jpg 450w\" sizes=\"auto, (max-width: 1280px) 100vw, 1280px\" \/><figcaption>Amaro acompanhou a filha Ana Carolina na vacina\u00e7\u00e3o<\/figcaption><\/figure>\n\n\n\n<p>Para todas as idades, o cadastro realizado previamente no vacinaja.sp.gov.br \u00e9 importante para agilizar o atendimento. O site \u00e9 um banco de dados onde s\u00e3o lan\u00e7adas as informa\u00e7\u00f5es referentes \u00e0s doses aplicadas na cidade.\u00a0<\/p>\n\n\n\n<p><strong>Assessoria de Imprensa<\/strong><\/p>\n\n\n\n<p><strong>Fotos: Fot\u00f3grafos PMJ<\/strong><\/p>\n","protected":false},"excerpt":{"rendered":"<p>Com alegria e sorriso no rosto, os adolescentes de 15 anos compareceram, neste s\u00e1bado (4), na Nova UBS Maring\u00e1, acompanhados de um respons\u00e1vel com mais de 18 anos, para tomar a primeira dose da vacina contra a Covid-19. Ana Lu\u00edsa Lisboa e Brito estava ansiosa na fila, acompanhada das irm\u00e3s mais novas e do padrasto, [&hellip;]<\/p>\n","protected":false},"author":70,"featured_media":275788,"comment_status":"closed","ping_status":"closed","sticky":false,"template":"","format":"standard","meta":{"footnotes":""},"categories":[2],"tags":[1500,1607,3,421],"ods":[],"class_list":["post-275784","post","type-post","status-publish","format-standard","has-post-thumbnail","hentry","category-noticias","tag-coronavirus","tag-covid-19","tag-saude","tag-vacinacao"],"_links":{"self":[{"href":"https:\/\/jundiai.sp.gov.br\/noticias\/wp-json\/wp\/v2\/posts\/275784","targetHints":{"allow":["GET"]}}],"collection":[{"href":"https:\/\/jundiai.sp.gov.br\/noticias\/wp-json\/wp\/v2\/posts"}],"about":[{"href":"https:\/\/jundiai.sp.gov.br\/noticias\/wp-json\/wp\/v2\/types\/post"}],"author":[{"embeddable":true,"href":"https:\/\/jundiai.sp.gov.br\/noticias\/wp-json\/wp\/v2\/users\/70"}],"replies":[{"embeddable":true,"href":"https:\/\/jundiai.sp.gov.br\/noticias\/wp-json\/wp\/v2\/comments?post=275784"}],"version-history":[{"count":3,"href":"https:\/\/jundiai.sp.gov.br\/noticias\/wp-json\/wp\/v2\/posts\/275784\/revisions"}],"predecessor-version":[{"id":275791,"href":"https:\/\/jundiai.sp.gov.br\/noticias\/wp-json\/wp\/v2\/posts\/275784\/revisions\/275791"}],"wp:featuredmedia":[{"embeddable":true,"href":"https:\/\/jundiai.sp.gov.br\/noticias\/wp-json\/wp\/v2\/media\/275788"}],"wp:attachment":[{"href":"https:\/\/jundiai.sp.gov.br\/noticias\/wp-json\/wp\/v2\/media?parent=275784"}],"wp:term":[{"taxonomy":"category","embeddable":true,"href":"https:\/\/jundiai.sp.gov.br\/noticias\/wp-json\/wp\/v2\/categories?post=275784"},{"taxonomy":"post_tag","embeddable":true,"href":"https:\/\/jundiai.sp.gov.br\/noticias\/wp-json\/wp\/v2\/tags?post=275784"},{"taxonomy":"ods","embeddable":true,"href":"https:\/\/jundiai.sp.gov.br\/noticias\/wp-json\/wp\/v2\/ods?post=275784"}],"curies":[{"name":"wp","href":"https:\/\/api.w.org\/{rel}","templated":true}]}}