{"id":275803,"date":"2021-09-04T16:17:33","date_gmt":"2021-09-04T19:17:33","guid":{"rendered":"https:\/\/jundiai.sp.gov.br\/noticias\/?p=275803"},"modified":"2021-09-04T16:17:33","modified_gmt":"2021-09-04T19:17:33","slug":"saude-promove-reuniao-com-moradores-do-santa-gertrudes-para-apresentar-modelo-da-nova-ubs","status":"publish","type":"post","link":"https:\/\/jundiai.sp.gov.br\/noticias\/2021\/09\/04\/saude-promove-reuniao-com-moradores-do-santa-gertrudes-para-apresentar-modelo-da-nova-ubs\/","title":{"rendered":"Sa\u00fade promove reuni\u00e3o com moradores do Santa Gertrudes para apresentar modelo da Nova UBS"},"content":{"rendered":"\n<p>Na \u00faltima sexta-feira (03), a equipe da Unidade de Gest\u00e3o de Promo\u00e7\u00e3o da Sa\u00fade fez uma visita de acompanhamento \u00e0s obras da Nova UBS Santa Gertrudes e realizou reuni\u00e3o com moradores do bairro para apresentar o modelo avan\u00e7ado do equipamento.&nbsp;<\/p>\n\n\n\n<p>O gestor de Sa\u00fade, Tiago Texera,\u00a0 participou do encontro e explicou sobre o novo modelo assistencial. \u201cA UBS vai contar com toda a estrutura f\u00edsica j\u00e1 aplicada nas novas UBS e ainda Guardi\u00e3o da Sa\u00fade, que \u00e9 um totem automatizado que registra o feedback dos pacientes atendidos na unidade. J\u00e1 ampliamos em 40 horas m\u00e9dicas\u00a0 semanais e vamos aumentar em mais 40 at\u00e9 o fim do ano, ao todo, ser\u00e3o mais 80 horas m\u00e9dicas semanais. A UBS ainda vai contar com quatro equipes completas de estrat\u00e9gia da sa\u00fade completa e o modelo de atendimento de acesso avan\u00e7ado, o mesmo j\u00e1 implantado na Cl\u00ednica da Fam\u00edlia do Vetor Oeste, o que diminui o tempo de espera do mun\u00edcipe\u201d.<\/p>\n\n\n\n<figure class=\"wp-block-image size-large\"><img loading=\"lazy\" decoding=\"async\" width=\"1280\" height=\"854\" src=\"https:\/\/jundiai.sp.gov.br\/noticias\/wp-content\/uploads\/sites\/32\/2021\/09\/7ef658cd-ae6b-49c4-b720-c82be44793b3.jpeg\" alt=\"\" class=\"wp-image-275805\" srcset=\"https:\/\/jundiai.sp.gov.br\/noticias\/wp-content\/uploads\/sites\/32\/2021\/09\/7ef658cd-ae6b-49c4-b720-c82be44793b3.jpeg 1280w, https:\/\/jundiai.sp.gov.br\/noticias\/wp-content\/uploads\/sites\/32\/2021\/09\/7ef658cd-ae6b-49c4-b720-c82be44793b3-300x200.jpeg 300w, https:\/\/jundiai.sp.gov.br\/noticias\/wp-content\/uploads\/sites\/32\/2021\/09\/7ef658cd-ae6b-49c4-b720-c82be44793b3-768x512.jpeg 768w, https:\/\/jundiai.sp.gov.br\/noticias\/wp-content\/uploads\/sites\/32\/2021\/09\/7ef658cd-ae6b-49c4-b720-c82be44793b3-450x300.jpeg 450w\" sizes=\"auto, (max-width: 1280px) 100vw, 1280px\" \/><figcaption>Moradores conheceram o novo modelo da UBS<\/figcaption><\/figure>\n\n\n\n<p>A Nova UBS Santa Gertrudes contar\u00e1 com quatro novos banheiros, sendo dois para funcion\u00e1rios e dois para pacientes. Sala de ger\u00eancia, agentes e reuni\u00f5es, um almoxarifado, tr\u00eas consult\u00f3rios, sala de curativos e vacinas, sala de espera com 80 lugares e cobertura para ambul\u00e2ncias. Al\u00e9m da ferramenta Guardi\u00e3o da Sa\u00fade, tamb\u00e9m estar\u00e1 dispon\u00edvel o Posso Ajudar, com um atendente qualificado que ajuda a sanar todas as d\u00favidas tamb\u00e9m dos pacientes.&nbsp;<\/p>\n\n\n\n<p>Com previs\u00e3o de entrega para o final deste ano, a Nova UBS Santa Gertrudes tem investimento de R$ 910.662,84.<\/p>\n\n\n\n<p><strong>Assessoria de Imprensa<br>Fotos: Divulga\u00e7\u00e3o <\/strong><\/p>\n","protected":false},"excerpt":{"rendered":"<p>Na \u00faltima sexta-feira (03), a equipe da Unidade de Gest\u00e3o de Promo\u00e7\u00e3o da Sa\u00fade fez uma visita de acompanhamento \u00e0s obras da Nova UBS Santa Gertrudes e realizou reuni\u00e3o com moradores do bairro para apresentar o modelo avan\u00e7ado do equipamento.&nbsp; O gestor de Sa\u00fade, Tiago Texera,\u00a0 participou do encontro e explicou sobre o novo modelo [&hellip;]<\/p>\n","protected":false},"author":70,"featured_media":275805,"comment_status":"closed","ping_status":"closed","sticky":false,"template":"","format":"standard","meta":{"footnotes":""},"categories":[2],"tags":[3,1307],"ods":[],"class_list":["post-275803","post","type-post","status-publish","format-standard","has-post-thumbnail","hentry","category-noticias","tag-saude","tag-ubs"],"_links":{"self":[{"href":"https:\/\/jundiai.sp.gov.br\/noticias\/wp-json\/wp\/v2\/posts\/275803","targetHints":{"allow":["GET"]}}],"collection":[{"href":"https:\/\/jundiai.sp.gov.br\/noticias\/wp-json\/wp\/v2\/posts"}],"about":[{"href":"https:\/\/jundiai.sp.gov.br\/noticias\/wp-json\/wp\/v2\/types\/post"}],"author":[{"embeddable":true,"href":"https:\/\/jundiai.sp.gov.br\/noticias\/wp-json\/wp\/v2\/users\/70"}],"replies":[{"embeddable":true,"href":"https:\/\/jundiai.sp.gov.br\/noticias\/wp-json\/wp\/v2\/comments?post=275803"}],"version-history":[{"count":2,"href":"https:\/\/jundiai.sp.gov.br\/noticias\/wp-json\/wp\/v2\/posts\/275803\/revisions"}],"predecessor-version":[{"id":275806,"href":"https:\/\/jundiai.sp.gov.br\/noticias\/wp-json\/wp\/v2\/posts\/275803\/revisions\/275806"}],"wp:featuredmedia":[{"embeddable":true,"href":"https:\/\/jundiai.sp.gov.br\/noticias\/wp-json\/wp\/v2\/media\/275805"}],"wp:attachment":[{"href":"https:\/\/jundiai.sp.gov.br\/noticias\/wp-json\/wp\/v2\/media?parent=275803"}],"wp:term":[{"taxonomy":"category","embeddable":true,"href":"https:\/\/jundiai.sp.gov.br\/noticias\/wp-json\/wp\/v2\/categories?post=275803"},{"taxonomy":"post_tag","embeddable":true,"href":"https:\/\/jundiai.sp.gov.br\/noticias\/wp-json\/wp\/v2\/tags?post=275803"},{"taxonomy":"ods","embeddable":true,"href":"https:\/\/jundiai.sp.gov.br\/noticias\/wp-json\/wp\/v2\/ods?post=275803"}],"curies":[{"name":"wp","href":"https:\/\/api.w.org\/{rel}","templated":true}]}}