{"id":275943,"date":"2021-09-09T15:48:27","date_gmt":"2021-09-09T18:48:27","guid":{"rendered":"https:\/\/jundiai.sp.gov.br\/noticias\/?p=275943"},"modified":"2021-09-09T15:48:27","modified_gmt":"2021-09-09T18:48:27","slug":"funss-divulga-lista-de-contemplados-em-cursos-realizados-em-parceria-com-o-senac","status":"publish","type":"post","link":"https:\/\/jundiai.sp.gov.br\/noticias\/2021\/09\/09\/funss-divulga-lista-de-contemplados-em-cursos-realizados-em-parceria-com-o-senac\/","title":{"rendered":"Funss divulga lista de contemplados em cursos realizados em parceria com o Senac"},"content":{"rendered":"\n<p>O Fundo Social de Solidariedade de Jundia\u00ed (Funss) divulga, nesta quinta-feira (09), a lista de matriculados nos cursos de Assistente Administrativo e Assistente de Recursos Humanos, que ser\u00e3o desenvolvidos em parceria com o Senac Jundia\u00ed.<\/p>\n\n\n\n<p>As inscri\u00e7\u00f5es para as capacita\u00e7\u00f5es foram realizadas pela internet e o crit\u00e9rio de preenchimento das vagas foi a ordem de envio do formul\u00e1rio, que considera hora, minuto e segundo. Aos alunos matriculados, a orienta\u00e7\u00f5es ser\u00e3o repassadas por meio do WhatsApp, atrav\u00e9s do n\u00famero de telefone informado no ato da inscri\u00e7\u00e3o. J\u00e1 as fichas n\u00e3o contempladas est\u00e3o, automaticamente, na lista de espera e poder\u00e3o ser convocadas em caso de desist\u00eancia.<\/p>\n\n\n\n<p>Confira os nomes dos alunos matriculados:<\/p>\n\n\n\n<p><strong>Assistente Administrativo (Noite \u2013 18h \u00e0s 22h)<\/strong><\/p>\n\n\n\n<p>1.&nbsp;&nbsp;&nbsp;&nbsp;&nbsp;&nbsp;Patricia Albuquerque Parente<\/p>\n\n\n\n<p>2.&nbsp;&nbsp;&nbsp;&nbsp;&nbsp;&nbsp;G\u00e9ssica Karoline Gomes<\/p>\n\n\n\n<p>3.&nbsp;&nbsp;&nbsp;&nbsp;&nbsp;&nbsp;Lauany de Mello Cruz<\/p>\n\n\n\n<p>4.&nbsp;&nbsp;&nbsp;&nbsp;&nbsp;&nbsp;Izabella Oliveira de Souza<\/p>\n\n\n\n<p>5.&nbsp;&nbsp;&nbsp;&nbsp;&nbsp;&nbsp;Jucerlene Lemos Alencar<\/p>\n\n\n\n<p>6.&nbsp;&nbsp;&nbsp;&nbsp;&nbsp;&nbsp;Ingrid Lorrayne Siqueira Moraes<\/p>\n\n\n\n<p>7.&nbsp;&nbsp;&nbsp;&nbsp;&nbsp;&nbsp;Kelly Cristina Alves<\/p>\n\n\n\n<p>8.&nbsp;&nbsp;&nbsp;&nbsp;&nbsp;&nbsp;Flavia da Costa Rodrigues Souza<\/p>\n\n\n\n<p>9.&nbsp;&nbsp;&nbsp;&nbsp;&nbsp;&nbsp;Renata Cristina Gon\u00e7alves<\/p>\n\n\n\n<p>10.&nbsp;&nbsp;Clelia Nunes Rodrigues<\/p>\n\n\n\n<p>11.&nbsp;&nbsp;Marcos Henrique P. Alves Leal da Silva<\/p>\n\n\n\n<p>12.&nbsp;&nbsp;Jessica Cristina Coitinho Leite<\/p>\n\n\n\n<p>13.&nbsp;&nbsp;Tamara&nbsp;Bernardes de Andrade<\/p>\n\n\n\n<p>14.&nbsp;&nbsp;Greiciane Borburema Schutte Koritar<\/p>\n\n\n\n<p>15.&nbsp;&nbsp;Gabriela Martins Prodocimo<\/p>\n\n\n\n<p>16.&nbsp;&nbsp;Samara Cristina Rocha Brito<\/p>\n\n\n\n<p>17.&nbsp;&nbsp;Ivanesca Lopes Santos<\/p>\n\n\n\n<p>18.&nbsp;&nbsp;Marcia de F\u00e1tima Costa<\/p>\n\n\n\n<p>19.&nbsp;&nbsp;Let\u00edcia da Silva<\/p>\n\n\n\n<p>20.&nbsp;&nbsp;Daniela Gomes de Oliveira<\/p>\n\n\n\n<p>21.&nbsp;&nbsp;Jennifer Alexania Teixeira Pav\u00e3o da Silva<\/p>\n\n\n\n<p>22.&nbsp;&nbsp;Renan Calu Augusto<\/p>\n\n\n\n<p>23.&nbsp;&nbsp;Aline Aparecida da Silva<\/p>\n\n\n\n<p>24.&nbsp;&nbsp;Carla Roberta de Melo<\/p>\n\n\n\n<p>25.&nbsp;&nbsp;Camilly Regina Ferreira Lima<\/p>\n\n\n\n<p>26.&nbsp;&nbsp;Liandra dos Santos Chaves<\/p>\n\n\n\n<p>27.&nbsp;&nbsp;Renata Martins Chaves<\/p>\n\n\n\n<p>28.&nbsp;&nbsp;Of\u00e9lia da Silva Lima<\/p>\n\n\n\n<p>29.&nbsp;&nbsp;Anna Beatriz Andrade dos Santos<\/p>\n\n\n\n<p>30.&nbsp;&nbsp;Maria Juliana Ferreira Barbosa<\/p>\n\n\n\n<p>&nbsp;<strong>Assistente de Recursos Humanos (Noite \u2013 13:30h \u00e0s 17:30h)<\/strong><\/p>\n\n\n\n<p>1.&nbsp;&nbsp;&nbsp;&nbsp;&nbsp;&nbsp;Pamela Beatriz de Morais<\/p>\n\n\n\n<p>2.&nbsp;&nbsp;&nbsp;&nbsp;&nbsp;&nbsp;Fernanda Bader Arcanjo<\/p>\n\n\n\n<p>3.&nbsp;&nbsp;&nbsp;&nbsp;&nbsp;&nbsp;Sabrina Grazielly Rodrigues Lopes<\/p>\n\n\n\n<p>4.&nbsp;&nbsp;&nbsp;&nbsp;&nbsp;&nbsp;Aline Fernanda Martineli<\/p>\n\n\n\n<p>5.&nbsp;&nbsp;&nbsp;&nbsp;&nbsp;&nbsp;Samanta Silva de Lima<\/p>\n\n\n\n<p>6.&nbsp;&nbsp;&nbsp;&nbsp;&nbsp;&nbsp;Talitha Scudeler da Silva<\/p>\n\n\n\n<p>7.&nbsp;&nbsp;&nbsp;&nbsp;&nbsp;&nbsp;Daiana Pereca Paisca<\/p>\n\n\n\n<p>8.&nbsp;&nbsp;&nbsp;&nbsp;&nbsp;&nbsp;Andr\u00e9a Regina de Moraes<\/p>\n\n\n\n<p>9.&nbsp;&nbsp;&nbsp;&nbsp;&nbsp;&nbsp;Emanoela de Souza Carlos<\/p>\n\n\n\n<p>10.&nbsp;&nbsp;Gabrielly Vict\u00f3ria Franco de Oliveira<\/p>\n\n\n\n<p>11.&nbsp;&nbsp;Maria Eduarda Spina de Souza<\/p>\n\n\n\n<p>12.&nbsp;&nbsp;Gabriel Tavares de Carvalho<\/p>\n\n\n\n<p>13.&nbsp;&nbsp;Cristiane Marinho<\/p>\n\n\n\n<p>14.&nbsp;&nbsp;Isabel Cristina do Prado<\/p>\n\n\n\n<p>15.&nbsp;&nbsp;Wolfugan Amadeus dos Santos Martins<\/p>\n\n\n\n<p>16.&nbsp;&nbsp;Karine Andressa Fernandes Pereira<\/p>\n\n\n\n<p>17.&nbsp;&nbsp;Juliane Divina Leal<\/p>\n\n\n\n<p>18.&nbsp;&nbsp;Dirlei Carla Cordeiro de Campos<\/p>\n\n\n\n<p>19.&nbsp;&nbsp;Maria Eduarda Avila Cassiano<\/p>\n\n\n\n<p>20.&nbsp;&nbsp;Denise Cristina Ceron Barbosa<\/p>\n\n\n\n<p>21.&nbsp;&nbsp;Vanessa Jenifer de Oliveira Benitez<\/p>\n\n\n\n<p>22.&nbsp;&nbsp;Verinha Rosa de Lima<\/p>\n\n\n\n<p>23.&nbsp;&nbsp;Karina Fabiana de Morais<\/p>\n\n\n\n<p>24.&nbsp;&nbsp;Bruna Fernanda da Silba<\/p>\n\n\n\n<p>25.&nbsp;&nbsp;Fabiana de Brito Mattozo<\/p>\n\n\n\n<p>26.&nbsp;&nbsp;Adriele Maria da Costa Barbosa<\/p>\n\n\n\n<p>27.&nbsp;&nbsp;Adriana Santana Camilo<\/p>\n\n\n\n<p>28.&nbsp;&nbsp;Adriele Chuff Ven\u00e2ncio<\/p>\n\n\n\n<p>29.&nbsp;&nbsp;T\u00e2nia Farias Torres dos Santos<\/p>\n\n\n\n<p>30.&nbsp;&nbsp;Bruna Cristina Camilo Salcedo<\/p>\n\n\n\n<p>Os cursos ser\u00e3o presenciais e as aulas ocorrer\u00e3o na sede do Fundo Social, dentro do Parque da Uva. O acesso \u00e9 pela avenida Dona Manoela Lacerda de Vergueiro, s\/n, port\u00e3o 03, bairro Anhangaba\u00fa. O funcionamento da unidade \u00e9 de segunda a sexta-feira, das 8h \u00e0s 17h, exceto feriados. Informa\u00e7\u00f5es: (11) 4521-2762, 4521-2929 e 4521-6833.<\/p>\n\n\n\n<p><strong><em>Assessoria de Imprensa<\/em><\/strong><\/p>\n\n\n\n<p><strong><em>Foto: Fot\u00f3grafo PMJ<\/em><\/strong><\/p>\n","protected":false},"excerpt":{"rendered":"<p>O Fundo Social de Solidariedade de Jundia\u00ed (Funss) divulga, nesta quinta-feira (09), a lista de matriculados nos cursos de Assistente Administrativo e Assistente de Recursos Humanos, que ser\u00e3o desenvolvidos em parceria com o Senac Jundia\u00ed. As inscri\u00e7\u00f5es para as capacita\u00e7\u00f5es foram realizadas pela internet e o crit\u00e9rio de preenchimento das vagas foi a ordem de [&hellip;]<\/p>\n","protected":false},"author":49,"featured_media":275342,"comment_status":"closed","ping_status":"closed","sticky":false,"template":"","format":"standard","meta":{"footnotes":""},"categories":[2],"tags":[1039,416],"ods":[],"class_list":["post-275943","post","type-post","status-publish","format-standard","has-post-thumbnail","hentry","category-noticias","tag-cursos-funss","tag-fundo-social-de-solidariedade-funss"],"_links":{"self":[{"href":"https:\/\/jundiai.sp.gov.br\/noticias\/wp-json\/wp\/v2\/posts\/275943","targetHints":{"allow":["GET"]}}],"collection":[{"href":"https:\/\/jundiai.sp.gov.br\/noticias\/wp-json\/wp\/v2\/posts"}],"about":[{"href":"https:\/\/jundiai.sp.gov.br\/noticias\/wp-json\/wp\/v2\/types\/post"}],"author":[{"embeddable":true,"href":"https:\/\/jundiai.sp.gov.br\/noticias\/wp-json\/wp\/v2\/users\/49"}],"replies":[{"embeddable":true,"href":"https:\/\/jundiai.sp.gov.br\/noticias\/wp-json\/wp\/v2\/comments?post=275943"}],"version-history":[{"count":1,"href":"https:\/\/jundiai.sp.gov.br\/noticias\/wp-json\/wp\/v2\/posts\/275943\/revisions"}],"predecessor-version":[{"id":275944,"href":"https:\/\/jundiai.sp.gov.br\/noticias\/wp-json\/wp\/v2\/posts\/275943\/revisions\/275944"}],"wp:featuredmedia":[{"embeddable":true,"href":"https:\/\/jundiai.sp.gov.br\/noticias\/wp-json\/wp\/v2\/media\/275342"}],"wp:attachment":[{"href":"https:\/\/jundiai.sp.gov.br\/noticias\/wp-json\/wp\/v2\/media?parent=275943"}],"wp:term":[{"taxonomy":"category","embeddable":true,"href":"https:\/\/jundiai.sp.gov.br\/noticias\/wp-json\/wp\/v2\/categories?post=275943"},{"taxonomy":"post_tag","embeddable":true,"href":"https:\/\/jundiai.sp.gov.br\/noticias\/wp-json\/wp\/v2\/tags?post=275943"},{"taxonomy":"ods","embeddable":true,"href":"https:\/\/jundiai.sp.gov.br\/noticias\/wp-json\/wp\/v2\/ods?post=275943"}],"curies":[{"name":"wp","href":"https:\/\/api.w.org\/{rel}","templated":true}]}}