{"id":276198,"date":"2021-09-13T17:42:04","date_gmt":"2021-09-13T20:42:04","guid":{"rendered":"https:\/\/jundiai.sp.gov.br\/noticias\/?p=276198"},"modified":"2021-09-13T17:42:04","modified_gmt":"2021-09-13T20:42:04","slug":"comitiva-de-alagoas-visita-jundiai-para-conhecer-o-trabalho-no-agronegocio-e-no-turismo","status":"publish","type":"post","link":"https:\/\/jundiai.sp.gov.br\/noticias\/2021\/09\/13\/comitiva-de-alagoas-visita-jundiai-para-conhecer-o-trabalho-no-agronegocio-e-no-turismo\/","title":{"rendered":"Comitiva de Alagoas visita Jundia\u00ed para conhecer o trabalho no agroneg\u00f3cio e no turismo"},"content":{"rendered":"\n<p>Na \u00faltima sexta-feira (10), o gestor de Agroneg\u00f3cio, Abastecimento e Turismo (UGAAT), Eduardo Alvarez e a diretora de Agroneg\u00f3cio, Isabel Harder, receberam comitiva da secretaria de Agricultura de Alagoas e das cidades de Rio Largo, Cajueiro e Palmeira dos \u00cdndios para apresentar o agroneg\u00f3cio de Jundia\u00ed.<\/p>\n\n\n\n<p>Durante o encontro, Alvarez mostrou os programas desenvolvidos pela UGAAT. \u201cConversamos tanto sobre as a\u00e7\u00f5es realizadas pelo Departamento de Agroneg\u00f3cio, como de Turismo. Eles tiveram grande interesse pelo trabalho realizado no turismo rural e Circuito das Frutas. A comitiva j\u00e1 se planeja para retornar \u00e0 cidade e conhecer mais a fundo as iniciativas realizadas por Jundia\u00ed\u201d, explicou o gestor.\u00a0<\/p>\n\n\n\n<p>No grupo vindo do Alagoas estavam o superintendente da Secretaria de Agricultura do Governo de Alagoas, Luciano Barros, o secret\u00e1rio de Planejamento de Rio Largo, Thiago Melo, o secret\u00e1rio de Agricultura de Cajueiro, Diogo Bezerra e o presidente da Cooperativa Agropecu\u00e1rio Regional de Palmeira dos \u00cdndios (CARPIL) e coordenador da Rota de Fruticultura Alagoana, Luciano Monteiro.<\/p>\n\n\n\n<figure class=\"wp-block-image size-large\"><img loading=\"lazy\" decoding=\"async\" width=\"1020\" height=\"679\" src=\"https:\/\/jundiai.sp.gov.br\/noticias\/wp-content\/uploads\/sites\/32\/2021\/09\/comitiva-alagoas-agronegocio.jpeg\" alt=\"\" class=\"wp-image-276199\" srcset=\"https:\/\/jundiai.sp.gov.br\/noticias\/wp-content\/uploads\/sites\/32\/2021\/09\/comitiva-alagoas-agronegocio.jpeg 1020w, https:\/\/jundiai.sp.gov.br\/noticias\/wp-content\/uploads\/sites\/32\/2021\/09\/comitiva-alagoas-agronegocio-300x200.jpeg 300w, https:\/\/jundiai.sp.gov.br\/noticias\/wp-content\/uploads\/sites\/32\/2021\/09\/comitiva-alagoas-agronegocio-768x511.jpeg 768w, https:\/\/jundiai.sp.gov.br\/noticias\/wp-content\/uploads\/sites\/32\/2021\/09\/comitiva-alagoas-agronegocio-450x300.jpeg 450w\" sizes=\"auto, (max-width: 1020px) 100vw, 1020px\" \/><figcaption>Thiago, Diogo, Luciano e Luciano foram recebidos por Isabel e Alvarez<\/figcaption><\/figure>\n\n\n\n<p><strong>Assessoria de Imprensa <br>Fotos: Divulga\u00e7\u00e3o<\/strong><\/p>\n","protected":false},"excerpt":{"rendered":"<p>Na \u00faltima sexta-feira (10), o gestor de Agroneg\u00f3cio, Abastecimento e Turismo (UGAAT), Eduardo Alvarez e a diretora de Agroneg\u00f3cio, Isabel Harder, receberam comitiva da secretaria de Agricultura de Alagoas e das cidades de Rio Largo, Cajueiro e Palmeira dos \u00cdndios para apresentar o agroneg\u00f3cio de Jundia\u00ed. Durante o encontro, Alvarez mostrou os programas desenvolvidos pela [&hellip;]<\/p>\n","protected":false},"author":70,"featured_media":276199,"comment_status":"closed","ping_status":"closed","sticky":false,"template":"","format":"standard","meta":{"footnotes":""},"categories":[2],"tags":[974],"ods":[],"class_list":["post-276198","post","type-post","status-publish","format-standard","has-post-thumbnail","hentry","category-noticias","tag-agronegocio-abastecimento-e-turismo"],"_links":{"self":[{"href":"https:\/\/jundiai.sp.gov.br\/noticias\/wp-json\/wp\/v2\/posts\/276198","targetHints":{"allow":["GET"]}}],"collection":[{"href":"https:\/\/jundiai.sp.gov.br\/noticias\/wp-json\/wp\/v2\/posts"}],"about":[{"href":"https:\/\/jundiai.sp.gov.br\/noticias\/wp-json\/wp\/v2\/types\/post"}],"author":[{"embeddable":true,"href":"https:\/\/jundiai.sp.gov.br\/noticias\/wp-json\/wp\/v2\/users\/70"}],"replies":[{"embeddable":true,"href":"https:\/\/jundiai.sp.gov.br\/noticias\/wp-json\/wp\/v2\/comments?post=276198"}],"version-history":[{"count":3,"href":"https:\/\/jundiai.sp.gov.br\/noticias\/wp-json\/wp\/v2\/posts\/276198\/revisions"}],"predecessor-version":[{"id":276233,"href":"https:\/\/jundiai.sp.gov.br\/noticias\/wp-json\/wp\/v2\/posts\/276198\/revisions\/276233"}],"wp:featuredmedia":[{"embeddable":true,"href":"https:\/\/jundiai.sp.gov.br\/noticias\/wp-json\/wp\/v2\/media\/276199"}],"wp:attachment":[{"href":"https:\/\/jundiai.sp.gov.br\/noticias\/wp-json\/wp\/v2\/media?parent=276198"}],"wp:term":[{"taxonomy":"category","embeddable":true,"href":"https:\/\/jundiai.sp.gov.br\/noticias\/wp-json\/wp\/v2\/categories?post=276198"},{"taxonomy":"post_tag","embeddable":true,"href":"https:\/\/jundiai.sp.gov.br\/noticias\/wp-json\/wp\/v2\/tags?post=276198"},{"taxonomy":"ods","embeddable":true,"href":"https:\/\/jundiai.sp.gov.br\/noticias\/wp-json\/wp\/v2\/ods?post=276198"}],"curies":[{"name":"wp","href":"https:\/\/api.w.org\/{rel}","templated":true}]}}