{"id":276324,"date":"2021-09-02T14:33:00","date_gmt":"2021-09-02T17:33:00","guid":{"rendered":"https:\/\/jundiai.sp.gov.br\/noticias\/?p=276324"},"modified":"2021-09-16T17:51:26","modified_gmt":"2021-09-16T20:51:26","slug":"nascente-modelo-no-jardim-ermida-i-recebe-indicacao-para-conscientizar-a-populacao","status":"publish","type":"post","link":"https:\/\/jundiai.sp.gov.br\/noticias\/2021\/09\/02\/nascente-modelo-no-jardim-ermida-i-recebe-indicacao-para-conscientizar-a-populacao\/","title":{"rendered":"Nascente Modelo no Jardim Ermida I recebe indica\u00e7\u00e3o para conscientizar a popula\u00e7\u00e3o"},"content":{"rendered":"\n<p>Mesmo frente aos desafios do ensino h\u00edbrido e remoto durante os per\u00edodos mais restritivos da pandemia, a educa\u00e7\u00e3o ambiental da rede municipal de ensino&nbsp; manteve as a\u00e7\u00f5es para promover o trabalho.<\/p>\n\n\n\n<p>Em virtude da n\u00e3o possibilidade de realiza\u00e7\u00e3o de atividades presenciais em 2020 e em boa parte de 2021, a educa\u00e7\u00e3o ambiental manteve a placa de identifica\u00e7\u00e3o \u201cNascente Modelo\u201d, eleita em 2019, no Jardim Ermida I, na avenida Luiz Jos\u00e9 Sereno.<\/p>\n\n\n\n<p>A indica\u00e7\u00e3o teve como objetivo ampliar a conscientiza\u00e7\u00e3o da comunidade. Ao visitarem o local, os alunos e a comunidade podem identificar a \u00e1rea e lembrar da import\u00e2ncia da recupera\u00e7\u00e3o, prote\u00e7\u00e3o e conserva\u00e7\u00e3o da \u00e1gua. \u201cO resultado da a\u00e7\u00e3o \u00e9 percept\u00edvel com a recupera\u00e7\u00e3o da superf\u00edcie e do entorno da Nascente Modelo Ermida I\u201d, explica a coordenadora pedag\u00f3gica do N\u00facleo Socioambiental da Unidade de Educa\u00e7\u00e3o, Walqu\u00edria Plaza Nunes.<\/p>\n\n\n\n<p>Nos anos anteriores, foram realizadas atividades como palestras em parceria das Unidades de Gest\u00e3o de Educa\u00e7\u00e3o, Planejamento Urbano e Meio Ambiente e DAE, que abordaram assuntos como a import\u00e2ncia das nascentes para a produ\u00e7\u00e3o da \u00e1gua que abastece o munic\u00edpio, al\u00e9m de propiciar a infiltra\u00e7\u00e3o adequada para recargas h\u00eddricas, al\u00e9m de plantio de mudas realizado pelas escolas do entorno.<\/p>\n\n\n\n<figure class=\"wp-block-image size-full\"><img loading=\"lazy\" decoding=\"async\" width=\"1134\" height=\"681\" src=\"https:\/\/jundiai.sp.gov.br\/noticias\/wp-content\/uploads\/sites\/32\/2021\/09\/nascente-modelo2-1.png\" alt=\"\" class=\"wp-image-276463\" srcset=\"https:\/\/jundiai.sp.gov.br\/noticias\/wp-content\/uploads\/sites\/32\/2021\/09\/nascente-modelo2-1.png 1134w, https:\/\/jundiai.sp.gov.br\/noticias\/wp-content\/uploads\/sites\/32\/2021\/09\/nascente-modelo2-1-300x180.png 300w, https:\/\/jundiai.sp.gov.br\/noticias\/wp-content\/uploads\/sites\/32\/2021\/09\/nascente-modelo2-1-768x461.png 768w\" sizes=\"auto, (max-width: 1134px) 100vw, 1134px\" \/><figcaption>Nascente Modelo tem objetivo de ampliar a conscientiza\u00e7\u00e3o da popula\u00e7\u00e3o<\/figcaption><\/figure>\n\n\n\n<p><strong>Assessoria de Imprensa<\/strong><br><strong>Fotos: Divulga\u00e7\u00e3o<\/strong><\/p>\n","protected":false},"excerpt":{"rendered":"<p>Mesmo frente aos desafios do ensino h\u00edbrido e remoto durante os per\u00edodos mais restritivos da pandemia, a educa\u00e7\u00e3o ambiental da rede municipal de ensino&nbsp; manteve as a\u00e7\u00f5es para promover o trabalho. Em virtude da n\u00e3o possibilidade de realiza\u00e7\u00e3o de atividades presenciais em 2020 e em boa parte de 2021, a educa\u00e7\u00e3o ambiental manteve a placa [&hellip;]<\/p>\n","protected":false},"author":70,"featured_media":0,"comment_status":"closed","ping_status":"closed","sticky":false,"template":"","format":"standard","meta":{"footnotes":""},"categories":[2],"tags":[6,1221,2269,1012],"ods":[],"class_list":["post-276324","post","type-post","status-publish","format-standard","hentry","category-noticias","tag-educacao","tag-educacao-ambiental","tag-nascente-modelo","tag-programa-municipio-verde-e-azul"],"_links":{"self":[{"href":"https:\/\/jundiai.sp.gov.br\/noticias\/wp-json\/wp\/v2\/posts\/276324","targetHints":{"allow":["GET"]}}],"collection":[{"href":"https:\/\/jundiai.sp.gov.br\/noticias\/wp-json\/wp\/v2\/posts"}],"about":[{"href":"https:\/\/jundiai.sp.gov.br\/noticias\/wp-json\/wp\/v2\/types\/post"}],"author":[{"embeddable":true,"href":"https:\/\/jundiai.sp.gov.br\/noticias\/wp-json\/wp\/v2\/users\/70"}],"replies":[{"embeddable":true,"href":"https:\/\/jundiai.sp.gov.br\/noticias\/wp-json\/wp\/v2\/comments?post=276324"}],"version-history":[{"count":2,"href":"https:\/\/jundiai.sp.gov.br\/noticias\/wp-json\/wp\/v2\/posts\/276324\/revisions"}],"predecessor-version":[{"id":276464,"href":"https:\/\/jundiai.sp.gov.br\/noticias\/wp-json\/wp\/v2\/posts\/276324\/revisions\/276464"}],"wp:attachment":[{"href":"https:\/\/jundiai.sp.gov.br\/noticias\/wp-json\/wp\/v2\/media?parent=276324"}],"wp:term":[{"taxonomy":"category","embeddable":true,"href":"https:\/\/jundiai.sp.gov.br\/noticias\/wp-json\/wp\/v2\/categories?post=276324"},{"taxonomy":"post_tag","embeddable":true,"href":"https:\/\/jundiai.sp.gov.br\/noticias\/wp-json\/wp\/v2\/tags?post=276324"},{"taxonomy":"ods","embeddable":true,"href":"https:\/\/jundiai.sp.gov.br\/noticias\/wp-json\/wp\/v2\/ods?post=276324"}],"curies":[{"name":"wp","href":"https:\/\/api.w.org\/{rel}","templated":true}]}}