{"id":276363,"date":"2021-09-15T18:25:09","date_gmt":"2021-09-15T21:25:09","guid":{"rendered":"https:\/\/jundiai.sp.gov.br\/noticias\/?p=276363"},"modified":"2021-09-15T18:25:09","modified_gmt":"2021-09-15T21:25:09","slug":"jundiai-desenvolve-projeto-piloto-de-floresta-urbana","status":"publish","type":"post","link":"https:\/\/jundiai.sp.gov.br\/noticias\/2021\/09\/15\/jundiai-desenvolve-projeto-piloto-de-floresta-urbana\/","title":{"rendered":"Jundia\u00ed desenvolve projeto Piloto de Floresta Urbana"},"content":{"rendered":"\n<p>Com o objetivo comentar em Jundia\u00ed, por meio de modelo estabelecido, a implanta\u00e7\u00e3o de \u00e1reas verdes de m\u00faltiplos usos em diversos espa\u00e7os, sejam p\u00fablicos ou privados, e ampliar a conscientiza\u00e7\u00e3o da popula\u00e7\u00e3o da import\u00e2ncia da presen\u00e7a de \u00e1reas urbanas arborizadas e planejadas, a Unidade de Gest\u00e3o de Planejamento Urbano e Meio Ambiente (UGPUMA) desenvolve o projeto Piloto de Floresta Urbana.&nbsp;<\/p>\n\n\n\n<p>\u201cA preserva\u00e7\u00e3o de \u00e1reas urbanas arborizadas e planejadas \u00e9 de suma necessidade e promove a constru\u00e7\u00e3o conjunta de diversas solu\u00e7\u00f5es socioambientais. Em Jundia\u00ed, a implanta\u00e7\u00e3o do Piloto de Floresta Urbana est\u00e1 na Avenida Liberdade, que d\u00e1 acesso ao Pa\u00e7o Municipal, via de grande movimento e simbologia para a cidade\u201d, conta o diretor de Meio Ambiente da UGPUMA, Wagner Paiva.&nbsp;<\/p>\n\n\n\n<p>A Floresta Urbana representa um referencial urban\u00edstico com importante car\u00e1ter social, pol\u00edtico, econ\u00f4mico e arquitet\u00f4nico. \u201cAl\u00e9m de desempenhar condi\u00e7\u00f5es e propriedades de uma estrutura arquitet\u00f4nica vegetal, possui importantes atributos hist\u00f3ricos, art\u00edsticos e paisag\u00edsticos. Mas, quando se encontra inserida na malha urbanizada, enfrenta dif\u00edceis condi\u00e7\u00f5es de sobreviv\u00eancia, embora haja reconhecimento que a massa vegetal serve diariamente \u00e0s pessoas que buscam um contato com a natureza, ao realizarem suas atividades urbanas.\u201d, explica Paiva.<\/p>\n\n\n\n<p>S\u00e3o duas categorias de Florestas Urbanas, a primeira pertencendo ao setor privado e a outra ao setor p\u00fablico. Ambas s\u00e3o interligadas e agregadas aos elementos f\u00edsicos. S\u00e3o sujeitas a fun\u00e7\u00e3o do espa\u00e7o, popula\u00e7\u00e3o biol\u00f3gica, valores socioecon\u00f4micos e condi\u00e7\u00f5es geoambientais.<\/p>\n\n\n\n<figure class=\"wp-block-image size-full\"><img loading=\"lazy\" decoding=\"async\" width=\"1280\" height=\"853\" src=\"https:\/\/jundiai.sp.gov.br\/noticias\/wp-content\/uploads\/sites\/32\/2021\/09\/arvores_alameda_paco-5.jpg\" alt=\"Imagem mostra bols\u00e3o verde na \u00e1rea do Pa\u00e7o Municipal, o bols\u00e3o pega as laterais, centro, e estacionamento\" class=\"wp-image-276400\" srcset=\"https:\/\/jundiai.sp.gov.br\/noticias\/wp-content\/uploads\/sites\/32\/2021\/09\/arvores_alameda_paco-5.jpg 1280w, https:\/\/jundiai.sp.gov.br\/noticias\/wp-content\/uploads\/sites\/32\/2021\/09\/arvores_alameda_paco-5-300x200.jpg 300w, https:\/\/jundiai.sp.gov.br\/noticias\/wp-content\/uploads\/sites\/32\/2021\/09\/arvores_alameda_paco-5-768x512.jpg 768w, https:\/\/jundiai.sp.gov.br\/noticias\/wp-content\/uploads\/sites\/32\/2021\/09\/arvores_alameda_paco-5-450x300.jpg 450w\" sizes=\"auto, (max-width: 1280px) 100vw, 1280px\" \/><figcaption>Projeto Piloto de Floresta Urbana \u00e9 realizado na Avenida Liberdade<\/figcaption><\/figure>\n\n\n\n<p><strong>Assessoria de Imprensa<br>Fotos: Fot\u00f3grafos PMJ<\/strong><\/p>\n","protected":false},"excerpt":{"rendered":"<p>Com o objetivo comentar em Jundia\u00ed, por meio de modelo estabelecido, a implanta\u00e7\u00e3o de \u00e1reas verdes de m\u00faltiplos usos em diversos espa\u00e7os, sejam p\u00fablicos ou privados, e ampliar a conscientiza\u00e7\u00e3o da popula\u00e7\u00e3o da import\u00e2ncia da presen\u00e7a de \u00e1reas urbanas arborizadas e planejadas, a Unidade de Gest\u00e3o de Planejamento Urbano e Meio Ambiente (UGPUMA) desenvolve o [&hellip;]<\/p>\n","protected":false},"author":70,"featured_media":276400,"comment_status":"closed","ping_status":"closed","sticky":false,"template":"","format":"standard","meta":{"footnotes":""},"categories":[2],"tags":[2273,32,1012],"ods":[],"class_list":["post-276363","post","type-post","status-publish","format-standard","has-post-thumbnail","hentry","category-noticias","tag-floresta-urbana","tag-planejamento-e-meio-ambiente","tag-programa-municipio-verde-e-azul"],"_links":{"self":[{"href":"https:\/\/jundiai.sp.gov.br\/noticias\/wp-json\/wp\/v2\/posts\/276363","targetHints":{"allow":["GET"]}}],"collection":[{"href":"https:\/\/jundiai.sp.gov.br\/noticias\/wp-json\/wp\/v2\/posts"}],"about":[{"href":"https:\/\/jundiai.sp.gov.br\/noticias\/wp-json\/wp\/v2\/types\/post"}],"author":[{"embeddable":true,"href":"https:\/\/jundiai.sp.gov.br\/noticias\/wp-json\/wp\/v2\/users\/70"}],"replies":[{"embeddable":true,"href":"https:\/\/jundiai.sp.gov.br\/noticias\/wp-json\/wp\/v2\/comments?post=276363"}],"version-history":[{"count":3,"href":"https:\/\/jundiai.sp.gov.br\/noticias\/wp-json\/wp\/v2\/posts\/276363\/revisions"}],"predecessor-version":[{"id":276401,"href":"https:\/\/jundiai.sp.gov.br\/noticias\/wp-json\/wp\/v2\/posts\/276363\/revisions\/276401"}],"wp:featuredmedia":[{"embeddable":true,"href":"https:\/\/jundiai.sp.gov.br\/noticias\/wp-json\/wp\/v2\/media\/276400"}],"wp:attachment":[{"href":"https:\/\/jundiai.sp.gov.br\/noticias\/wp-json\/wp\/v2\/media?parent=276363"}],"wp:term":[{"taxonomy":"category","embeddable":true,"href":"https:\/\/jundiai.sp.gov.br\/noticias\/wp-json\/wp\/v2\/categories?post=276363"},{"taxonomy":"post_tag","embeddable":true,"href":"https:\/\/jundiai.sp.gov.br\/noticias\/wp-json\/wp\/v2\/tags?post=276363"},{"taxonomy":"ods","embeddable":true,"href":"https:\/\/jundiai.sp.gov.br\/noticias\/wp-json\/wp\/v2\/ods?post=276363"}],"curies":[{"name":"wp","href":"https:\/\/api.w.org\/{rel}","templated":true}]}}