{"id":276841,"date":"2021-09-22T14:05:49","date_gmt":"2021-09-22T17:05:49","guid":{"rendered":"https:\/\/jundiai.sp.gov.br\/noticias\/?p=276841"},"modified":"2021-09-22T14:05:49","modified_gmt":"2021-09-22T17:05:49","slug":"atores-fazem-intervencao-com-servidores-publicos-em-dia-mundial-sem-carro","status":"publish","type":"post","link":"https:\/\/jundiai.sp.gov.br\/noticias\/2021\/09\/22\/atores-fazem-intervencao-com-servidores-publicos-em-dia-mundial-sem-carro\/","title":{"rendered":"Atores fazem interven\u00e7\u00e3o com servidores p\u00fablicos em Dia Mundial Sem Carro"},"content":{"rendered":"\n<p>O servidor p\u00fablico foi recebido de maneira diferente na manh\u00e3 desta quarta-feira (22) no Pa\u00e7o Municipal. Como parte da Semana Nacional de Tr\u00e2nsito e no Dia Mundial Sem Carro, a Unidade de Gest\u00e3o de Mobilidade e Transportes (UGMT) fez uma interven\u00e7\u00e3o com atores, que, entre uma brincadeira e outra, entregaram \u00e0s pessoas uma fitinha com a inscri\u00e7\u00e3o \u201cTr\u00e2nsito seguro depende de todos\u201d.<\/p>\n\n\n\n<p>Analista de finan\u00e7as, a servidora Vanessa Cristiane de Andrade gostou da proposta. \u201cFoi uma recep\u00e7\u00e3o diferente, muito gostosa, e ainda por cima tratando da import\u00e2ncia de deixar o carro um pouco em casa e buscar outras formas de locomo\u00e7\u00e3o\u201d, disse ela.<\/p>\n\n\n\n<figure class=\"wp-block-image size-full\"><img loading=\"lazy\" decoding=\"async\" width=\"1214\" height=\"809\" src=\"https:\/\/jundiai.sp.gov.br\/noticias\/wp-content\/uploads\/sites\/32\/2021\/09\/acao-institucional-dia-mundial-sem-carro-no-paco_c_-47.jpg\" alt=\"\" class=\"wp-image-276842\" srcset=\"https:\/\/jundiai.sp.gov.br\/noticias\/wp-content\/uploads\/sites\/32\/2021\/09\/acao-institucional-dia-mundial-sem-carro-no-paco_c_-47.jpg 1214w, https:\/\/jundiai.sp.gov.br\/noticias\/wp-content\/uploads\/sites\/32\/2021\/09\/acao-institucional-dia-mundial-sem-carro-no-paco_c_-47-300x200.jpg 300w, https:\/\/jundiai.sp.gov.br\/noticias\/wp-content\/uploads\/sites\/32\/2021\/09\/acao-institucional-dia-mundial-sem-carro-no-paco_c_-47-768x512.jpg 768w, https:\/\/jundiai.sp.gov.br\/noticias\/wp-content\/uploads\/sites\/32\/2021\/09\/acao-institucional-dia-mundial-sem-carro-no-paco_c_-47-450x300.jpg 450w\" sizes=\"auto, (max-width: 1214px) 100vw, 1214px\" \/><figcaption>Atores, em performance clownesca, proporcionaram uma manh\u00e3 diferente aos servidores que chegavam para trabalhar<\/figcaption><\/figure>\n\n\n\n<p>E mesmo com um dia frio e ventos fortes, houve quem deixou o carro e aderiu \u00e0 bicicleta. \u00c9 o caso das assistentes administrativas Ros\u00e2ngela Rodrigues e Samanta C\u00e1ssia Pifer, ambas da Unidade de Gest\u00e3o de Sa\u00fade. \u201cN\u00f3s moramos em casas pr\u00f3ximas e combinamos de vir pedalando ao trabalho, foi muito bom e revigorante\u201d, relatou Ros\u00e2ngela, que estava h\u00e1 aproximadamente um ano sem pedalar. \u201cSem d\u00favida est\u00e1 sendo um dia diferente, no qual temos mais energia para encarar a rotina de trabalho\u201d, afirmou Samanta, que participa de um grupo de ciclistas e, tr\u00eas vezes por semana, pedala no per\u00edodo noturno.<\/p>\n\n\n\n<p>\u201cA proposta de uma a\u00e7\u00e3o com atores, no Dia Mundial Sem Carro, \u00e9 justamente tratar de um assunto s\u00e9rio &#8211; que envolve sa\u00fade e meio ambiente &#8211; de uma maneira l\u00fadica e descontra\u00edda\u201d, explica o gestor de Mobilidade e Transporte, Aloysio Queiroz. \u201cE durante toda essa semana, nosso lema \u00e9 sempre ampliar a educa\u00e7\u00e3o no tr\u00e2nsito, com atividades que investem na conscientiza\u00e7\u00e3o dos motoristas.\u201d<\/p>\n\n\n\n<p>Os atores presentes no Pa\u00e7o Municipal s\u00e3o da Cia Paulista de Artes. \u201cFizemos uma interven\u00e7\u00e3o clownesca, uma abordagem que fala de um assunto muito s\u00e9rio, mas de forma leve e feliz\u201d, explica a atriz Ellen Navarro. Os atores tamb\u00e9m t\u00eam feito interven\u00e7\u00f5es no tr\u00e2nsito de Jundia\u00ed, com motociclistas e a popula\u00e7\u00e3o em geral, desde o \u00faltimo s\u00e1bado.<\/p>\n\n\n\n<figure class=\"wp-block-image size-full\"><img loading=\"lazy\" decoding=\"async\" width=\"1148\" height=\"765\" src=\"https:\/\/jundiai.sp.gov.br\/noticias\/wp-content\/uploads\/sites\/32\/2021\/09\/acao-institucional-dia-mundial-sem-carro-no-paco_c_-64.jpg\" alt=\"\" class=\"wp-image-276843\" srcset=\"https:\/\/jundiai.sp.gov.br\/noticias\/wp-content\/uploads\/sites\/32\/2021\/09\/acao-institucional-dia-mundial-sem-carro-no-paco_c_-64.jpg 1148w, https:\/\/jundiai.sp.gov.br\/noticias\/wp-content\/uploads\/sites\/32\/2021\/09\/acao-institucional-dia-mundial-sem-carro-no-paco_c_-64-300x200.jpg 300w, https:\/\/jundiai.sp.gov.br\/noticias\/wp-content\/uploads\/sites\/32\/2021\/09\/acao-institucional-dia-mundial-sem-carro-no-paco_c_-64-768x512.jpg 768w, https:\/\/jundiai.sp.gov.br\/noticias\/wp-content\/uploads\/sites\/32\/2021\/09\/acao-institucional-dia-mundial-sem-carro-no-paco_c_-64-450x300.jpg 450w\" sizes=\"auto, (max-width: 1148px) 100vw, 1148px\" \/><figcaption> Vanessa Cristiane gostou da a\u00e7\u00e3o: &#8220;foi uma recep\u00e7\u00e3o diferente&#8221;<\/figcaption><\/figure>\n\n\n\n<p>A Semana Nacional de Tr\u00e2nsito continua at\u00e9 s\u00e1bado com diferentes atividades. Neste ano, o evento tem o tema \u201cDicas de Condu\u00e7\u00e3o Segura \u2013 Motociclista \u2013 Ver e Ser Visto\u201d. <\/p>\n\n\n\n<p><strong>Confira a programa\u00e7\u00e3o abaixo:<\/strong><\/p>\n\n\n\n<p><strong>Quinta-feira (23)<\/strong> \u2013 Palestra em escola \u2013 Palestra de seguran\u00e7a para o tr\u00e2nsito para alunos da EMEB Irm\u00e3 Fl\u00f3rida Mestag, \u00e0s 8h.<\/p>\n\n\n\n<p><strong>Sexta-feira (24)<\/strong> \u2013 \u201cS\u00f3 Um Minutinho\u201d \u2013 A\u00e7\u00e3o de respeito \u00e0s vagas preferenciais no Centro, com uso de cadeiras de rodas em vagas de estacionamento regular. Ser\u00e1 realizado na Rua Naim Miguel das 8h \u00e0s 11h, ocupando 7 vagas de estacionamento regulares.<\/p>\n\n\n\n<p><strong>S\u00e1bado (25)<\/strong> \u2013 Sentindo na Pele \u2013 Projeto com viv\u00eancias das dificuldades de pessoas com defici\u00eancia e com mobilidade reduzida. No Pa\u00e7o Municipal, das 9h \u00e0s 12h.<\/p>\n\n\n\n<p><strong>Assessoria de Imprensa<br>Foto: fot\u00f3grafo PMJ<\/strong><\/p>\n","protected":false},"excerpt":{"rendered":"<p>O servidor p\u00fablico foi recebido de maneira diferente na manh\u00e3 desta quarta-feira (22) no Pa\u00e7o Municipal. Como parte da Semana Nacional de Tr\u00e2nsito e no Dia Mundial Sem Carro, a Unidade de Gest\u00e3o de Mobilidade e Transportes (UGMT) fez uma interven\u00e7\u00e3o com atores, que, entre uma brincadeira e outra, entregaram \u00e0s pessoas uma fitinha com [&hellip;]<\/p>\n","protected":false},"author":71,"featured_media":276843,"comment_status":"closed","ping_status":"closed","sticky":false,"template":"","format":"standard","meta":{"footnotes":""},"categories":[2],"tags":[2289,982,2248],"ods":[],"class_list":["post-276841","post","type-post","status-publish","format-standard","has-post-thumbnail","hentry","category-noticias","tag-dia-mundial-sem-carro","tag-mobilidade-e-transporte","tag-semana-nacional-de-transito"],"_links":{"self":[{"href":"https:\/\/jundiai.sp.gov.br\/noticias\/wp-json\/wp\/v2\/posts\/276841","targetHints":{"allow":["GET"]}}],"collection":[{"href":"https:\/\/jundiai.sp.gov.br\/noticias\/wp-json\/wp\/v2\/posts"}],"about":[{"href":"https:\/\/jundiai.sp.gov.br\/noticias\/wp-json\/wp\/v2\/types\/post"}],"author":[{"embeddable":true,"href":"https:\/\/jundiai.sp.gov.br\/noticias\/wp-json\/wp\/v2\/users\/71"}],"replies":[{"embeddable":true,"href":"https:\/\/jundiai.sp.gov.br\/noticias\/wp-json\/wp\/v2\/comments?post=276841"}],"version-history":[{"count":1,"href":"https:\/\/jundiai.sp.gov.br\/noticias\/wp-json\/wp\/v2\/posts\/276841\/revisions"}],"predecessor-version":[{"id":276844,"href":"https:\/\/jundiai.sp.gov.br\/noticias\/wp-json\/wp\/v2\/posts\/276841\/revisions\/276844"}],"wp:featuredmedia":[{"embeddable":true,"href":"https:\/\/jundiai.sp.gov.br\/noticias\/wp-json\/wp\/v2\/media\/276843"}],"wp:attachment":[{"href":"https:\/\/jundiai.sp.gov.br\/noticias\/wp-json\/wp\/v2\/media?parent=276841"}],"wp:term":[{"taxonomy":"category","embeddable":true,"href":"https:\/\/jundiai.sp.gov.br\/noticias\/wp-json\/wp\/v2\/categories?post=276841"},{"taxonomy":"post_tag","embeddable":true,"href":"https:\/\/jundiai.sp.gov.br\/noticias\/wp-json\/wp\/v2\/tags?post=276841"},{"taxonomy":"ods","embeddable":true,"href":"https:\/\/jundiai.sp.gov.br\/noticias\/wp-json\/wp\/v2\/ods?post=276841"}],"curies":[{"name":"wp","href":"https:\/\/api.w.org\/{rel}","templated":true}]}}