{"id":277303,"date":"2021-09-28T18:45:25","date_gmt":"2021-09-28T21:45:25","guid":{"rendered":"https:\/\/jundiai.sp.gov.br\/noticias\/?p=277303"},"modified":"2021-09-29T09:05:24","modified_gmt":"2021-09-29T12:05:24","slug":"semana-do-idoso-live-desta-quarta-29-trata-da-convivencia-e-da-saude-fisica-e-mental","status":"publish","type":"post","link":"https:\/\/jundiai.sp.gov.br\/noticias\/2021\/09\/28\/semana-do-idoso-live-desta-quarta-29-trata-da-convivencia-e-da-saude-fisica-e-mental\/","title":{"rendered":"Semana do Idoso: live desta quarta (29) trata da conviv\u00eancia e da sa\u00fade f\u00edsica e mental"},"content":{"rendered":"\n<p>Dentro da programa\u00e7\u00e3o da Semana do Idoso, ser\u00e1 realizada nesta quarta-feira (29), a partir das 9h, uma live com o tema \u201cA conviv\u00eancia do Idoso, relacionada aos aspectos de sa\u00fade f\u00edsica e mental\u201d. A programa\u00e7\u00e3o \u00e9 realizada pela Unidade de Gest\u00e3o da Casa Civil (UGCC), por meio da Assessoria de Pol\u00edticas para o Idoso, em parceria com o Conselho Municipal de Direitos da pessoa Idosa (COMDIPI), e que conta com o apoio da Unidade de Gest\u00e3o de Cultura (UGC), com apresenta\u00e7\u00e3o cultural e transmiss\u00e3o ao vivo pelos canais oficiais da Unidade de Gest\u00e3o de Cultura no <a rel=\"noreferrer noopener\" href=\"https:\/\/www.facebook.com\/culturajundiai\/\" target=\"_blank\">Facebook<\/a>&nbsp;e&nbsp;<a rel=\"noreferrer noopener\" href=\"https:\/\/www.youtube.com\/c\/CulturaJundia%C3%AD\/featured\" target=\"_blank\">YouTube<\/a>.<\/p>\n\n\n\n<p>A apresenta\u00e7\u00e3o cultural fica por conta do Grupo de Dan\u00e7a \u201cGera\u00e7\u00e3o + 60\u201d. Na sequ\u00eancia participam como convidados especiais: C\u00e1ssia Carpi do Prado, pedagoga, psic\u00f3loga, diretora do Departamento de Prote\u00e7\u00e3o Social B\u00e1sica da Unidade de Gest\u00e3o de Assist\u00eancia e Desenvolvimento Social (UGADS) e integrante do Comdipi; Vivian Alflen, fisioterapeuta especialista em Gerontologia; e o professor Afonso Ant\u00f4nio Machado, docente e coordenador do Laborat\u00f3rio de Estudos e Pesquisas em Psicologia do Esporte da Unesp, e mestre e doutor pela Unicamp.<\/p>\n\n\n\n<figure class=\"wp-block-image size-full\"><img loading=\"lazy\" decoding=\"async\" width=\"1280\" height=\"853\" src=\"https:\/\/jundiai.sp.gov.br\/noticias\/wp-content\/uploads\/sites\/32\/2021\/09\/jori-natacao-no-sesao_c_-16.jpg\" alt=\"Idosos nadando de costas em raias de piscina, com toucas e \u00f3culos de nata\u00e7\u00e3o\" class=\"wp-image-277308\" srcset=\"https:\/\/jundiai.sp.gov.br\/noticias\/wp-content\/uploads\/sites\/32\/2021\/09\/jori-natacao-no-sesao_c_-16.jpg 1280w, https:\/\/jundiai.sp.gov.br\/noticias\/wp-content\/uploads\/sites\/32\/2021\/09\/jori-natacao-no-sesao_c_-16-300x200.jpg 300w, https:\/\/jundiai.sp.gov.br\/noticias\/wp-content\/uploads\/sites\/32\/2021\/09\/jori-natacao-no-sesao_c_-16-768x512.jpg 768w, https:\/\/jundiai.sp.gov.br\/noticias\/wp-content\/uploads\/sites\/32\/2021\/09\/jori-natacao-no-sesao_c_-16-450x300.jpg 450w\" sizes=\"auto, (max-width: 1280px) 100vw, 1280px\" \/><figcaption>Encontro on-line ir\u00e1 tratar da rela\u00e7\u00e3o entre a conviv\u00eancia entre os idosos e os aspectos da sa\u00fade f\u00edsica e mental <\/figcaption><\/figure>\n\n\n\n<p>Como mediadores, o encontro contar\u00e1 com as participa\u00e7\u00f5es da presidente do Comdipi, Teresa Nering Bor\u00e7ari; da assessora de Pol\u00edticas para o Idoso, Alessandra Citelli, assessora de Pol\u00edticas para o Idoso; do gestor da UGC, Marcelo Peroni; e da diretora do Departamento de Educa\u00e7\u00e3o Infantil da Unidade de Gest\u00e3o de Educa\u00e7\u00e3o, Thais Non\u00f4.<\/p>\n\n\n\n<p>A Semana do Idoso tem por objetivos proporcionar socializa\u00e7\u00e3o, descontra\u00e7\u00e3o, al\u00e9m de promover a autoestima e bem-estar das pessoas idosas, e ao mesmo tempo promover uma reflex\u00e3o sobre a import\u00e2ncia que o p\u00fablico idoso tem em nossa sociedade.<\/p>\n\n\n\n<p>A programa\u00e7\u00e3o prossegue no dia 30, com atividades propostas pela Funda\u00e7\u00e3o TVTEC, Unidade de Gest\u00e3o de Sa\u00fade e Procon M\u00f3vel. No dia 01 de outubro, para encerrar a Semana do Idoso ser\u00e1 lan\u00e7ado o programa Turismo do Idoso, em parceria com a Unidade de Gest\u00e3o de Agroneg\u00f3cio, Abastecimento e Turismo. A proposta \u00e9 fomentar o turismo do idoso, levando-o a conhecer, por exemplo, as Rotas Tur\u00edsticas de Jundia\u00ed.&nbsp;<a href=\"https:\/\/www.canva.com\/design\/DAEqNtOjB-w\/R5u4dYNvBiu-kzplAwAMNg\/view?website#1:semana-do-idoso-2021\" target=\"_blank\" rel=\"noreferrer noopener\">A programa\u00e7\u00e3o completa pode ser conferida na internet<\/a>.<\/p>\n\n\n\n<p><strong>Assessoria de Imprensa<br>Foto: Arquivo PMJ<\/strong><\/p>\n","protected":false},"excerpt":{"rendered":"<p>Dentro da programa\u00e7\u00e3o da Semana do Idoso, ser\u00e1 realizada nesta quarta-feira (29), a partir das 9h, uma live com o tema \u201cA conviv\u00eancia do Idoso, relacionada aos aspectos de sa\u00fade f\u00edsica e mental\u201d. A programa\u00e7\u00e3o \u00e9 realizada pela Unidade de Gest\u00e3o da Casa Civil (UGCC), por meio da Assessoria de Pol\u00edticas para o Idoso, em [&hellip;]<\/p>\n","protected":false},"author":14,"featured_media":277308,"comment_status":"closed","ping_status":"closed","sticky":false,"template":"","format":"standard","meta":{"footnotes":""},"categories":[2],"tags":[988,62,374,29,779],"ods":[],"class_list":["post-277303","post","type-post","status-publish","format-standard","has-post-thumbnail","hentry","category-noticias","tag-assessoria-de-politicas-para-o-idoso","tag-casa-civil","tag-conselho-da-pessoa-idosa","tag-cultura","tag-semana-do-idoso"],"_links":{"self":[{"href":"https:\/\/jundiai.sp.gov.br\/noticias\/wp-json\/wp\/v2\/posts\/277303","targetHints":{"allow":["GET"]}}],"collection":[{"href":"https:\/\/jundiai.sp.gov.br\/noticias\/wp-json\/wp\/v2\/posts"}],"about":[{"href":"https:\/\/jundiai.sp.gov.br\/noticias\/wp-json\/wp\/v2\/types\/post"}],"author":[{"embeddable":true,"href":"https:\/\/jundiai.sp.gov.br\/noticias\/wp-json\/wp\/v2\/users\/14"}],"replies":[{"embeddable":true,"href":"https:\/\/jundiai.sp.gov.br\/noticias\/wp-json\/wp\/v2\/comments?post=277303"}],"version-history":[{"count":2,"href":"https:\/\/jundiai.sp.gov.br\/noticias\/wp-json\/wp\/v2\/posts\/277303\/revisions"}],"predecessor-version":[{"id":277309,"href":"https:\/\/jundiai.sp.gov.br\/noticias\/wp-json\/wp\/v2\/posts\/277303\/revisions\/277309"}],"wp:featuredmedia":[{"embeddable":true,"href":"https:\/\/jundiai.sp.gov.br\/noticias\/wp-json\/wp\/v2\/media\/277308"}],"wp:attachment":[{"href":"https:\/\/jundiai.sp.gov.br\/noticias\/wp-json\/wp\/v2\/media?parent=277303"}],"wp:term":[{"taxonomy":"category","embeddable":true,"href":"https:\/\/jundiai.sp.gov.br\/noticias\/wp-json\/wp\/v2\/categories?post=277303"},{"taxonomy":"post_tag","embeddable":true,"href":"https:\/\/jundiai.sp.gov.br\/noticias\/wp-json\/wp\/v2\/tags?post=277303"},{"taxonomy":"ods","embeddable":true,"href":"https:\/\/jundiai.sp.gov.br\/noticias\/wp-json\/wp\/v2\/ods?post=277303"}],"curies":[{"name":"wp","href":"https:\/\/api.w.org\/{rel}","templated":true}]}}