{"id":277455,"date":"2021-09-30T15:38:58","date_gmt":"2021-09-30T18:38:58","guid":{"rendered":"https:\/\/jundiai.sp.gov.br\/noticias\/?p=277455"},"modified":"2021-09-30T15:38:58","modified_gmt":"2021-09-30T18:38:58","slug":"complexo-fepasa-recebe-oficinas-de-artes-cenicas-gratuitas-para-jovens","status":"publish","type":"post","link":"https:\/\/jundiai.sp.gov.br\/noticias\/2021\/09\/30\/complexo-fepasa-recebe-oficinas-de-artes-cenicas-gratuitas-para-jovens\/","title":{"rendered":"Complexo Fepasa recebe oficinas de Artes C\u00eanicas gratuitas para jovens"},"content":{"rendered":"\n<p>A Sala dos Rel\u00f3gios, no Complexo Fepasa, vai abrigar na pr\u00f3xima segunda (04) e quarta-feira (06), das 9h \u00e0s 16h, as oficinas de teatro do projeto \u201cA arte nos move\u201d, uma promo\u00e7\u00e3o da Secretaria da Cultura e Economia Criativa do Estado de S\u00e3o Paulo, por meio do Programa de A\u00e7\u00e3o Cultural (ProAC) e apoio da Unidade de Gest\u00e3o de Cultura de Jundia\u00ed.<\/p>\n\n\n\n<p>As oficinas de Artes C\u00eanicas envolver\u00e3o atividades de teatro, m\u00edmica e malabarismo, podendo participar jovens a partir dos 15 anos. <a href=\"http:\/\/www.bit.ly\/aartenosmove\" target=\"_blank\" rel=\"noreferrer noopener\">As inscri\u00e7\u00f5es s\u00e3o gratuitas e devem ser feitas pela internet<\/a>. Ser\u00e3o oferecidas 25 vagas.<\/p>\n\n\n\n<p>O projeto \u201cA arte nos move\u201d tem o objetivo de criar um espa\u00e7o para o aprendizado e desenvolvimento de t\u00e9cnicas fundamentais para a forma\u00e7\u00e3o de jovens atores, contribuindo para a sua profissionaliza\u00e7\u00e3o e crescimento pessoal; al\u00e9m de garantir condi\u00e7\u00f5es de acesso para novos talentos de forma gratuita.<\/p>\n\n\n\n<p>O Complexo Fepasa est\u00e1 localizado na Avenida Uni\u00e3o dos Ferrovi\u00e1rios, 1760 \u2013 Centro.<\/p>\n\n\n\n<figure class=\"wp-block-image size-large\"><img loading=\"lazy\" decoding=\"async\" width=\"960\" height=\"960\" src=\"https:\/\/jundiai.sp.gov.br\/noticias\/wp-content\/uploads\/sites\/32\/2021\/09\/post-960x960.png\" alt=\"\" class=\"wp-image-277457\" srcset=\"https:\/\/jundiai.sp.gov.br\/noticias\/wp-content\/uploads\/sites\/32\/2021\/09\/post-960x960.png 960w, https:\/\/jundiai.sp.gov.br\/noticias\/wp-content\/uploads\/sites\/32\/2021\/09\/post-300x300.png 300w, https:\/\/jundiai.sp.gov.br\/noticias\/wp-content\/uploads\/sites\/32\/2021\/09\/post-100x100.png 100w, https:\/\/jundiai.sp.gov.br\/noticias\/wp-content\/uploads\/sites\/32\/2021\/09\/post-768x768.png 768w, https:\/\/jundiai.sp.gov.br\/noticias\/wp-content\/uploads\/sites\/32\/2021\/09\/post.png 1280w\" sizes=\"auto, (max-width: 960px) 100vw, 960px\" \/><\/figure>\n\n\n\n<p><strong>Assessoria de Imprensa<br>Foto: Divulga\u00e7\u00e3o<\/strong><\/p>\n","protected":false},"excerpt":{"rendered":"<p>A Sala dos Rel\u00f3gios, no Complexo Fepasa, vai abrigar na pr\u00f3xima segunda (04) e quarta-feira (06), das 9h \u00e0s 16h, as oficinas de teatro do projeto \u201cA arte nos move\u201d, uma promo\u00e7\u00e3o da Secretaria da Cultura e Economia Criativa do Estado de S\u00e3o Paulo, por meio do Programa de A\u00e7\u00e3o Cultural (ProAC) e apoio da [&hellip;]<\/p>\n","protected":false},"author":14,"featured_media":277456,"comment_status":"closed","ping_status":"closed","sticky":false,"template":"","format":"standard","meta":{"footnotes":""},"categories":[2],"tags":[29,449,763],"ods":[],"class_list":["post-277455","post","type-post","status-publish","format-standard","has-post-thumbnail","hentry","category-noticias","tag-cultura","tag-espaco-expressa","tag-oficinas-culturais"],"_links":{"self":[{"href":"https:\/\/jundiai.sp.gov.br\/noticias\/wp-json\/wp\/v2\/posts\/277455","targetHints":{"allow":["GET"]}}],"collection":[{"href":"https:\/\/jundiai.sp.gov.br\/noticias\/wp-json\/wp\/v2\/posts"}],"about":[{"href":"https:\/\/jundiai.sp.gov.br\/noticias\/wp-json\/wp\/v2\/types\/post"}],"author":[{"embeddable":true,"href":"https:\/\/jundiai.sp.gov.br\/noticias\/wp-json\/wp\/v2\/users\/14"}],"replies":[{"embeddable":true,"href":"https:\/\/jundiai.sp.gov.br\/noticias\/wp-json\/wp\/v2\/comments?post=277455"}],"version-history":[{"count":3,"href":"https:\/\/jundiai.sp.gov.br\/noticias\/wp-json\/wp\/v2\/posts\/277455\/revisions"}],"predecessor-version":[{"id":277482,"href":"https:\/\/jundiai.sp.gov.br\/noticias\/wp-json\/wp\/v2\/posts\/277455\/revisions\/277482"}],"wp:featuredmedia":[{"embeddable":true,"href":"https:\/\/jundiai.sp.gov.br\/noticias\/wp-json\/wp\/v2\/media\/277456"}],"wp:attachment":[{"href":"https:\/\/jundiai.sp.gov.br\/noticias\/wp-json\/wp\/v2\/media?parent=277455"}],"wp:term":[{"taxonomy":"category","embeddable":true,"href":"https:\/\/jundiai.sp.gov.br\/noticias\/wp-json\/wp\/v2\/categories?post=277455"},{"taxonomy":"post_tag","embeddable":true,"href":"https:\/\/jundiai.sp.gov.br\/noticias\/wp-json\/wp\/v2\/tags?post=277455"},{"taxonomy":"ods","embeddable":true,"href":"https:\/\/jundiai.sp.gov.br\/noticias\/wp-json\/wp\/v2\/ods?post=277455"}],"curies":[{"name":"wp","href":"https:\/\/api.w.org\/{rel}","templated":true}]}}