{"id":277483,"date":"2021-09-30T16:45:08","date_gmt":"2021-09-30T19:45:08","guid":{"rendered":"https:\/\/jundiai.sp.gov.br\/noticias\/?p=277483"},"modified":"2021-09-30T16:45:08","modified_gmt":"2021-09-30T19:45:08","slug":"campanha-nacional-de-multivacinacao-comeca-nesta-sexta-feira-1","status":"publish","type":"post","link":"https:\/\/jundiai.sp.gov.br\/noticias\/2021\/09\/30\/campanha-nacional-de-multivacinacao-comeca-nesta-sexta-feira-1\/","title":{"rendered":"Campanha Nacional de Multivacina\u00e7\u00e3o come\u00e7a nesta sexta-feira (1)"},"content":{"rendered":"\n<p>A partir desta sexta-feira (1), a Prefeitura de Jundia\u00ed realiza a Campanha Nacional de Multivacina\u00e7\u00e3o, com foco na atualiza\u00e7\u00e3o e complemento da carteira de vacina\u00e7\u00e3o de crian\u00e7as de 0 a adolescentes de 14 anos. As doses ser\u00e3o aplicadas at\u00e9 dia 29 de outubro em todas as Unidades B\u00e1sicas de Sa\u00fade (UBSs) e Cl\u00ednica da Fam\u00edlia de Jundia\u00ed.  \u00a0<\/p>\n\n\n\n<p>A a\u00e7\u00e3o, desencadeada pelo Minist\u00e9rio da Sa\u00fade, pretende incentivar pais a levarem os filhos para a imuniza\u00e7\u00e3o com as vacinas oferecidas pelo Sistema \u00danico de Sa\u00fade (SUS). De acordo com a enfermeira e coordenadora da Vigil\u00e2ncia Epidemiol\u00f3gica (VE) da Unidade de Gest\u00e3o de Promo\u00e7\u00e3o da Sa\u00fade (UGPS) da Prefeitura de Jundia\u00ed, Maria do Carmo Possidente, a pandemia da COVID-19 reduziu, em 2020, a procura pela vacina\u00e7\u00e3o. &#8220;Em 2021 identificamos uma melhora. No entanto, \u00e9 necess\u00e1rio que as pessoas que deixaram de levar os filhos para a vacina\u00e7\u00e3o no ano passado, busquem a sua UBS de refer\u00eancia para a atualiza\u00e7\u00e3o das doses. A vacina\u00e7\u00e3o protege contra doen\u00e7as e evita a circula\u00e7\u00e3o de v\u00edrus&#8221;, explica.<\/p>\n\n\n\n<figure class=\"wp-block-image size-full\"><img loading=\"lazy\" decoding=\"async\" width=\"1280\" height=\"853\" src=\"https:\/\/jundiai.sp.gov.br\/noticias\/wp-content\/uploads\/sites\/32\/2021\/09\/vacinacao_infantil_ubs_hortolandia-17.jpg\" alt=\"\" class=\"wp-image-277490\" srcset=\"https:\/\/jundiai.sp.gov.br\/noticias\/wp-content\/uploads\/sites\/32\/2021\/09\/vacinacao_infantil_ubs_hortolandia-17.jpg 1280w, https:\/\/jundiai.sp.gov.br\/noticias\/wp-content\/uploads\/sites\/32\/2021\/09\/vacinacao_infantil_ubs_hortolandia-17-300x200.jpg 300w, https:\/\/jundiai.sp.gov.br\/noticias\/wp-content\/uploads\/sites\/32\/2021\/09\/vacinacao_infantil_ubs_hortolandia-17-768x512.jpg 768w, https:\/\/jundiai.sp.gov.br\/noticias\/wp-content\/uploads\/sites\/32\/2021\/09\/vacinacao_infantil_ubs_hortolandia-17-450x300.jpg 450w\" sizes=\"auto, (max-width: 1280px) 100vw, 1280px\" \/><figcaption>Campanha Multivacina\u00e7\u00e3o ser\u00e1 realizada ao longo do m\u00eas de outubro, com foco em crian\u00e7as e adolescentes entre 0 a 14 anos<\/figcaption><\/figure>\n\n\n\n<p>Al\u00e9m da aplica\u00e7\u00e3o de segunda a sexta-feira, no hor\u00e1rio de funcionamento de cada UBS, no s\u00e1bado, 16, ser\u00e1 realizado o &#8220;Dia V&#8221;, com atendimento das 8h \u00e0s 17h nas unidades: UBS Agapeama, UBS Fazenda Grande, UBS Morada das Vinhas, UBS Tamoio e UBS Rio Branco. A campanha segue at\u00e9 dia 29 de outubro. \u00a0<\/p>\n\n\n\n<p>Todas as Unidades B\u00e1sicas de Sa\u00fade (UBSs) e a Cl\u00ednica da Fam\u00edlia Novo Horizonte realizam a aplica\u00e7\u00e3o das doses de vacinas para crian\u00e7as oferecidas pelo Sistema \u00danico de Sa\u00fade, ou seja: BCG, DTP, FA, Hepatite A, Meningoc\u00f3ccica C, Pentavalente, Pneumoc\u00f3ccica, Poliomielite, Rotav\u00edrus Humano, Tr\u00edplice Viral, Hepatite B e Varicela. Ainda para adultos e adolescentes constam Dupla Adulto, DTPA (gestante), HPV e Meningo ACWY.<\/p>\n\n\n\n<p><strong>Assessoria de Imprensa<br>Fotos: Fot\u00f3grafos PMJ<\/strong><\/p>\n","protected":false},"excerpt":{"rendered":"<p>A partir desta sexta-feira (1), a Prefeitura de Jundia\u00ed realiza a Campanha Nacional de Multivacina\u00e7\u00e3o, com foco na atualiza\u00e7\u00e3o e complemento da carteira de vacina\u00e7\u00e3o de crian\u00e7as de 0 a adolescentes de 14 anos. As doses ser\u00e3o aplicadas at\u00e9 dia 29 de outubro em todas as Unidades B\u00e1sicas de Sa\u00fade (UBSs) e Cl\u00ednica da Fam\u00edlia [&hellip;]<\/p>\n","protected":false},"author":39,"featured_media":277490,"comment_status":"closed","ping_status":"closed","sticky":false,"template":"","format":"standard","meta":{"footnotes":""},"categories":[2],"tags":[981,421],"ods":[],"class_list":["post-277483","post","type-post","status-publish","format-standard","has-post-thumbnail","hentry","category-noticias","tag-promocao-da-saude","tag-vacinacao"],"_links":{"self":[{"href":"https:\/\/jundiai.sp.gov.br\/noticias\/wp-json\/wp\/v2\/posts\/277483","targetHints":{"allow":["GET"]}}],"collection":[{"href":"https:\/\/jundiai.sp.gov.br\/noticias\/wp-json\/wp\/v2\/posts"}],"about":[{"href":"https:\/\/jundiai.sp.gov.br\/noticias\/wp-json\/wp\/v2\/types\/post"}],"author":[{"embeddable":true,"href":"https:\/\/jundiai.sp.gov.br\/noticias\/wp-json\/wp\/v2\/users\/39"}],"replies":[{"embeddable":true,"href":"https:\/\/jundiai.sp.gov.br\/noticias\/wp-json\/wp\/v2\/comments?post=277483"}],"version-history":[{"count":4,"href":"https:\/\/jundiai.sp.gov.br\/noticias\/wp-json\/wp\/v2\/posts\/277483\/revisions"}],"predecessor-version":[{"id":277492,"href":"https:\/\/jundiai.sp.gov.br\/noticias\/wp-json\/wp\/v2\/posts\/277483\/revisions\/277492"}],"wp:featuredmedia":[{"embeddable":true,"href":"https:\/\/jundiai.sp.gov.br\/noticias\/wp-json\/wp\/v2\/media\/277490"}],"wp:attachment":[{"href":"https:\/\/jundiai.sp.gov.br\/noticias\/wp-json\/wp\/v2\/media?parent=277483"}],"wp:term":[{"taxonomy":"category","embeddable":true,"href":"https:\/\/jundiai.sp.gov.br\/noticias\/wp-json\/wp\/v2\/categories?post=277483"},{"taxonomy":"post_tag","embeddable":true,"href":"https:\/\/jundiai.sp.gov.br\/noticias\/wp-json\/wp\/v2\/tags?post=277483"},{"taxonomy":"ods","embeddable":true,"href":"https:\/\/jundiai.sp.gov.br\/noticias\/wp-json\/wp\/v2\/ods?post=277483"}],"curies":[{"name":"wp","href":"https:\/\/api.w.org\/{rel}","templated":true}]}}