{"id":277911,"date":"2021-10-06T16:20:17","date_gmt":"2021-10-06T19:20:17","guid":{"rendered":"https:\/\/jundiai.sp.gov.br\/noticias\/?p=277911"},"modified":"2021-10-07T09:35:36","modified_gmt":"2021-10-07T12:35:36","slug":"representantes-da-cetesb-participam-de-reuniao-na-prefeitura","status":"publish","type":"post","link":"https:\/\/jundiai.sp.gov.br\/noticias\/2021\/10\/06\/representantes-da-cetesb-participam-de-reuniao-na-prefeitura\/","title":{"rendered":"Representantes da Cetesb participam de reuni\u00e3o na Prefeitura"},"content":{"rendered":"\n<p>Representantes da Cetesb (Companhia Ambiental do Estado de S\u00e3o Paulo) de Jundia\u00ed participaram de uma reuni\u00e3o com o prefeito Luiz Fernando Machado, gestores e t\u00e9cnicos municipais na manh\u00e3 desta quarta-feira (06), no Pa\u00e7o Municipal. Al\u00e9m de falar sobre seus programas de governo, o prefeito discutiu com os visitantes desafios tanto para a Prefeitura quanto para a Cetesb.<\/p>\n\n\n\n<figure class=\"wp-block-image size-full\"><img loading=\"lazy\" decoding=\"async\" width=\"1280\" height=\"851\" src=\"https:\/\/jundiai.sp.gov.br\/noticias\/wp-content\/uploads\/sites\/32\/2021\/10\/reuniao_cetesb_gabinete-228-1.jpg\" alt=\"\" class=\"wp-image-277943\" srcset=\"https:\/\/jundiai.sp.gov.br\/noticias\/wp-content\/uploads\/sites\/32\/2021\/10\/reuniao_cetesb_gabinete-228-1.jpg 1280w, https:\/\/jundiai.sp.gov.br\/noticias\/wp-content\/uploads\/sites\/32\/2021\/10\/reuniao_cetesb_gabinete-228-1-300x199.jpg 300w, https:\/\/jundiai.sp.gov.br\/noticias\/wp-content\/uploads\/sites\/32\/2021\/10\/reuniao_cetesb_gabinete-228-1-768x511.jpg 768w, https:\/\/jundiai.sp.gov.br\/noticias\/wp-content\/uploads\/sites\/32\/2021\/10\/reuniao_cetesb_gabinete-228-1-450x300.jpg 450w\" sizes=\"auto, (max-width: 1280px) 100vw, 1280px\" \/><figcaption>Reuni\u00e3o ocorreu no Pa\u00e7o Municipal e serviu para discutir desafios tanto para a Prefeitura quanto para a Cetesb<\/figcaption><\/figure>\n\n\n\n<p>\u201cCom o desenvolvimento cont\u00ednuo de nossa cidade, \u00e9 de total interesse estar alinhado com \u00f3rg\u00e3os da import\u00e2ncia da Ceteb, sempre buscando destravar poss\u00edveis gargalos em comum e criar um agenda de trabalho que respeite os limites e a autonomia de cada \u00f3rg\u00e3o, visando a boa qualidade de vida\u201d, lembrou o prefeito.&nbsp;<\/p>\n\n\n\n<p>Presente \u00e0 reuni\u00e3o, o gerente da Ag\u00eancia Ambiental de Jundia\u00ed, Jorge Sakotani, elogiou o prop\u00f3sito do encontro. \u201cFoi uma conversa produtiva, pois discuss\u00f5es assim trazem melhorias para Jundia\u00ed\u201d, declarou o gerente, na companhia da engenheira Renata Nogueira de Ara\u00fajo Loes.<\/p>\n\n\n\n<p>Tamb\u00e9m participaram da reuni\u00e3o os gestores de Governo e Finan\u00e7as, Jos\u00e9 Antonio Parimoschi, de Inova\u00e7\u00e3o e Rela\u00e7\u00e3o com o Cidad\u00e3o, Thiago Maia, de Planejamento e Meio Ambiente, Sin\u00e9sio Scarabello Filho, e de Desenvolvimento Econ\u00f4mico, Ci\u00eancia e Tecnologia, Cristiano Lopes, al\u00e9m do diretor do Departamento de Fomento \u00e0 Ind\u00fastria, Gilson Pichioli, da diretora da Unidade Central de Parcerias Estrat\u00e9gicas, Daniele Boim Ruiz Gomes, e do Assessor Especial da Aglomera\u00e7\u00e3o Urbana de Jundia\u00ed, Carmelo Paoletti Neto.<\/p>\n\n\n\n<p>.\u00a0<\/p>\n\n\n\n<p><strong>Assessoria de Imprensa<br>Foto: fot\u00f3grafo PMJ<\/strong><\/p>\n","protected":false},"excerpt":{"rendered":"<p>Representantes da Cetesb (Companhia Ambiental do Estado de S\u00e3o Paulo) de Jundia\u00ed participaram de uma reuni\u00e3o com o prefeito Luiz Fernando Machado, gestores e t\u00e9cnicos municipais na manh\u00e3 desta quarta-feira (06), no Pa\u00e7o Municipal. Al\u00e9m de falar sobre seus programas de governo, o prefeito discutiu com os visitantes desafios tanto para a Prefeitura quanto para [&hellip;]<\/p>\n","protected":false},"author":71,"featured_media":277914,"comment_status":"closed","ping_status":"closed","sticky":false,"template":"","format":"standard","meta":{"footnotes":""},"categories":[2],"tags":[233,1176,1062],"ods":[],"class_list":["post-277911","post","type-post","status-publish","format-standard","has-post-thumbnail","hentry","category-noticias","tag-cetesb","tag-prefeito-luiz-fernando-machado","tag-reuniao"],"_links":{"self":[{"href":"https:\/\/jundiai.sp.gov.br\/noticias\/wp-json\/wp\/v2\/posts\/277911","targetHints":{"allow":["GET"]}}],"collection":[{"href":"https:\/\/jundiai.sp.gov.br\/noticias\/wp-json\/wp\/v2\/posts"}],"about":[{"href":"https:\/\/jundiai.sp.gov.br\/noticias\/wp-json\/wp\/v2\/types\/post"}],"author":[{"embeddable":true,"href":"https:\/\/jundiai.sp.gov.br\/noticias\/wp-json\/wp\/v2\/users\/71"}],"replies":[{"embeddable":true,"href":"https:\/\/jundiai.sp.gov.br\/noticias\/wp-json\/wp\/v2\/comments?post=277911"}],"version-history":[{"count":5,"href":"https:\/\/jundiai.sp.gov.br\/noticias\/wp-json\/wp\/v2\/posts\/277911\/revisions"}],"predecessor-version":[{"id":277966,"href":"https:\/\/jundiai.sp.gov.br\/noticias\/wp-json\/wp\/v2\/posts\/277911\/revisions\/277966"}],"wp:featuredmedia":[{"embeddable":true,"href":"https:\/\/jundiai.sp.gov.br\/noticias\/wp-json\/wp\/v2\/media\/277914"}],"wp:attachment":[{"href":"https:\/\/jundiai.sp.gov.br\/noticias\/wp-json\/wp\/v2\/media?parent=277911"}],"wp:term":[{"taxonomy":"category","embeddable":true,"href":"https:\/\/jundiai.sp.gov.br\/noticias\/wp-json\/wp\/v2\/categories?post=277911"},{"taxonomy":"post_tag","embeddable":true,"href":"https:\/\/jundiai.sp.gov.br\/noticias\/wp-json\/wp\/v2\/tags?post=277911"},{"taxonomy":"ods","embeddable":true,"href":"https:\/\/jundiai.sp.gov.br\/noticias\/wp-json\/wp\/v2\/ods?post=277911"}],"curies":[{"name":"wp","href":"https:\/\/api.w.org\/{rel}","templated":true}]}}