{"id":277934,"date":"2021-10-06T16:52:17","date_gmt":"2021-10-06T19:52:17","guid":{"rendered":"https:\/\/jundiai.sp.gov.br\/noticias\/?p=277934"},"modified":"2021-10-08T16:23:18","modified_gmt":"2021-10-08T19:23:18","slug":"dia-das-criancas-tera-programacao-gratuita-de-atividades-culturais-no-complexo-fepasa","status":"publish","type":"post","link":"https:\/\/jundiai.sp.gov.br\/noticias\/2021\/10\/06\/dia-das-criancas-tera-programacao-gratuita-de-atividades-culturais-no-complexo-fepasa\/","title":{"rendered":"Dia das Crian\u00e7as ter\u00e1 programa\u00e7\u00e3o gratuita de atividades culturais no Complexo Fepasa"},"content":{"rendered":"\n<p>Oficinas de musicaliza\u00e7\u00e3o e dan\u00e7a, show de variedades e teatro infantil s\u00e3o as atra\u00e7\u00f5es gratuitas programadas pela Unidade de Gest\u00e3o de Cultura (UGC) para a pr\u00f3xima ter\u00e7a-feira (12), Dia das Crian\u00e7as.<\/p>\n\n\n\n<p>A programa\u00e7\u00e3o ser\u00e1 realizada no Complexo Fepasa e seguir\u00e1 os protocolos estabelecidos pelo Comit\u00ea Municipal de Preven\u00e7\u00e3o e Enfrentamento ao Coronav\u00edrus (CEC), como aferi\u00e7\u00e3o de temperatura, disponibiliza\u00e7\u00e3o de \u00e1lcool gel e distanciamento.<\/p>\n\n\n\n<p>A participa\u00e7\u00e3o ser\u00e1 por ordem de chegada, sem necessidade de agendamento pr\u00e9vio, e com limite m\u00e1ximo de at\u00e9 110 pessoas, controladas no acesso. A proposta da programa\u00e7\u00e3o \u00e9 dar oportunidade para que crian\u00e7as de diferentes idades tenham contato com diversas manifesta\u00e7\u00f5es culturais, e ao mesmo tempo, divulgar o espa\u00e7o como op\u00e7\u00e3o para o lazer e at\u00e9 mesmo confraterniza\u00e7\u00e3o.<\/p>\n\n\n\n<p>De acordo com o gestor da UGC, Marcelo Peroni, as atividades foram pensadas para atender crian\u00e7as desde a Primeira Inf\u00e2ncia (0 a 3 anos) at\u00e9 a fase Infantojuvenil (4 a 12 anos), no contexto do programa municipal Cidade das Crian\u00e7as. \u201cTeremos um dia de integra\u00e7\u00e3o, j\u00e1 que pais e respons\u00e1veis estar\u00e3o acompanhando seus filhos, netos, afilhados e sobrinhos durante as atividades e ainda poder\u00e3o usufruir dos espa\u00e7os do Complexo Fepasa onde \u00e9 poss\u00edvel andar de bicicleta e brincar entre os jardins\u201d.<\/p>\n\n\n\n<figure class=\"wp-block-image size-full\"><img loading=\"lazy\" decoding=\"async\" width=\"1280\" height=\"853\" src=\"https:\/\/jundiai.sp.gov.br\/noticias\/wp-content\/uploads\/sites\/32\/2021\/10\/coral-cidade-das-criancas_sala-dos-relogios-80.jpg\" alt=\"Crian\u00e7as usando m\u00e1scaras, em p\u00e9 em frente a cadeiras de madeiras, em sala de piso de madeira, com janelas e rel\u00f3gios diversos na parede\" class=\"wp-image-277935\" srcset=\"https:\/\/jundiai.sp.gov.br\/noticias\/wp-content\/uploads\/sites\/32\/2021\/10\/coral-cidade-das-criancas_sala-dos-relogios-80.jpg 1280w, https:\/\/jundiai.sp.gov.br\/noticias\/wp-content\/uploads\/sites\/32\/2021\/10\/coral-cidade-das-criancas_sala-dos-relogios-80-300x200.jpg 300w, https:\/\/jundiai.sp.gov.br\/noticias\/wp-content\/uploads\/sites\/32\/2021\/10\/coral-cidade-das-criancas_sala-dos-relogios-80-768x512.jpg 768w, https:\/\/jundiai.sp.gov.br\/noticias\/wp-content\/uploads\/sites\/32\/2021\/10\/coral-cidade-das-criancas_sala-dos-relogios-80-450x300.jpg 450w\" sizes=\"auto, (max-width: 1280px) 100vw, 1280px\" \/><figcaption>Atividades ser\u00e3o realizadas na Sala Jundia\u00ed e na Sala dos Rel\u00f3gios (foto)<\/figcaption><\/figure>\n\n\n\n<p>A programa\u00e7\u00e3o do Dia da Crian\u00e7a no Complexo Fepasa est\u00e1 assim definida:<\/p>\n\n\n\n<ul class=\"wp-block-list\"><li><strong>9h, na Sala dos Rel\u00f3gios<\/strong><br>Oficina de Musicaliza\u00e7\u00e3o Infantil, com Luciana Nagumo, da Escola de M\u00fasica de Jundia\u00ed &#8211; atividade voltada para crian\u00e7as de zero a tr\u00eas anos;<\/li><\/ul>\n\n\n\n<ul class=\"wp-block-list\"><li><strong>10h30, na Sala Jundia\u00ed<\/strong><br>Show de variedades com a Palha\u00e7a Rubra, atra\u00e7\u00e3o que chega a Jundia\u00ed pelo Projeto \u201cCircuito SP On-Line\u201d, da Secretaria de Cultura e Economia Criativa do Estado de S\u00e3o Paulo. A atividade tamb\u00e9m ser\u00e1 transmitida ao vivo pelas redes sociais da Cultura no&nbsp;<a rel=\"noreferrer noopener\" href=\"https:\/\/www.facebook.com\/culturajundiai\" target=\"_blank\">Facebook<\/a>&nbsp;e no&nbsp;<a rel=\"noreferrer noopener\" href=\"https:\/\/www.youtube.com\/c\/CulturaJundia%C3%AD\/featured\" target=\"_blank\">YouTube<\/a>;<\/li><\/ul>\n\n\n\n<ul class=\"wp-block-list\"><li><strong>14h, na Sala Jundia\u00ed<\/strong><br>Oficina de Dan\u00e7a, com Let\u00edcia Galv\u00e3o do Instituto de Orienta\u00e7\u00e3o Art\u00edstica (IOA);<\/li><\/ul>\n\n\n\n<ul class=\"wp-block-list\"><li><strong>15h, no Espa\u00e7o de Exposi\u00e7\u00f5es, anexo \u00e0 Sala Jundia\u00ed<\/strong><br>Apresenta\u00e7\u00e3o art\u00edstica do grupo \u201cKombinado n\u00e3o \u00e9 carro\u201d, com o espet\u00e1culo \u201cEu disse brinco\u2026brincarei\u201d.<\/li><\/ul>\n\n\n\n<p>Confira mais detalhes das atividades no <a href=\"https:\/\/cultura.jundiai.sp.gov.br\/evento\/programacao-dia-das-criancas\/\" target=\"_blank\" rel=\"noreferrer noopener\">site da Cultura<\/a>.<\/p>\n\n\n\n<p>O Complexo Fepasa fica na avenida Uni\u00e3o dos Ferrovi\u00e1rios, 1760. Mais informa\u00e7\u00f5es pelo telefone 4585-9750.<\/p>\n\n\n\n<figure class=\"wp-block-image size-full\"><img loading=\"lazy\" decoding=\"async\" width=\"1280\" height=\"294\" src=\"https:\/\/jundiai.sp.gov.br\/noticias\/wp-content\/uploads\/sites\/32\/2021\/10\/mosaico_dia_das_criancas.jpeg\" alt=\"\" class=\"wp-image-277939\" srcset=\"https:\/\/jundiai.sp.gov.br\/noticias\/wp-content\/uploads\/sites\/32\/2021\/10\/mosaico_dia_das_criancas.jpeg 1280w, https:\/\/jundiai.sp.gov.br\/noticias\/wp-content\/uploads\/sites\/32\/2021\/10\/mosaico_dia_das_criancas-300x69.jpeg 300w, https:\/\/jundiai.sp.gov.br\/noticias\/wp-content\/uploads\/sites\/32\/2021\/10\/mosaico_dia_das_criancas-768x176.jpeg 768w\" sizes=\"auto, (max-width: 1280px) 100vw, 1280px\" \/><figcaption>Programa\u00e7\u00e3o trar\u00e1 atividades diversas para comemorar a data<\/figcaption><\/figure>\n\n\n\n<p><strong>Assessoria de Imprensa<br>Fotos: Divulga\u00e7\u00e3o<\/strong><\/p>\n","protected":false},"excerpt":{"rendered":"<p>Oficinas de musicaliza\u00e7\u00e3o e dan\u00e7a, show de variedades e teatro infantil s\u00e3o as atra\u00e7\u00f5es gratuitas programadas pela Unidade de Gest\u00e3o de Cultura (UGC) para a pr\u00f3xima ter\u00e7a-feira (12), Dia das Crian\u00e7as. A programa\u00e7\u00e3o ser\u00e1 realizada no Complexo Fepasa e seguir\u00e1 os protocolos estabelecidos pelo Comit\u00ea Municipal de Preven\u00e7\u00e3o e Enfrentamento ao Coronav\u00edrus (CEC), como aferi\u00e7\u00e3o [&hellip;]<\/p>\n","protected":false},"author":14,"featured_media":277935,"comment_status":"closed","ping_status":"closed","sticky":false,"template":"","format":"standard","meta":{"footnotes":""},"categories":[2],"tags":[1154,29,2364,449],"ods":[],"class_list":["post-277934","post","type-post","status-publish","format-standard","has-post-thumbnail","hentry","category-noticias","tag-cidade-das-criancas","tag-cultura","tag-dia-das-criancas","tag-espaco-expressa"],"_links":{"self":[{"href":"https:\/\/jundiai.sp.gov.br\/noticias\/wp-json\/wp\/v2\/posts\/277934","targetHints":{"allow":["GET"]}}],"collection":[{"href":"https:\/\/jundiai.sp.gov.br\/noticias\/wp-json\/wp\/v2\/posts"}],"about":[{"href":"https:\/\/jundiai.sp.gov.br\/noticias\/wp-json\/wp\/v2\/types\/post"}],"author":[{"embeddable":true,"href":"https:\/\/jundiai.sp.gov.br\/noticias\/wp-json\/wp\/v2\/users\/14"}],"replies":[{"embeddable":true,"href":"https:\/\/jundiai.sp.gov.br\/noticias\/wp-json\/wp\/v2\/comments?post=277934"}],"version-history":[{"count":9,"href":"https:\/\/jundiai.sp.gov.br\/noticias\/wp-json\/wp\/v2\/posts\/277934\/revisions"}],"predecessor-version":[{"id":278218,"href":"https:\/\/jundiai.sp.gov.br\/noticias\/wp-json\/wp\/v2\/posts\/277934\/revisions\/278218"}],"wp:featuredmedia":[{"embeddable":true,"href":"https:\/\/jundiai.sp.gov.br\/noticias\/wp-json\/wp\/v2\/media\/277935"}],"wp:attachment":[{"href":"https:\/\/jundiai.sp.gov.br\/noticias\/wp-json\/wp\/v2\/media?parent=277934"}],"wp:term":[{"taxonomy":"category","embeddable":true,"href":"https:\/\/jundiai.sp.gov.br\/noticias\/wp-json\/wp\/v2\/categories?post=277934"},{"taxonomy":"post_tag","embeddable":true,"href":"https:\/\/jundiai.sp.gov.br\/noticias\/wp-json\/wp\/v2\/tags?post=277934"},{"taxonomy":"ods","embeddable":true,"href":"https:\/\/jundiai.sp.gov.br\/noticias\/wp-json\/wp\/v2\/ods?post=277934"}],"curies":[{"name":"wp","href":"https:\/\/api.w.org\/{rel}","templated":true}]}}