{"id":277947,"date":"2021-10-06T17:34:23","date_gmt":"2021-10-06T20:34:23","guid":{"rendered":"https:\/\/jundiai.sp.gov.br\/noticias\/?p=277947"},"modified":"2021-10-22T15:06:06","modified_gmt":"2021-10-22T18:06:06","slug":"confira-o-abre-e-fecha-do-feriado-de-12-de-outubro","status":"publish","type":"post","link":"https:\/\/jundiai.sp.gov.br\/noticias\/2021\/10\/06\/confira-o-abre-e-fecha-do-feriado-de-12-de-outubro\/","title":{"rendered":"Confira o Abre e Fecha do feriado de 12 de Outubro"},"content":{"rendered":"\n<p>Por conta do feriado nacional do Dia da Padroeira do Brasil, comemorado na pr\u00f3xima ter\u00e7a-feira (12), os equipamentos p\u00fablicos do Munic\u00edpio podem ter seus hor\u00e1rios de funcionamento alterados neste per\u00edodo, conforme estabelecido pelo <a href=\"https:\/\/jundiai.sp.gov.br\/noticias\/wp-content\/uploads\/sites\/32\/2021\/02\/decreto-no-29-377-de-14-de-outubro-de-2020-feriados-e-pontos-facultativos.pdf\" target=\"_blank\" rel=\"noreferrer noopener\">decreto 29.377, de 14 de outubro de 2020<\/a>.<\/p>\n\n\n\n<p><strong>Pa\u00e7o Municipal<\/strong><br>O Pa\u00e7o permanece fechado entre este s\u00e1bado (09) e a ter\u00e7a-feira (12), reabrindo na quarta-feira (13), \u00e0s 8h.<\/p>\n\n\n\n<figure class=\"wp-block-image size-full\"><img loading=\"lazy\" decoding=\"async\" width=\"1280\" height=\"853\" src=\"https:\/\/jundiai.sp.gov.br\/noticias\/wp-content\/uploads\/sites\/32\/2021\/10\/outubro-rosa-1.jpg\" alt=\"\" class=\"wp-image-277953\" srcset=\"https:\/\/jundiai.sp.gov.br\/noticias\/wp-content\/uploads\/sites\/32\/2021\/10\/outubro-rosa-1.jpg 1280w, https:\/\/jundiai.sp.gov.br\/noticias\/wp-content\/uploads\/sites\/32\/2021\/10\/outubro-rosa-1-300x200.jpg 300w, https:\/\/jundiai.sp.gov.br\/noticias\/wp-content\/uploads\/sites\/32\/2021\/10\/outubro-rosa-1-768x512.jpg 768w, https:\/\/jundiai.sp.gov.br\/noticias\/wp-content\/uploads\/sites\/32\/2021\/10\/outubro-rosa-1-450x300.jpg 450w\" sizes=\"auto, (max-width: 1280px) 100vw, 1280px\" \/><figcaption>Pa\u00e7o Municipal reabre na quarta-feira (13), \u00e0s 8h<\/figcaption><\/figure>\n\n\n\n<p><strong>Sa\u00fade<\/strong><br>As Unidades B\u00e1sicas de Sa\u00fade (UBSs), Cl\u00ednica da Fam\u00edlia e Novas UBSs, Ambulat\u00f3rios, CAPS 1, CAPS 2 e o CAPS Infantojuvenil permanecem fechados a partir deste s\u00e1bado (09) e reabrem na quarta-feira (13). J\u00e1 o CAPS AD fica aberto 24 horas, apenas para acolhidos.<\/p>\n\n\n\n<p>As unidades de Pronto-Atendimento (PA) da Ponte S\u00e3o Jo\u00e3o (rua Santo Ant\u00f4nio, 191), do Retiro (rua Maria L\u00facia de Almeida, 100) e da Vila Hortol\u00e2ndia (avenida Prefeito Jos\u00e9 Castro Marcondes, 510) funcionam normalmente, das 7h \u00e0s 18h.<\/p>\n\n\n\n<p>As situa\u00e7\u00f5es de urg\u00eancia devem ser encaminhadas para o PS do Hospital S\u00e3o Vicente de Paulo (adultos), Hospital Universit\u00e1rio (gestantes, crian\u00e7as e adolescentes), UPA 24h Vetor Oeste (crian\u00e7as e adultos) e PA Central (pra\u00e7a Dom Pedro II, Centro) em per\u00edodo integral.<\/p>\n\n\n\n<p>O PA Exclusivo Covid-19 no Centro de Conviv\u00eancia do Idoso (CCI) (avenida Alexandre Ludke, 780) funciona todos os dias, 24h com atendimento adulto, e das 7h \u00e0s 19h.<\/p>\n\n\n\n<p>O atendimento 24 horas para casos Covid-19 \u00e9 realizado pelo PA Central e na UPA\/Cl\u00ednica da Fam\u00edlia Novo Horizonte.<\/p>\n\n\n\n<p>J\u00e1 o cronograma de vacina\u00e7\u00e3o para os hor\u00e1rios j\u00e1 agendados tamb\u00e9m ser\u00e1 mantido durante o feriado.<\/p>\n\n\n\n<p><strong>Educa\u00e7\u00e3o<\/strong><br>Os equipamentos vinculados \u00e0 Educa\u00e7\u00e3o encerram as atividades nesta sexta-feira (08) e retomam ao atendimento normal na quarta-feira (13), com exce\u00e7\u00e3o das unidades escolares, que estar\u00e3o em recesso escolar at\u00e9 a sexta-feira (15).<\/p>\n\n\n\n<p>Outra exce\u00e7\u00e3o \u00e9 o Fab Lab, que ter\u00e1 funcionamento tamb\u00e9m neste s\u00e1bado (09), das 8h \u00e0s 13h, com agendamento de hor\u00e1rio, e retoma \u00e0s atividades na quarta-feira (13). O agendamento \u00e9 feito pessoalmente ou pelo telefone 4588-5377.<\/p>\n\n\n\n<p><strong>Mobilidade e Transporte<\/strong><br>As linhas de \u00f4nibus seguem a tabela hor\u00e1ria normal neste s\u00e1bado (04) e domingo (05).<\/p>\n\n\n\n<p>J\u00e1 na segunda (11), todas as linhas seguem tabela referente a dias \u00fateis (segunda a sexta-feira), exceto a linha 577 (Pa\u00e7o Municipal \u2013 Terminal Hortol\u00e2ndia), que opera com tabela especial, e as linhas universit\u00e1rias 420, 430, 446, 460 e 480, que n\u00e3o ir\u00e3o circular.<\/p>\n\n\n\n<p>J\u00e1 na ter\u00e7a-feira (12), todas as linhas seguem a tabela referente a domingos e feriados, exceto as seguintes linhas, que circulam com hor\u00e1rio de segunda a sexta-feira: 537 (Terminal Central \u2013 Jardim das Tulipas); 545 (Residencial Jundia\u00ed 2 \u2013 Terminal Eloy Chaves, via Parque Industrial); 974 (Terminal Hortol\u00e2ndia \u2013 Terminal Eloy Chaves, via Distrito Industrial); e as linhas especiais 840, 850, 860 e 880 (Distrito Industrial).<\/p>\n\n\n\n<p>Confira o <a href=\"https:\/\/situ.jundiai.sp.gov.br\/\" target=\"_blank\" rel=\"noreferrer noopener\">cronograma completo de linhas de \u00f4nibus.<\/a><\/p>\n\n\n\n<figure class=\"wp-block-image size-full\"><img loading=\"lazy\" decoding=\"async\" width=\"1280\" height=\"854\" src=\"https:\/\/jundiai.sp.gov.br\/noticias\/wp-content\/uploads\/sites\/32\/2021\/10\/vacinacao-covid-13-ubs-corrupira-21.jpg\" alt=\"\" class=\"wp-image-277956\" srcset=\"https:\/\/jundiai.sp.gov.br\/noticias\/wp-content\/uploads\/sites\/32\/2021\/10\/vacinacao-covid-13-ubs-corrupira-21.jpg 1280w, https:\/\/jundiai.sp.gov.br\/noticias\/wp-content\/uploads\/sites\/32\/2021\/10\/vacinacao-covid-13-ubs-corrupira-21-300x200.jpg 300w, https:\/\/jundiai.sp.gov.br\/noticias\/wp-content\/uploads\/sites\/32\/2021\/10\/vacinacao-covid-13-ubs-corrupira-21-768x512.jpg 768w, https:\/\/jundiai.sp.gov.br\/noticias\/wp-content\/uploads\/sites\/32\/2021\/10\/vacinacao-covid-13-ubs-corrupira-21-450x300.jpg 450w\" sizes=\"auto, (max-width: 1280px) 100vw, 1280px\" \/><figcaption>Cronograma de vacina\u00e7\u00e3o ser\u00e1 mantido durante o feriado<\/figcaption><\/figure>\n\n\n\n<p><strong>Feiras e varej\u00f5es<\/strong><br>As feiras e varej\u00f5es ser\u00e3o realizados normalmente, exceto o Varej\u00e3o Noturno do Anhangaba\u00fa (em frente ao Parque da Uva), que n\u00e3o ter\u00e1 funcionamento na ter\u00e7a-feira (12).<\/p>\n\n\n\n<p>Toda a programa\u00e7\u00e3o, locais e hor\u00e1rios podem ser consultados no <a href=\"http:\/\/Toda a programa\u00e7\u00e3o, locais e hor\u00e1rios podem ser consultados no site do Agroneg\u00f3cio e Abastecimento (https:\/\/abastecimento.jundiai.sp.gov.br\/programas-do-departamento-de-abastecimento\/).\" target=\"_blank\" rel=\"noreferrer noopener\">site do Agroneg\u00f3cio e Abastecimento<\/a>.<\/p>\n\n\n\n<p><strong>Coleta de lixo<\/strong><br>Os cronogramas de coletas org\u00e2nica, seletiva cata-treco e seletiva recicl\u00e1vel seguem com normalidade e podem ser consultados no <a href=\"https:\/\/jundiai.sp.gov.br\/infraestrutura-e-servicos-publicos\/limpeza-publica\/coleta-organica-seletiva-e-cata-treco\/\">site da Prefeitura<\/a>.<\/p>\n\n\n\n<p><strong>Parques e complexos esportivos<\/strong><br>O Mundo das Crian\u00e7as estar\u00e1 aberto todos os dias, das 7h \u00e0s 17h, com entrada permitida at\u00e9 as 16h. Para visitar ou usar a pista de skate, \u00e9 necess\u00e1rio <a href=\"http:\/\/www.mundodascriancasjundiai.com.br\" target=\"_blank\" rel=\"noreferrer noopener\">agendamento pr\u00e9vio pelo site<\/a>.<\/p>\n\n\n\n<p>J\u00e1 o Parque da Cidade vai funcionar das 6h30 \u00e0s 18h, com entrada at\u00e9 as 17hs, durante todo o feriado, com entrada \u00e9 livre.<\/p>\n\n\n\n<p>Ambos est\u00e3o localizados na Rodovia Jo\u00e3o Cereser, Pinheirinho, respectivamente com acesso pelos quil\u00f4metros 64,4 e 66, com entrada e estacionamento gratuitos.<\/p>\n\n\n\n<p>O Jardim Bot\u00e2nico; os parques Bot\u00e2nico Eloy Chaves, \u00c2ngelo Costa (Engordadouro) e Ant\u00f4nio Garcia Machado (Jardim do Lago); as Pra\u00e7as Fam\u00edlia Jundia\u00ed &amp; Espa\u00e7o PET da Nove de Julho, Vila Rami e Ponte S\u00e3o Jo\u00e3o; e os bosques Onofre Canedo (Almerinda Chaves) e do Jardim Copacabana permanecem abertos das 7h \u00e0s 17h durante o per\u00edodo. A exce\u00e7\u00e3o \u00e9 o Parque do Parque do Trabalhador (Corrupira), que funciona das 8h \u00e0s 17h. Nos parques de grande porte, a entrada ser\u00e1 permitida somente at\u00e9 uma hora antes do hor\u00e1rio de fechamento, portanto, at\u00e9 as 16h.<\/p>\n\n\n\n<p>J\u00e1 os complexos esportivos permanecem abertos somente na segunda (11), em seus respectivos hor\u00e1rios normais de funcionamento, e permanecem fechados no s\u00e1bado (09), domingo (10) e ter\u00e7a (12).<\/p>\n\n\n\n<p>As exce\u00e7\u00f5es s\u00e3o: o Dr. Nicolino de Luca \u2013 Bol\u00e3o (Anhangaba\u00fa), que ir\u00e1 funcionar no s\u00e1bado (09), domingo (10) e ter\u00e7a-feira (12), das 7h \u00e0s 18h, e o Jos\u00e9 Brenna \u2013 Sororoca (vila Municipal), que funciona das 8h \u00e0s 18h nos mesmos dias.<\/p>\n\n\n\n<figure class=\"wp-block-image size-full\"><img loading=\"lazy\" decoding=\"async\" width=\"1280\" height=\"853\" src=\"https:\/\/jundiai.sp.gov.br\/noticias\/wp-content\/uploads\/sites\/32\/2021\/10\/feira-do-produtor-313.jpg\" alt=\"\" class=\"wp-image-277954\" srcset=\"https:\/\/jundiai.sp.gov.br\/noticias\/wp-content\/uploads\/sites\/32\/2021\/10\/feira-do-produtor-313.jpg 1280w, https:\/\/jundiai.sp.gov.br\/noticias\/wp-content\/uploads\/sites\/32\/2021\/10\/feira-do-produtor-313-300x200.jpg 300w, https:\/\/jundiai.sp.gov.br\/noticias\/wp-content\/uploads\/sites\/32\/2021\/10\/feira-do-produtor-313-768x512.jpg 768w, https:\/\/jundiai.sp.gov.br\/noticias\/wp-content\/uploads\/sites\/32\/2021\/10\/feira-do-produtor-313-450x300.jpg 450w\" sizes=\"auto, (max-width: 1280px) 100vw, 1280px\" \/><figcaption>Com exce\u00e7\u00e3o do varej\u00e3o noturno do Anhangaba\u00fa, feiras e varej\u00f5es ser\u00e3o realizados normalmente<\/figcaption><\/figure>\n\n\n\n<p><strong>Cultura<\/strong><br>O setor administrativo da Unidade de Gest\u00e3o de Cultura no Complexo Fepasa permanece fechado ao p\u00fablico durante o per\u00edodo, mas realizar\u00e1 atendimento no s\u00e1bado (09), somente para grupos que j\u00e1 agendaram atividades no local. <a href=\"https:\/\/jundiai.sp.gov.br\/noticias\/2021\/10\/06\/dia-das-criancas-tera-programacao-gratuita-de-atividades-culturais-no-complexo-fepasa\/\">Na ter\u00e7a (12), Dia da Crian\u00e7a, o Complexo tamb\u00e9m estar\u00e1 aberto ao p\u00fablico a partir das 9h, com diversas atividades programadas ao longo do dia<\/a>.<\/p>\n\n\n\n<p>O Museu Hist\u00f3rico e Cultural \u2013 Solar do Bar\u00e3o fica aberto no s\u00e1bado (09), domingo (10) e ter\u00e7a (12), das 10h \u00e0s 17h, para visitas gratuitas ao seu acervo, \u00e0 exposi\u00e7\u00e3o \u201dJundiahy\u2026Jundia\u00ed\u201d e aos jardins. O espa\u00e7o permanece fechado na segunda (11) para manuten\u00e7\u00e3o.<\/p>\n\n\n\n<p>O mesmo vale para a Pinacoteca Municipal Di\u00f3genes Duarte Paes, que funciona das 10h \u00e0s 17h, no s\u00e1bado (09), domingo (10) e ter\u00e7a (12), e fica fechada para manuten\u00e7\u00e3o na segunda (11). O p\u00fablico poder\u00e1 conferir as exposi\u00e7\u00f5es \u201cChico Bento \u2013 60 Primaveras\u201d e \u201cJundia\u00ed: Terra da HQ\u201d, tamb\u00e9m tem entrada franca. <a href=\"https:\/\/jundiai.sp.gov.br\/noticias\/2021\/09\/01\/pinacoteca-abre-480-vagas-de-oficinas-gratuitas-de-hq-para-criancas-e-adolescentes\/\">Para o final de semana est\u00e3o previstas ainda oficinas gratuitas de HQ para crian\u00e7as e adolescentes<\/a>.<\/p>\n\n\n\n<p>J\u00e1 o Teatro Polytheama s\u00f3 fica aberto no domingo (10), pois \u00e9 o \u00fanico dia em que h\u00e1 espet\u00e1culo programado, a \u00f3pera <a href=\"https:\/\/bileto.sympla.com.br\/event\/69022\/d\/109321\" target=\"_blank\" rel=\"noreferrer noopener\">\u201cGianni Schicchi\u201d<\/a>. Neste dia, a bilheteria funciona das 10h \u00e0s 17h para atendimento do p\u00fablico.<\/p>\n\n\n\n<p>O CEU das Artes permanece fechado durante o per\u00edodo e o Museu da Cia. Paulista tamb\u00e9m segue fechado.<\/p>\n\n\n\n<p><strong>DAE<\/strong><br>A sede administrativa da DAE e os Postos de Atendimento n\u00e3o ter\u00e3o expediente na segunda (11) e ter\u00e7a (12). A unidade da empresa no Poupatempo, \u00fanica que atende aos s\u00e1bados, estar\u00e1 aberta no s\u00e1bado (09), das 9h \u00e0s 13h.<\/p>\n\n\n\n<p>Em caso de emerg\u00eancia, os mun\u00edcipes podem entrar em contato com a DAE pela Central de Relacionamento, no telefone 08000 133 155, com atendimento 24 horas. Mais informa\u00e7\u00f5es tamb\u00e9m podem ser obtidas no <a href=\"http:\/\/www.daejundiai.com.br\" target=\"_blank\" rel=\"noreferrer noopener\">site<\/a>.<\/p>\n\n\n\n<p><strong>PAT<\/strong><br>O Posto de Atendimento ao Trabalhador (PAT), que fica na Rua Zacarias de Goes, 530, Centro, permanece fechado na segunda (11) e ter\u00e7a (12) e reabre na quarta-feira (13), \u00e0s 8h, somente para atendimento sobre Seguro Desemprego, que deve ser agendado pelo <a href=\"https:\/\/emprego.jundiai.sp.gov.br\/agenda-seguro-desemprego\/\">Portal Jundia\u00ed Empreendedora<\/a>.<\/p>\n\n\n\n<p><strong>Banco do Povo<\/strong><br>O posto do Banco do Povo no Poupatempo (Complexo Fepasa) tamb\u00e9m permanece fechado na segunda (11) e ter\u00e7a (12) e reabre na quarta-feira (13), \u00e0s 8h, somente por meio de opera\u00e7\u00e3o eletr\u00f4nica \u2013 e-mail <a href=\"mailto:jundiai@bancodopovo.sp.gov.br\" target=\"_blank\" rel=\"noreferrer noopener\">jundiai@bancodopovo.sp.gov.br<\/a> \u2013 e pelo telefone (11) 4589-8890.<\/p>\n\n\n\n<figure class=\"wp-block-image size-full\"><img loading=\"lazy\" decoding=\"async\" width=\"1280\" height=\"853\" src=\"https:\/\/jundiai.sp.gov.br\/noticias\/wp-content\/uploads\/sites\/32\/2021\/10\/visitantes-exposicao-chico-bento-pinacoteca-18.jpg\" alt=\"\" class=\"wp-image-277955\" srcset=\"https:\/\/jundiai.sp.gov.br\/noticias\/wp-content\/uploads\/sites\/32\/2021\/10\/visitantes-exposicao-chico-bento-pinacoteca-18.jpg 1280w, https:\/\/jundiai.sp.gov.br\/noticias\/wp-content\/uploads\/sites\/32\/2021\/10\/visitantes-exposicao-chico-bento-pinacoteca-18-300x200.jpg 300w, https:\/\/jundiai.sp.gov.br\/noticias\/wp-content\/uploads\/sites\/32\/2021\/10\/visitantes-exposicao-chico-bento-pinacoteca-18-768x512.jpg 768w, https:\/\/jundiai.sp.gov.br\/noticias\/wp-content\/uploads\/sites\/32\/2021\/10\/visitantes-exposicao-chico-bento-pinacoteca-18-450x300.jpg 450w\" sizes=\"auto, (max-width: 1280px) 100vw, 1280px\" \/><figcaption>Solar do Bar\u00e3o e Pinacoteca (foto) ficam abertos no s\u00e1bado (09), domingo (10) e ter\u00e7a (12), das 10h \u00e0s 17h<\/figcaption><\/figure>\n\n\n\n<p><strong>Procon<\/strong><br>O Procon Jundia\u00ed tamb\u00e9m permanece fechado durante o per\u00edodo, retomando o atendimento na quarta-feira (08), de maneira remota, pelo site <a rel=\"noreferrer noopener\" href=\"https:\/\/www.consumidor.gov.br\/pages\/principal\/?1622477206560\" target=\"_blank\">consumidor.gov.br<\/a> ou por meio de <a rel=\"noreferrer noopener\" href=\"https:\/\/docs.google.com\/forms\/d\/e\/1FAIpQLSctabLAf6QmlIgD7VsqxG6kuPN93kamOIW-N_0XRZLwo7wN2w\/viewform?vc=0&amp;c=0&amp;w=1&amp;flr=0\" target=\"_blank\">formul\u00e1rio on-line<\/a>, ou de modo presencial mediante <a rel=\"noreferrer noopener\" href=\"https:\/\/procon.jundiai.sp.gov.br\/formas-de-atendimento\/atendimento-presencial\/\" target=\"_blank\">agendamento pr\u00e9vio<\/a>. Mais informa\u00e7\u00f5es sobre as formas de agendamento podem ser obtidas no site do Procon Jundia\u00ed, na aba <a href=\"https:\/\/procon.jundiai.sp.gov.br\/formas-de-atendimento\/\" target=\"_blank\" rel=\"noreferrer noopener\">Formas de Atendimento<\/a>.<\/p>\n\n\n\n<p><strong>Fundo Social<\/strong><br>O Fundo Social de Solidariedade de Jundia\u00ed (avenida Manoela Lacerda de Vergueiro, s\/n\u00ba, Anhangaba\u00fa) permanecer\u00e1 fechado na segunda (11) e na ter\u00e7a-feira (12). As atividades ser\u00e3o retomadas na quarta-feira (13), \u00e0s 8h.<\/p>\n\n\n\n<p><strong>Assist\u00eancia e Desenvolvimento Social<\/strong><br>O Centro Pop, que fica na rua Marechal Deodoro da Fonseca, 504, Centro, para o atendimento \u00e0 popula\u00e7\u00e3o em situa\u00e7\u00e3o de rua, permanece fechado durante o per\u00edodo e reabre na quarta-feira (13).<\/p>\n\n\n\n<p>Durante o per\u00edodo, o Servi\u00e7o Especial de Abordagem Social (SEAS) poder\u00e1 ser acionado pelo telefone (11) 98531-0146, diariamente, at\u00e9 as 22h. A partir desse hor\u00e1rio, a indica\u00e7\u00e3o \u00e9 pelo acionamento da Guarda Municipal de Jundia\u00ed (GMJ), pelo telefone 153. J\u00e1 em casos de identificada intoxica\u00e7\u00e3o ou ocorr\u00eancias mais graves, o SAMU poder\u00e1 ser acionado pelo telefone 192.<\/p>\n\n\n\n<p><strong>Fumas<\/strong><br>A Funda\u00e7\u00e3o Municipal de A\u00e7\u00e3o Social (Fumas) tamb\u00e9m permanece fechada entre este s\u00e1bado (09) e a ter\u00e7a (12), e retoma o atendimento presencial na quarta-feira (13), \u00e0s 8h.<\/p>\n\n\n\n<p>Os cemit\u00e9rios municipais Nossa Senhora do Montenegro e Nossa Senhora do Desterro permanecem abertos todos os dias, das 7h \u00e0s 17h, para sepultamentos, visita\u00e7\u00f5es e reformas.<\/p>\n\n\n\n<p>S\u00e3o permitidos vel\u00f3rios de at\u00e9 duas horas de dura\u00e7\u00e3o, para \u00f3bitos n\u00e3o causados por Covid-19, e com controle de acesso de pessoas no local e com protocolos sanit\u00e1rios e de distanciamento. J\u00e1 o atendimento do vel\u00f3rio segue funcionamento 24 horas por dia, podendo somente uma pessoa por vez fazer a declara\u00e7\u00e3o de \u00f3bito.<\/p>\n\n\n\n<figure class=\"wp-block-image size-full\"><img loading=\"lazy\" decoding=\"async\" width=\"1280\" height=\"853\" src=\"https:\/\/jundiai.sp.gov.br\/noticias\/wp-content\/uploads\/sites\/32\/2021\/10\/abertura_mundo_das_criancas_convidados-798.jpg\" alt=\"\" class=\"wp-image-277960\" srcset=\"https:\/\/jundiai.sp.gov.br\/noticias\/wp-content\/uploads\/sites\/32\/2021\/10\/abertura_mundo_das_criancas_convidados-798.jpg 1280w, https:\/\/jundiai.sp.gov.br\/noticias\/wp-content\/uploads\/sites\/32\/2021\/10\/abertura_mundo_das_criancas_convidados-798-300x200.jpg 300w, https:\/\/jundiai.sp.gov.br\/noticias\/wp-content\/uploads\/sites\/32\/2021\/10\/abertura_mundo_das_criancas_convidados-798-768x512.jpg 768w, https:\/\/jundiai.sp.gov.br\/noticias\/wp-content\/uploads\/sites\/32\/2021\/10\/abertura_mundo_das_criancas_convidados-798-450x300.jpg 450w\" sizes=\"auto, (max-width: 1280px) 100vw, 1280px\" \/><figcaption>Quem quiser visitar o Mundo das Crian\u00e7as ou usar a pista de skate deve fazer o agendamento no <a href=\"http:\/\/www.mundodascriancasjundiai.com.br\/\" target=\"_blank\" rel=\"noreferrer noopener\">site<\/a> <\/figcaption><\/figure>\n\n\n\n<p><strong>Assessoria de Imprensa<br>Fotos: Fot\u00f3grafos PMJ<\/strong><\/p>\n","protected":false},"excerpt":{"rendered":"<p>Por conta do feriado nacional do Dia da Padroeira do Brasil, comemorado na pr\u00f3xima ter\u00e7a-feira (12), os equipamentos p\u00fablicos do Munic\u00edpio podem ter seus hor\u00e1rios de funcionamento alterados neste per\u00edodo, conforme estabelecido pelo decreto 29.377, de 14 de outubro de 2020. Pa\u00e7o MunicipalO Pa\u00e7o permanece fechado entre este s\u00e1bado (09) e a ter\u00e7a-feira (12), reabrindo [&hellip;]<\/p>\n","protected":false},"author":14,"featured_media":277953,"comment_status":"closed","ping_status":"closed","sticky":false,"template":"","format":"standard","meta":{"footnotes":""},"categories":[2],"tags":[46,29,2364,138],"ods":[],"class_list":["post-277947","post","type-post","status-publish","format-standard","has-post-thumbnail","hentry","category-noticias","tag-abre-e-fecha","tag-cultura","tag-dia-das-criancas","tag-paco-municipal"],"_links":{"self":[{"href":"https:\/\/jundiai.sp.gov.br\/noticias\/wp-json\/wp\/v2\/posts\/277947","targetHints":{"allow":["GET"]}}],"collection":[{"href":"https:\/\/jundiai.sp.gov.br\/noticias\/wp-json\/wp\/v2\/posts"}],"about":[{"href":"https:\/\/jundiai.sp.gov.br\/noticias\/wp-json\/wp\/v2\/types\/post"}],"author":[{"embeddable":true,"href":"https:\/\/jundiai.sp.gov.br\/noticias\/wp-json\/wp\/v2\/users\/14"}],"replies":[{"embeddable":true,"href":"https:\/\/jundiai.sp.gov.br\/noticias\/wp-json\/wp\/v2\/comments?post=277947"}],"version-history":[{"count":5,"href":"https:\/\/jundiai.sp.gov.br\/noticias\/wp-json\/wp\/v2\/posts\/277947\/revisions"}],"predecessor-version":[{"id":279010,"href":"https:\/\/jundiai.sp.gov.br\/noticias\/wp-json\/wp\/v2\/posts\/277947\/revisions\/279010"}],"wp:featuredmedia":[{"embeddable":true,"href":"https:\/\/jundiai.sp.gov.br\/noticias\/wp-json\/wp\/v2\/media\/277953"}],"wp:attachment":[{"href":"https:\/\/jundiai.sp.gov.br\/noticias\/wp-json\/wp\/v2\/media?parent=277947"}],"wp:term":[{"taxonomy":"category","embeddable":true,"href":"https:\/\/jundiai.sp.gov.br\/noticias\/wp-json\/wp\/v2\/categories?post=277947"},{"taxonomy":"post_tag","embeddable":true,"href":"https:\/\/jundiai.sp.gov.br\/noticias\/wp-json\/wp\/v2\/tags?post=277947"},{"taxonomy":"ods","embeddable":true,"href":"https:\/\/jundiai.sp.gov.br\/noticias\/wp-json\/wp\/v2\/ods?post=277947"}],"curies":[{"name":"wp","href":"https:\/\/api.w.org\/{rel}","templated":true}]}}