{"id":278068,"date":"2021-10-10T10:00:00","date_gmt":"2021-10-10T13:00:00","guid":{"rendered":"https:\/\/jundiai.sp.gov.br\/noticias\/?p=278068"},"modified":"2023-04-18T10:31:50","modified_gmt":"2023-04-18T13:31:50","slug":"ana-clarice-paisagismo-e-jardinagem-adere-ao-projeto-acolha-um-quarto-conforte-vidas","status":"publish","type":"post","link":"https:\/\/jundiai.sp.gov.br\/noticias\/2021\/10\/10\/ana-clarice-paisagismo-e-jardinagem-adere-ao-projeto-acolha-um-quarto-conforte-vidas\/","title":{"rendered":"Ana Clarice Paisagismo e Jardinagem adere ao projeto \u201cAcolha um Quarto, Conforte Vidas\u201d"},"content":{"rendered":"\n<p>A empresa Ana Clarice Paisagismo \u00e9 a mais nova parceira do projeto \u2018Acolha um Quarto, Conforte Vidas\u2019, com o objetivo de revitalizar os quartos com banheiros do centen\u00e1rio Hospital S\u00e3o Vicente de Paulo. A participante aderiu a uma cota Cora\u00e7\u00e3o, no valor de R$ 50 mil, contribuindo com o projeto que, at\u00e9 o momento, j\u00e1 resultou na reforma de 33 quartos, proporcionando maior humaniza\u00e7\u00e3o no atendimento, inclusive para os pacientes acometidos pela Covid-19 neste cen\u00e1rio de pandemia.<\/p>\n\n\n\n<p>\u201cO HSV \u00e9 um patrim\u00f4nio de Jundia\u00ed. Todas as fam\u00edlias conhecem e t\u00eam alguma hist\u00f3ria relacionada com a institui\u00e7\u00e3o. Poder colaborar para a melhoria da ambi\u00eancia do hospital \u00e9 um prazer e uma felicidade para a empresa, que existe h\u00e1 17 anos e tem o foco de atua\u00e7\u00e3o na cidade. A parceria entre o p\u00fablico e o privado fortalece os servi\u00e7os e promovem a qualidade de vida para todos\u201d, comenta a empres\u00e1ria Ana Clarice Cardoso, engenheira agr\u00f4noma, propriet\u00e1ria da empresa de jardinagem que conta com 90 funcion\u00e1rios.<\/p>\n\n\n\n<p>A doa\u00e7\u00e3o \u00e9 destinada para a continuidade do projeto desenvolvido no hospital. \u201cA primeira fase da reforma, que contemplou os quartos com at\u00e9 dois pacientes, foi encerrada com sucesso. A nova estrutura possibilitou as adequa\u00e7\u00f5es necess\u00e1rias exigidas pela pandemia da COVID-19, para o completo atendimento \u00e0 popula\u00e7\u00e3o. A ambi\u00eancia tamb\u00e9m faz parte da qualidade no cuidado para com os pacientes\u201d, comenta o prefeito Luiz Fernando Machado.<\/p>\n\n\n\n<p>De acordo com o superintendente do HSV, Matheus Gomes, os quartos reformados receberam melhorias na alvenaria, novo mobili\u00e1rio al\u00e9m de banheiros adequados para a acessibilidade. \u201cSomente com a parceria entre a iniciativa privada e o servi\u00e7o p\u00fablico tem sido poss\u00edvel realizar esse trabalho grandioso em benef\u00edcio \u00e0 popula\u00e7\u00e3o\u201d, explica.<\/p>\n\n\n\n<figure class=\"wp-block-image size-full\"><img loading=\"lazy\" decoding=\"async\" width=\"1280\" height=\"825\" src=\"https:\/\/jundiai.sp.gov.br\/noticias\/wp-content\/uploads\/sites\/32\/2021\/10\/entrega_8_quartos_do_projeto_acolha_um_quarto_hsv_-129.jpg\" alt=\"\" class=\"wp-image-278082\" srcset=\"https:\/\/jundiai.sp.gov.br\/noticias\/wp-content\/uploads\/sites\/32\/2021\/10\/entrega_8_quartos_do_projeto_acolha_um_quarto_hsv_-129.jpg 1280w, https:\/\/jundiai.sp.gov.br\/noticias\/wp-content\/uploads\/sites\/32\/2021\/10\/entrega_8_quartos_do_projeto_acolha_um_quarto_hsv_-129-300x193.jpg 300w, https:\/\/jundiai.sp.gov.br\/noticias\/wp-content\/uploads\/sites\/32\/2021\/10\/entrega_8_quartos_do_projeto_acolha_um_quarto_hsv_-129-768x495.jpg 768w\" sizes=\"auto, (max-width: 1280px) 100vw, 1280px\" \/><figcaption>Projeto &#8216;Acolha um Quarto, Conforte Vidas&#8217; j\u00e1 reformou 33 quartos do Hospital S\u00e3o Vicente de Paulo<\/figcaption><\/figure>\n\n\n\n<p>Para o gestor de Governo e Finan\u00e7as (UGGF) Jos\u00e9 Antonio Parimoschi, a uni\u00e3o da sociedade \u00e9 destaque do projeto. &#8220;O projeto Acolha um Quarto, Conforte Vidas apresenta o sucesso da sinergia e parceria entre os setores da sociedade para o bem comum. Assim que a pandemia da COVID-19 proporcionar total seguran\u00e7a, o programa ir\u00e1 retomar com maior intensidade&#8221;, detalha.<\/p>\n\n\n\n<p><strong>Projeto<\/strong><br>Toda a coordena\u00e7\u00e3o est\u00e1 a cargo do pr\u00f3prio hospital e com articula\u00e7\u00e3o da Rede Jundia\u00ed de Coopera\u00e7\u00e3o, vinculada \u00e0 Unidade de Gest\u00e3o de Governo e Finan\u00e7as. Antes do lan\u00e7amento oficial, o \u201cAcolha um Quarto, Conforte Vidas\u201d j\u00e1 registrava parcerias com importantes empresas, que destinaram pisos, revestimentos, metais e lou\u00e7as para a reforma dos quartos e banheiros, al\u00e9m do apoio das arquitetas do \u201cUm Tijolo por Dia\u201d, que doaram todos os projetos executivos de revitaliza\u00e7\u00e3o.<\/p>\n\n\n\n<p>Interessados em conhecer mais sobre o projeto podem entrar em contato com o Hospital S\u00e3o Vicente pelo e-mail: acolhaumquarto@hsvicente.org.br, ou pelo site: http:\/\/hsvicente.org.br\/acolha-um-quarto-conforte-vidas e, tamb\u00e9m, com a Rede Jundia\u00ed de Coopera\u00e7\u00e3o, no https:\/\/jundiai.sp.gov.br\/redecooperacao ou 4589-8602.<\/p>\n\n\n\n<p><strong>Assessoria de Imprensa<br>Fotos: Fot\u00f3grafos PM<\/strong><\/p>\n","protected":false},"excerpt":{"rendered":"<p>A empresa Ana Clarice Paisagismo \u00e9 a mais nova parceira do projeto \u2018Acolha um Quarto, Conforte Vidas\u2019, com o objetivo de revitalizar os quartos com banheiros do centen\u00e1rio Hospital S\u00e3o Vicente de Paulo. A participante aderiu a uma cota Cora\u00e7\u00e3o, no valor de R$ 50 mil, contribuindo com o projeto que, at\u00e9 o momento, j\u00e1 [&hellip;]<\/p>\n","protected":false},"author":39,"featured_media":278082,"comment_status":"closed","ping_status":"closed","sticky":false,"template":"","format":"standard","meta":{"footnotes":""},"categories":[2],"tags":[1155,321,1176],"ods":[],"class_list":["post-278068","post","type-post","status-publish","format-standard","has-post-thumbnail","hentry","category-noticias","tag-acolha-um-quarto-conforte-vidas","tag-hospital-de-caridade-sao-vicente-de-paulo","tag-prefeito-luiz-fernando-machado"],"_links":{"self":[{"href":"https:\/\/jundiai.sp.gov.br\/noticias\/wp-json\/wp\/v2\/posts\/278068","targetHints":{"allow":["GET"]}}],"collection":[{"href":"https:\/\/jundiai.sp.gov.br\/noticias\/wp-json\/wp\/v2\/posts"}],"about":[{"href":"https:\/\/jundiai.sp.gov.br\/noticias\/wp-json\/wp\/v2\/types\/post"}],"author":[{"embeddable":true,"href":"https:\/\/jundiai.sp.gov.br\/noticias\/wp-json\/wp\/v2\/users\/39"}],"replies":[{"embeddable":true,"href":"https:\/\/jundiai.sp.gov.br\/noticias\/wp-json\/wp\/v2\/comments?post=278068"}],"version-history":[{"count":6,"href":"https:\/\/jundiai.sp.gov.br\/noticias\/wp-json\/wp\/v2\/posts\/278068\/revisions"}],"predecessor-version":[{"id":278159,"href":"https:\/\/jundiai.sp.gov.br\/noticias\/wp-json\/wp\/v2\/posts\/278068\/revisions\/278159"}],"wp:featuredmedia":[{"embeddable":true,"href":"https:\/\/jundiai.sp.gov.br\/noticias\/wp-json\/wp\/v2\/media\/278082"}],"wp:attachment":[{"href":"https:\/\/jundiai.sp.gov.br\/noticias\/wp-json\/wp\/v2\/media?parent=278068"}],"wp:term":[{"taxonomy":"category","embeddable":true,"href":"https:\/\/jundiai.sp.gov.br\/noticias\/wp-json\/wp\/v2\/categories?post=278068"},{"taxonomy":"post_tag","embeddable":true,"href":"https:\/\/jundiai.sp.gov.br\/noticias\/wp-json\/wp\/v2\/tags?post=278068"},{"taxonomy":"ods","embeddable":true,"href":"https:\/\/jundiai.sp.gov.br\/noticias\/wp-json\/wp\/v2\/ods?post=278068"}],"curies":[{"name":"wp","href":"https:\/\/api.w.org\/{rel}","templated":true}]}}