{"id":278278,"date":"2021-10-09T14:09:59","date_gmt":"2021-10-09T17:09:59","guid":{"rendered":"https:\/\/jundiai.sp.gov.br\/noticias\/?p=278278"},"modified":"2021-10-09T17:03:45","modified_gmt":"2021-10-09T20:03:45","slug":"segunda-turma-para-capacitacao-de-cultivo-de-hortas-urbanas-teve-inicio-na-unidam","status":"publish","type":"post","link":"https:\/\/jundiai.sp.gov.br\/noticias\/2021\/10\/09\/segunda-turma-para-capacitacao-de-cultivo-de-hortas-urbanas-teve-inicio-na-unidam\/","title":{"rendered":"Segunda turma para capacita\u00e7\u00e3o de cultivo de hortas urbanas teve in\u00edcio, na Unidam"},"content":{"rendered":"\n<p>Lan\u00e7ado na Semana do Meio Ambiente, o programa Horta Urbana inicia a segunda turma de capacita\u00e7\u00e3o neste s\u00e1bado (9). Com objetivo de disponibilizar \u00e1reas p\u00fablicas ociosas para os mun\u00edcipes que queiram cultivar hortali\u00e7as, plantas medicinais, arom\u00e1ticas, ornamentais e esp\u00e9cies frut\u00edferas, a a\u00e7\u00e3o conta com aulas te\u00f3ricas e pr\u00e1ticas para a capacita\u00e7\u00e3o dos interessados em empreender na agricultura e cultivar com cess\u00e3o de uso de \u00e1rea p\u00fablica. <\/p>\n\n\n\n<p>Nesta segunda edi\u00e7\u00e3o foram 26 inscritos de toda a cidade, que, ao final da capacita\u00e7\u00e3o poder\u00e3o identificar \u00e1reas pr\u00f3ximas \u00e0 resid\u00eancia para o desenvolvimento da horta. O programa Horta Urbana conta com o apoio das Unidades de Agroneg\u00f3cio, Abastecimento e Turismo, Infraestrutura e Servi\u00e7os P\u00fablicos, Assist\u00eancia e Desenvolvimento Social, Escola de Gest\u00e3o P\u00fablica, Governo e Finan\u00e7as, Conselho Municipal de Seguran\u00e7a Alimentar e Conselho Municipal de Desenvolvimento Rural.<\/p>\n\n\n\n<figure class=\"wp-block-image size-full\"><img loading=\"lazy\" decoding=\"async\" width=\"1280\" height=\"853\" src=\"https:\/\/jundiai.sp.gov.br\/noticias\/wp-content\/uploads\/sites\/32\/2021\/10\/inicio-2-curso-de-horta-urbana-na-unidam_c_-41.jpg\" alt=\"\" class=\"wp-image-278286\" srcset=\"https:\/\/jundiai.sp.gov.br\/noticias\/wp-content\/uploads\/sites\/32\/2021\/10\/inicio-2-curso-de-horta-urbana-na-unidam_c_-41.jpg 1280w, https:\/\/jundiai.sp.gov.br\/noticias\/wp-content\/uploads\/sites\/32\/2021\/10\/inicio-2-curso-de-horta-urbana-na-unidam_c_-41-300x200.jpg 300w, https:\/\/jundiai.sp.gov.br\/noticias\/wp-content\/uploads\/sites\/32\/2021\/10\/inicio-2-curso-de-horta-urbana-na-unidam_c_-41-768x512.jpg 768w, https:\/\/jundiai.sp.gov.br\/noticias\/wp-content\/uploads\/sites\/32\/2021\/10\/inicio-2-curso-de-horta-urbana-na-unidam_c_-41-450x300.jpg 450w\" sizes=\"auto, (max-width: 1280px) 100vw, 1280px\" \/><figcaption>Capacita\u00e7\u00e3o ser\u00e1 realizada em quatro dias, com atividades pr\u00e1ticas e te\u00f3ricas<\/figcaption><\/figure>\n\n\n\n<p>Joelma Marcolino se inscreveu para participar da capacita\u00e7\u00e3o com o interesse em adquirir conhecimento e espa\u00e7o para  implementar uma horta em permacultura, ou seja, envolvendo alimenta\u00e7\u00e3o org\u00e2nica, cuidado com o solo, \u00e1gua, e contribuindo com a sociedade. &#8220;Desde que a pandemia come\u00e7ou, perdi o emprego e me dediquei a estudar. Quero desenvolver um projeto que seja sustent\u00e1vel e que sirva como semente para estimular outras pessoas&#8221;, comenta a atriz e professora de teatro. <\/p>\n\n\n\n<p>De acordo com a coordenadora do programa, Rita Stringari, as aulas s\u00e3o te\u00f3ricas e pr\u00e1ticas. Ao final, o grupo ter\u00e1 o apoio das unidades de gest\u00e3o para o in\u00edcio do cultivo. &#8220;A orienta\u00e7\u00e3o permanece ao longo de todo o projeto&#8221;, comenta.<\/p>\n\n\n\n<figure class=\"wp-block-image size-full\"><img loading=\"lazy\" decoding=\"async\" width=\"1280\" height=\"853\" src=\"https:\/\/jundiai.sp.gov.br\/noticias\/wp-content\/uploads\/sites\/32\/2021\/10\/inicio-2-curso-de-horta-urbana-na-unidam_c_-26.jpg\" alt=\"\" class=\"wp-image-278284\" srcset=\"https:\/\/jundiai.sp.gov.br\/noticias\/wp-content\/uploads\/sites\/32\/2021\/10\/inicio-2-curso-de-horta-urbana-na-unidam_c_-26.jpg 1280w, https:\/\/jundiai.sp.gov.br\/noticias\/wp-content\/uploads\/sites\/32\/2021\/10\/inicio-2-curso-de-horta-urbana-na-unidam_c_-26-300x200.jpg 300w, https:\/\/jundiai.sp.gov.br\/noticias\/wp-content\/uploads\/sites\/32\/2021\/10\/inicio-2-curso-de-horta-urbana-na-unidam_c_-26-768x512.jpg 768w, https:\/\/jundiai.sp.gov.br\/noticias\/wp-content\/uploads\/sites\/32\/2021\/10\/inicio-2-curso-de-horta-urbana-na-unidam_c_-26-450x300.jpg 450w\" sizes=\"auto, (max-width: 1280px) 100vw, 1280px\" \/><figcaption>Participantes iniciaram o curso com caminhada pela Unidam para o reconhecimento do espa\u00e7o e das \u00e1reas para as aulas<\/figcaption><\/figure>\n\n\n\n<p>Para a a diretora de Urbanismo da UGPUMA, Sylvia Angelini, &#8220;a forma\u00e7\u00e3o \u00e9 o primeiro passo para que os interessados em cultivar hortas urbanas avancem. A cess\u00e3o de uso de \u00e1rea \u00e9 oferecida \u00e0queles que terminarem o ciclo&#8221;, explica. <\/p>\n\n\n\n<p>Segundo a diretora da Escola de Gest\u00e3o P\u00fablica (EGP) Clara Magalh\u00e3es, a parceria fortalece a sociedade. &#8220;A partir da EGP \u00e9 viabilizada a oferta de conhecimento para a popula\u00e7\u00e3o, que, ao final do curso ter\u00e1 a possibilidade de gerar renda a partir do cultivo de verduras e legumes&#8221;, detalha. <\/p>\n\n\n\n<p>O curso prossegue por mais tr\u00eas s\u00e1bados do m\u00eas de outubro, sendo realizado no espa\u00e7o da Unidade de Desenvolvimento Ambiental (Unidam). <\/p>\n\n\n\n<p><strong>Assessoria de Imprensa<br>Fotos: Fot\u00f3grafos PMJ<\/strong><\/p>\n","protected":false},"excerpt":{"rendered":"<p>Lan\u00e7ado na Semana do Meio Ambiente, o programa Horta Urbana inicia a segunda turma de capacita\u00e7\u00e3o neste s\u00e1bado (9). Com objetivo de disponibilizar \u00e1reas p\u00fablicas ociosas para os mun\u00edcipes que queiram cultivar hortali\u00e7as, plantas medicinais, arom\u00e1ticas, ornamentais e esp\u00e9cies frut\u00edferas, a a\u00e7\u00e3o conta com aulas te\u00f3ricas e pr\u00e1ticas para a capacita\u00e7\u00e3o dos interessados em empreender [&hellip;]<\/p>\n","protected":false},"author":39,"featured_media":278286,"comment_status":"closed","ping_status":"closed","sticky":false,"template":"","format":"standard","meta":{"footnotes":""},"categories":[2],"tags":[2047],"ods":[],"class_list":["post-278278","post","type-post","status-publish","format-standard","has-post-thumbnail","hentry","category-noticias","tag-horta-urbana"],"_links":{"self":[{"href":"https:\/\/jundiai.sp.gov.br\/noticias\/wp-json\/wp\/v2\/posts\/278278","targetHints":{"allow":["GET"]}}],"collection":[{"href":"https:\/\/jundiai.sp.gov.br\/noticias\/wp-json\/wp\/v2\/posts"}],"about":[{"href":"https:\/\/jundiai.sp.gov.br\/noticias\/wp-json\/wp\/v2\/types\/post"}],"author":[{"embeddable":true,"href":"https:\/\/jundiai.sp.gov.br\/noticias\/wp-json\/wp\/v2\/users\/39"}],"replies":[{"embeddable":true,"href":"https:\/\/jundiai.sp.gov.br\/noticias\/wp-json\/wp\/v2\/comments?post=278278"}],"version-history":[{"count":10,"href":"https:\/\/jundiai.sp.gov.br\/noticias\/wp-json\/wp\/v2\/posts\/278278\/revisions"}],"predecessor-version":[{"id":278306,"href":"https:\/\/jundiai.sp.gov.br\/noticias\/wp-json\/wp\/v2\/posts\/278278\/revisions\/278306"}],"wp:featuredmedia":[{"embeddable":true,"href":"https:\/\/jundiai.sp.gov.br\/noticias\/wp-json\/wp\/v2\/media\/278286"}],"wp:attachment":[{"href":"https:\/\/jundiai.sp.gov.br\/noticias\/wp-json\/wp\/v2\/media?parent=278278"}],"wp:term":[{"taxonomy":"category","embeddable":true,"href":"https:\/\/jundiai.sp.gov.br\/noticias\/wp-json\/wp\/v2\/categories?post=278278"},{"taxonomy":"post_tag","embeddable":true,"href":"https:\/\/jundiai.sp.gov.br\/noticias\/wp-json\/wp\/v2\/tags?post=278278"},{"taxonomy":"ods","embeddable":true,"href":"https:\/\/jundiai.sp.gov.br\/noticias\/wp-json\/wp\/v2\/ods?post=278278"}],"curies":[{"name":"wp","href":"https:\/\/api.w.org\/{rel}","templated":true}]}}