{"id":278551,"date":"2021-10-15T17:32:18","date_gmt":"2021-10-15T20:32:18","guid":{"rendered":"https:\/\/jundiai.sp.gov.br\/noticias\/?p=278551"},"modified":"2021-10-15T17:32:18","modified_gmt":"2021-10-15T20:32:18","slug":"audiencia-publica-discute-ppa-2022-2025-na-camara-municipal","status":"publish","type":"post","link":"https:\/\/jundiai.sp.gov.br\/noticias\/2021\/10\/15\/audiencia-publica-discute-ppa-2022-2025-na-camara-municipal\/","title":{"rendered":"Audi\u00eancia p\u00fablica discute PPA 2022\/2025 na C\u00e2mara Municipal"},"content":{"rendered":"\n<p>O Plano Plurianual (PPA) 2022\/2025 ser\u00e1 discutido, na pr\u00f3xima segunda-feira (18), \u00e0s 9h, em audi\u00eancia p\u00fablica na C\u00e2mara Municipal de Jundia\u00ed, com a presen\u00e7a da equipe da Unidade de Gest\u00e3o de Governo e Finan\u00e7as, que poder\u00e1 tirar d\u00favidas dos vereadores e da popula\u00e7\u00e3o. A apresenta\u00e7\u00e3o ser\u00e1 do gestor de Governo e Finan\u00e7as, Jos\u00e9 Antonio Parimoschi, e do diretor de Planejamento e Governan\u00e7a, Fernando Luis Polo.<\/p>\n\n\n\n<figure class=\"wp-block-image size-full\"><img loading=\"lazy\" decoding=\"async\" width=\"1280\" height=\"853\" src=\"https:\/\/jundiai.sp.gov.br\/noticias\/wp-content\/uploads\/sites\/32\/2021\/10\/prefeito_entrega_ppa-8.jpg\" alt=\"\" class=\"wp-image-278554\" srcset=\"https:\/\/jundiai.sp.gov.br\/noticias\/wp-content\/uploads\/sites\/32\/2021\/10\/prefeito_entrega_ppa-8.jpg 1280w, https:\/\/jundiai.sp.gov.br\/noticias\/wp-content\/uploads\/sites\/32\/2021\/10\/prefeito_entrega_ppa-8-300x200.jpg 300w, https:\/\/jundiai.sp.gov.br\/noticias\/wp-content\/uploads\/sites\/32\/2021\/10\/prefeito_entrega_ppa-8-768x512.jpg 768w, https:\/\/jundiai.sp.gov.br\/noticias\/wp-content\/uploads\/sites\/32\/2021\/10\/prefeito_entrega_ppa-8-450x300.jpg 450w\" sizes=\"auto, (max-width: 1280px) 100vw, 1280px\" \/><figcaption>O vereador Rog\u00e9rio Ricardo da Silva, o prefeito Luiz Fernando Machado, o presidente da C\u00e2mara Municipal, Faouaz Taha, e o gestor de Governo e Finan\u00e7as, Jos\u00e9 Antonio Parimoschi, na entrega do PPA, em agosto<\/figcaption><\/figure>\n\n\n\n<p>\u201cA constru\u00e7\u00e3o do PPA sempre levou em conta a participa\u00e7\u00e3o da popula\u00e7\u00e3o. Fizemos uma pesquisa que entrevistou 1000 pessoas, representando o universo de toda nossa popula\u00e7\u00e3o, para captar as prioridades dos moradores. Al\u00e9m disso, realizamos uma consulta p\u00fablica on-line que teve a participa\u00e7\u00e3o de 643 pessoas, diversos grupos focais para conhecer opini\u00f5es segmentadas, reuni\u00f5es com os Conselhos municipais, al\u00e9m de duas audi\u00eancias p\u00fablicas, que agora se somam a essa terceira. O plano tem consist\u00eancia t\u00e9cnica e est\u00e1 legitimado pela participa\u00e7\u00e3o dos jundiaienses na constru\u00e7\u00e3o do futuro da cidade\u201d, explica Parimoschi.<\/p>\n\n\n\n<p>O prefeito Luiz Fernando Machado entregou o projeto de lei do PPA na C\u00e2mara no fim de agosto. Desde ent\u00e3o, os vereadores puderam analisar o documento, que define as diretrizes, objetivos e metas do governo, bem como suas prioridades, para um per\u00edodo de quatro anos de gest\u00e3o. O valor estimado do PPA para o pr\u00f3ximo quadri\u00eanio alcan\u00e7a a cifra de mais de R$ 13 bilh\u00f5es, dos quais cerca de 41% s\u00e3o destinados para o financiamento das pol\u00edticas de Sa\u00fade e de Educa\u00e7\u00e3o.<\/p>\n\n\n\n<p>A Audi\u00eancia P\u00fablica ser\u00e1 transmitida ao vivo pela TV C\u00e2mara Jundia\u00ed, nos canais 12.2 UHF e 4 NET, e pela internet, no site, Facebook e canal da C\u00e2mara no YouTube. Devido \u00e0 pandemia, a audi\u00eancia n\u00e3o ser\u00e1 aberta ao p\u00fablico, que poder\u00e1 enviar sugest\u00f5es e d\u00favidas pelos coment\u00e1rios no Facebook e YouTube da C\u00e2mara.<\/p>\n\n\n\n<p><strong>Assessoria de Imprensa<br>Foto: fot\u00f3grafo PMJ<\/strong><\/p>\n","protected":false},"excerpt":{"rendered":"<p>O Plano Plurianual (PPA) 2022\/2025 ser\u00e1 discutido, na pr\u00f3xima segunda-feira (18), \u00e0s 9h, em audi\u00eancia p\u00fablica na C\u00e2mara Municipal de Jundia\u00ed, com a presen\u00e7a da equipe da Unidade de Gest\u00e3o de Governo e Finan\u00e7as, que poder\u00e1 tirar d\u00favidas dos vereadores e da popula\u00e7\u00e3o. A apresenta\u00e7\u00e3o ser\u00e1 do gestor de Governo e Finan\u00e7as, Jos\u00e9 Antonio Parimoschi, [&hellip;]<\/p>\n","protected":false},"author":71,"featured_media":278554,"comment_status":"closed","ping_status":"closed","sticky":false,"template":"","format":"standard","meta":{"footnotes":""},"categories":[2],"tags":[1716,6,1024,3],"ods":[],"class_list":["post-278551","post","type-post","status-publish","format-standard","has-post-thumbnail","hentry","category-noticias","tag-audiencia-publica","tag-educacao","tag-plano-plurianual","tag-saude"],"_links":{"self":[{"href":"https:\/\/jundiai.sp.gov.br\/noticias\/wp-json\/wp\/v2\/posts\/278551","targetHints":{"allow":["GET"]}}],"collection":[{"href":"https:\/\/jundiai.sp.gov.br\/noticias\/wp-json\/wp\/v2\/posts"}],"about":[{"href":"https:\/\/jundiai.sp.gov.br\/noticias\/wp-json\/wp\/v2\/types\/post"}],"author":[{"embeddable":true,"href":"https:\/\/jundiai.sp.gov.br\/noticias\/wp-json\/wp\/v2\/users\/71"}],"replies":[{"embeddable":true,"href":"https:\/\/jundiai.sp.gov.br\/noticias\/wp-json\/wp\/v2\/comments?post=278551"}],"version-history":[{"count":2,"href":"https:\/\/jundiai.sp.gov.br\/noticias\/wp-json\/wp\/v2\/posts\/278551\/revisions"}],"predecessor-version":[{"id":278555,"href":"https:\/\/jundiai.sp.gov.br\/noticias\/wp-json\/wp\/v2\/posts\/278551\/revisions\/278555"}],"wp:featuredmedia":[{"embeddable":true,"href":"https:\/\/jundiai.sp.gov.br\/noticias\/wp-json\/wp\/v2\/media\/278554"}],"wp:attachment":[{"href":"https:\/\/jundiai.sp.gov.br\/noticias\/wp-json\/wp\/v2\/media?parent=278551"}],"wp:term":[{"taxonomy":"category","embeddable":true,"href":"https:\/\/jundiai.sp.gov.br\/noticias\/wp-json\/wp\/v2\/categories?post=278551"},{"taxonomy":"post_tag","embeddable":true,"href":"https:\/\/jundiai.sp.gov.br\/noticias\/wp-json\/wp\/v2\/tags?post=278551"},{"taxonomy":"ods","embeddable":true,"href":"https:\/\/jundiai.sp.gov.br\/noticias\/wp-json\/wp\/v2\/ods?post=278551"}],"curies":[{"name":"wp","href":"https:\/\/api.w.org\/{rel}","templated":true}]}}