{"id":278610,"date":"2021-10-16T14:37:41","date_gmt":"2021-10-16T17:37:41","guid":{"rendered":"https:\/\/jundiai.sp.gov.br\/noticias\/?p=278610"},"modified":"2021-10-18T09:26:32","modified_gmt":"2021-10-18T12:26:32","slug":"no-balsan-ligacao-de-agua-e-esgoto-e-sinonimo-de-cidadania","status":"publish","type":"post","link":"https:\/\/jundiai.sp.gov.br\/noticias\/2021\/10\/16\/no-balsan-ligacao-de-agua-e-esgoto-e-sinonimo-de-cidadania\/","title":{"rendered":"No Balsan, liga\u00e7\u00e3o de \u00e1gua e esgoto \u00e9 sin\u00f4nimo de cidadania"},"content":{"rendered":"\n<p>\u201cEu utilizava \u00e1gua do po\u00e7o e, depois que secou, passei a usar do vizinho. Moro aqui h\u00e1 30 anos e pensar que dentro de poucos dias vou ter a conta de \u00e1gua em meu nome \u00e9 de uma alegria t\u00e3o grande, porque a gente se sente cidad\u00e3o\u201d, conta Maria de Lurdes da Silva, 63 anos, costureira, que foi uma das pessoas que compare\u00e7am ao Posto tempor\u00e1rio montado pela DAE no Centro Comunit\u00e1rio da rua da Mina, para solicitar as liga\u00e7\u00f5es de \u00e1gua e esgoto. <\/p>\n\n\n\n<p>No local, at\u00e9 este domingo (17), das 9 \u00e0s 16h30, a equipe da \u00e1rea Comercial da DAE recebe os mun\u00edcipes para que possam efetivar a liga\u00e7\u00e3o. Para isso, basta apresentar documentos pessoais e preencher o cadastro da empresa.<\/p>\n\n\n\n<p>\u201c\u00c9 importante lembrar que a rede antiga ser\u00e1 desativada e que a liga\u00e7\u00e3o interna, dentro de cada im\u00f3vel, ser\u00e1 feita pelo morador\u201d, refor\u00e7a o diretor Comercial e Financeiro da DAE, Benedito Nogueira.<\/p>\n\n\n\n<p>Ap\u00f3s 30 dias de funcionamento da liga\u00e7\u00e3o, a conta de \u00e1gua ser\u00e1 emitida. O pagamento pode ser realizado em casas lot\u00e9ricas ou em qualquer banco. A fatura traz a identifica\u00e7\u00e3o do im\u00f3vel (unidade consumidora) e dados sobre o consumo.<\/p>\n\n\n\n<p>J\u00e1 para Maria de F\u00e1tima Pereira da Silva, 66 anos, aposentada, ter \u00e1gua individual \u00e9 garantia de mais qualidade de vida. \u201cEstou feliz com essa conquista, porque ter \u00e1gua na torneira vai garantir mais sa\u00fade para todos\u201d.<\/p>\n\n\n\n<div class=\"wp-block-image\"><figure class=\"aligncenter size-full is-resized\"><img loading=\"lazy\" decoding=\"async\" src=\"https:\/\/jundiai.sp.gov.br\/noticias\/wp-content\/uploads\/sites\/32\/2021\/10\/balsan-5_1.jpg\" alt=\"\" class=\"wp-image-278626\" width=\"840\" height=\"559\" srcset=\"https:\/\/jundiai.sp.gov.br\/noticias\/wp-content\/uploads\/sites\/32\/2021\/10\/balsan-5_1.jpg 1280w, https:\/\/jundiai.sp.gov.br\/noticias\/wp-content\/uploads\/sites\/32\/2021\/10\/balsan-5_1-300x200.jpg 300w, https:\/\/jundiai.sp.gov.br\/noticias\/wp-content\/uploads\/sites\/32\/2021\/10\/balsan-5_1-768x512.jpg 768w, https:\/\/jundiai.sp.gov.br\/noticias\/wp-content\/uploads\/sites\/32\/2021\/10\/balsan-5_1-450x300.jpg 450w\" sizes=\"auto, (max-width: 840px) 100vw, 840px\" \/><figcaption>  Maria de F\u00e1tima Pereira da Silva, 66 anos, comemora liga\u00e7\u00e3o de \u00e1gua e esgoto <\/figcaption><\/figure><\/div>\n\n\n\n<p>As obras no Balsan s\u00e3o fruto de um Termo de Ajustamento de Conduta (TAC), firmado entre o Minist\u00e9rio P\u00fablico e as Prefeituras de Jundia\u00ed e V\u00e1rzea Paulista, com anu\u00eancia da Sabesp. O TAC ainda determina que ser\u00e1 alterado o limite de munic\u00edpios, passando a \u00e1rea do Loteamento Balsan em V\u00e1rzea Paulista para Jundia\u00ed, ap\u00f3s aprova\u00e7\u00e3o das respectivas C\u00e2maras Municipais e da Assembleia Legislativa do Estado de S\u00e3o Paulo.<\/p>\n\n\n\n<p>A DAE implantou 6.545 metros de adutoras, redes de \u00e1gua e redes coletoras, com investimento de R$ 4,3 milh\u00f5es. A DAE tamb\u00e9m est\u00e1 \u00e0 disposi\u00e7\u00e3o pela Central de Relacionamento da DAE, no telefone 08000 133 155. A liga\u00e7\u00e3o \u00e9 gratuita e o atendimento 24 horas.<\/p>\n\n\n\n<p><strong>Assessoria de Comunica\u00e7\u00e3o \u2013 DAE Jundia\u00ed<\/strong><\/p>\n\n\n\n<p><strong>Fotos: DAE Jundia\u00ed<\/strong><\/p>\n\n\n\n<p><\/p>\n","protected":false},"excerpt":{"rendered":"<p>\u201cEu utilizava \u00e1gua do po\u00e7o e, depois que secou, passei a usar do vizinho. Moro aqui h\u00e1 30 anos e pensar que dentro de poucos dias vou ter a conta de \u00e1gua em meu nome \u00e9 de uma alegria t\u00e3o grande, porque a gente se sente cidad\u00e3o\u201d, conta Maria de Lurdes da Silva, 63 anos, [&hellip;]<\/p>\n","protected":false},"author":72,"featured_media":278627,"comment_status":"closed","ping_status":"closed","sticky":false,"template":"","format":"standard","meta":{"footnotes":""},"categories":[2],"tags":[],"ods":[],"class_list":["post-278610","post","type-post","status-publish","format-standard","has-post-thumbnail","hentry","category-noticias"],"_links":{"self":[{"href":"https:\/\/jundiai.sp.gov.br\/noticias\/wp-json\/wp\/v2\/posts\/278610","targetHints":{"allow":["GET"]}}],"collection":[{"href":"https:\/\/jundiai.sp.gov.br\/noticias\/wp-json\/wp\/v2\/posts"}],"about":[{"href":"https:\/\/jundiai.sp.gov.br\/noticias\/wp-json\/wp\/v2\/types\/post"}],"author":[{"embeddable":true,"href":"https:\/\/jundiai.sp.gov.br\/noticias\/wp-json\/wp\/v2\/users\/72"}],"replies":[{"embeddable":true,"href":"https:\/\/jundiai.sp.gov.br\/noticias\/wp-json\/wp\/v2\/comments?post=278610"}],"version-history":[{"count":5,"href":"https:\/\/jundiai.sp.gov.br\/noticias\/wp-json\/wp\/v2\/posts\/278610\/revisions"}],"predecessor-version":[{"id":278628,"href":"https:\/\/jundiai.sp.gov.br\/noticias\/wp-json\/wp\/v2\/posts\/278610\/revisions\/278628"}],"wp:featuredmedia":[{"embeddable":true,"href":"https:\/\/jundiai.sp.gov.br\/noticias\/wp-json\/wp\/v2\/media\/278627"}],"wp:attachment":[{"href":"https:\/\/jundiai.sp.gov.br\/noticias\/wp-json\/wp\/v2\/media?parent=278610"}],"wp:term":[{"taxonomy":"category","embeddable":true,"href":"https:\/\/jundiai.sp.gov.br\/noticias\/wp-json\/wp\/v2\/categories?post=278610"},{"taxonomy":"post_tag","embeddable":true,"href":"https:\/\/jundiai.sp.gov.br\/noticias\/wp-json\/wp\/v2\/tags?post=278610"},{"taxonomy":"ods","embeddable":true,"href":"https:\/\/jundiai.sp.gov.br\/noticias\/wp-json\/wp\/v2\/ods?post=278610"}],"curies":[{"name":"wp","href":"https:\/\/api.w.org\/{rel}","templated":true}]}}