{"id":278653,"date":"2021-10-18T17:03:10","date_gmt":"2021-10-18T20:03:10","guid":{"rendered":"https:\/\/jundiai.sp.gov.br\/noticias\/?p=278653"},"modified":"2021-10-18T17:03:10","modified_gmt":"2021-10-18T20:03:10","slug":"outubro-rosa-atividade-integra-pratica-esportiva-e-cuidados-com-a-saude-no-jardim-esplanada","status":"publish","type":"post","link":"https:\/\/jundiai.sp.gov.br\/noticias\/2021\/10\/18\/outubro-rosa-atividade-integra-pratica-esportiva-e-cuidados-com-a-saude-no-jardim-esplanada\/","title":{"rendered":"Outubro Rosa: atividade integra pr\u00e1tica esportiva e cuidados com a sa\u00fade no Jardim Esplanada"},"content":{"rendered":"\n<p>A chuva e o frio na manh\u00e3 desta segunda-feira (18) n\u00e3o desanimaram as mulheres e os homens que participam do grupo de gin\u00e1stica do complexo esportivo Nilo Macedo, no Jardim Esplanada. A fim de tratar da conscientiza\u00e7\u00e3o do Outubro Rosa, em rela\u00e7\u00e3o \u00e0 preven\u00e7\u00e3o, diagn\u00f3stico precoce e tratamento do c\u00e2ncer de mama, a atividade integrou uma roda de conversa sobre o tema e pr\u00e1ticas esportivas em grupo.<\/p>\n\n\n\n<p>O encontro, promovido pelas Unidades de Promo\u00e7\u00e3o da Sa\u00fade (UGPS) e de Esporte e Lazer (UGEL) contou com cerca de 50 participantes do bairro e da regi\u00e3o.<\/p>\n\n\n\n<p>&nbsp;Na abertura, os participantes fizeram uma atividade de alongamento e caminhada, sob o comando do educador esportivo Luciano Genari, do N\u00facleo Ampliado de Sa\u00fade da Fam\u00edlia (NASF). Na sequ\u00eancia, a gerente da UBS Esplanada, Fabiana Montoro Novo, tratou da import\u00e2ncia da preven\u00e7\u00e3o e diagn\u00f3stico precoce, al\u00e9m das ofertas de exames e tratamento pela rede municipal de sa\u00fade. O encontro foi finalizado com mais uma atividade esportiva, com a educadora f\u00edsica Adriana Sagrillo.<\/p>\n\n\n\n<figure class=\"wp-block-image size-full\"><img loading=\"lazy\" decoding=\"async\" width=\"1204\" height=\"803\" src=\"https:\/\/jundiai.sp.gov.br\/noticias\/wp-content\/uploads\/sites\/32\/2021\/10\/atividade-outubro-rosa-no-cece-nilo-macedo_c_-9.jpg\" alt=\"Homens e mulheres, todos usando m\u00e1scaras e alguns deles com roupas cor de rosa, dispostos em formato circular, em gin\u00e1sio esportivo coberto, com um grande la\u00e7o de pano cor de rosa sobre o centro\" class=\"wp-image-278656\" srcset=\"https:\/\/jundiai.sp.gov.br\/noticias\/wp-content\/uploads\/sites\/32\/2021\/10\/atividade-outubro-rosa-no-cece-nilo-macedo_c_-9.jpg 1204w, https:\/\/jundiai.sp.gov.br\/noticias\/wp-content\/uploads\/sites\/32\/2021\/10\/atividade-outubro-rosa-no-cece-nilo-macedo_c_-9-300x200.jpg 300w, https:\/\/jundiai.sp.gov.br\/noticias\/wp-content\/uploads\/sites\/32\/2021\/10\/atividade-outubro-rosa-no-cece-nilo-macedo_c_-9-768x512.jpg 768w, https:\/\/jundiai.sp.gov.br\/noticias\/wp-content\/uploads\/sites\/32\/2021\/10\/atividade-outubro-rosa-no-cece-nilo-macedo_c_-9-450x300.jpg 450w\" sizes=\"auto, (max-width: 1204px) 100vw, 1204px\" \/><figcaption>Atividade realizada no complexo esportivo Nilo Macedo contou com a participa\u00e7\u00e3o de 50 pessoas dos bairros da regi\u00e3o<\/figcaption><\/figure>\n\n\n\n<p>A moradora da Vila Progresso Maria In\u00eas Pereira participou da atividade e fez um apelo. \u201cMeu apelo \u00e9 para que as mulheres se cuidem. Participo deste e de outros grupos do bairro e meus exames est\u00e3o todos em dia, inclusive o de mama, que j\u00e1 est\u00e1 agendado. Estamos vivendo mais e n\u00e3o faz sentido prolongar a vida sem sa\u00fade e qualidade\u201d.<\/p>\n\n\n\n<p>Para os meses de outubro e novembro, a Prefeitura ampliou em 33% a oferta de exames de mamografia. A gestora-adjunta da UGPS, a dr\u00aa. Dayane Martins, explica como as mulheres interessadas podem solicit\u00e1-los. \u201cNestes meses, o acr\u00e9scimo \u00e0s 2,4 mil mamografias j\u00e1 oferecidas mensalmente visa ampliar a oferta \u00e0s mulheres com mais de 40 anos da cidade. Em Jundia\u00ed, o exame pode ser solicitado, inclusive sem a necessidade de agendamento de consulta, diretamente na UBS, por enfermeiro ou pelo m\u00e9dico. A pr\u00f3pria paciente pode manifestar interesse, e, com o agendamento, ela poder\u00e1 realiza-lo tanto no Hospital Universit\u00e1rio (HU) como na Associa\u00e7\u00e3o Fundo de Incentivo \u00e0 Pesquisa (AFIP)\u201d.<\/p>\n\n\n\n<figure class=\"wp-block-image size-full\"><img loading=\"lazy\" decoding=\"async\" width=\"1257\" height=\"838\" src=\"https:\/\/jundiai.sp.gov.br\/noticias\/wp-content\/uploads\/sites\/32\/2021\/10\/atividade-outubro-rosa-no-cece-nilo-macedo_c_-17.jpg\" alt=\"Tr\u00eas mulheres com blusas cor de rosa e um homem, todos usando m\u00e1scaras, fazendo atividade f\u00edsica de alongamento dos bra\u00e7os, em quadra esportiva, com trave de futebol e aro de basquete ao fundo\" class=\"wp-image-278655\" srcset=\"https:\/\/jundiai.sp.gov.br\/noticias\/wp-content\/uploads\/sites\/32\/2021\/10\/atividade-outubro-rosa-no-cece-nilo-macedo_c_-17.jpg 1257w, https:\/\/jundiai.sp.gov.br\/noticias\/wp-content\/uploads\/sites\/32\/2021\/10\/atividade-outubro-rosa-no-cece-nilo-macedo_c_-17-300x200.jpg 300w, https:\/\/jundiai.sp.gov.br\/noticias\/wp-content\/uploads\/sites\/32\/2021\/10\/atividade-outubro-rosa-no-cece-nilo-macedo_c_-17-768x512.jpg 768w, https:\/\/jundiai.sp.gov.br\/noticias\/wp-content\/uploads\/sites\/32\/2021\/10\/atividade-outubro-rosa-no-cece-nilo-macedo_c_-17-450x300.jpg 450w\" sizes=\"auto, (max-width: 1257px) 100vw, 1257px\" \/><figcaption>Maria In\u00eas fez uma apelo e um alerta a todas as mulheres durante o m\u00eas de outubro<\/figcaption><\/figure>\n\n\n\n<p><strong>Mais atividades<\/strong><br>Outras UBS t\u00eam promovido atividades em alus\u00e3o ao Outubro Rosa. Tamb\u00e9m na manh\u00e3 desta segunda (18), a UBS Eloy Chaves realizou a Caminhada Rosa no Parque Bot\u00e2nico do bairro. Al\u00e9m da caminhada, as participantes fizeram um alongamento e escutaram sobre a import\u00e2ncia dos cuidados com a sa\u00fade e o depoimento de uma paciente que se curou da doen\u00e7a. No per\u00edodo da tarde, \u00e0s 14h, a mesma UBS realiza uma atividade de Artesanato Rosa.<\/p>\n\n\n\n<p><strong>Assessoria de Imprensa<br>Fotos: Fot\u00f3grafos PMJ<\/strong><\/p>\n","protected":false},"excerpt":{"rendered":"<p>A chuva e o frio na manh\u00e3 desta segunda-feira (18) n\u00e3o desanimaram as mulheres e os homens que participam do grupo de gin\u00e1stica do complexo esportivo Nilo Macedo, no Jardim Esplanada. A fim de tratar da conscientiza\u00e7\u00e3o do Outubro Rosa, em rela\u00e7\u00e3o \u00e0 preven\u00e7\u00e3o, diagn\u00f3stico precoce e tratamento do c\u00e2ncer de mama, a atividade integrou [&hellip;]<\/p>\n","protected":false},"author":14,"featured_media":278656,"comment_status":"closed","ping_status":"closed","sticky":false,"template":"","format":"standard","meta":{"footnotes":""},"categories":[2],"tags":[35,319,2328,981],"ods":[],"class_list":["post-278653","post","type-post","status-publish","format-standard","has-post-thumbnail","hentry","category-noticias","tag-esporte-e-lazer","tag-outubro-rosa","tag-outubro-rosa-2021","tag-promocao-da-saude"],"_links":{"self":[{"href":"https:\/\/jundiai.sp.gov.br\/noticias\/wp-json\/wp\/v2\/posts\/278653","targetHints":{"allow":["GET"]}}],"collection":[{"href":"https:\/\/jundiai.sp.gov.br\/noticias\/wp-json\/wp\/v2\/posts"}],"about":[{"href":"https:\/\/jundiai.sp.gov.br\/noticias\/wp-json\/wp\/v2\/types\/post"}],"author":[{"embeddable":true,"href":"https:\/\/jundiai.sp.gov.br\/noticias\/wp-json\/wp\/v2\/users\/14"}],"replies":[{"embeddable":true,"href":"https:\/\/jundiai.sp.gov.br\/noticias\/wp-json\/wp\/v2\/comments?post=278653"}],"version-history":[{"count":4,"href":"https:\/\/jundiai.sp.gov.br\/noticias\/wp-json\/wp\/v2\/posts\/278653\/revisions"}],"predecessor-version":[{"id":278682,"href":"https:\/\/jundiai.sp.gov.br\/noticias\/wp-json\/wp\/v2\/posts\/278653\/revisions\/278682"}],"wp:featuredmedia":[{"embeddable":true,"href":"https:\/\/jundiai.sp.gov.br\/noticias\/wp-json\/wp\/v2\/media\/278656"}],"wp:attachment":[{"href":"https:\/\/jundiai.sp.gov.br\/noticias\/wp-json\/wp\/v2\/media?parent=278653"}],"wp:term":[{"taxonomy":"category","embeddable":true,"href":"https:\/\/jundiai.sp.gov.br\/noticias\/wp-json\/wp\/v2\/categories?post=278653"},{"taxonomy":"post_tag","embeddable":true,"href":"https:\/\/jundiai.sp.gov.br\/noticias\/wp-json\/wp\/v2\/tags?post=278653"},{"taxonomy":"ods","embeddable":true,"href":"https:\/\/jundiai.sp.gov.br\/noticias\/wp-json\/wp\/v2\/ods?post=278653"}],"curies":[{"name":"wp","href":"https:\/\/api.w.org\/{rel}","templated":true}]}}