{"id":278764,"date":"2021-10-19T20:00:59","date_gmt":"2021-10-19T23:00:59","guid":{"rendered":"https:\/\/jundiai.sp.gov.br\/noticias\/?p=278764"},"modified":"2021-10-19T20:00:59","modified_gmt":"2021-10-19T23:00:59","slug":"ppa-2022-2025-e-detalhado-para-vereadores-e-destina-41-de-seu-valor-para-saude-e-educacao","status":"publish","type":"post","link":"https:\/\/jundiai.sp.gov.br\/noticias\/2021\/10\/19\/ppa-2022-2025-e-detalhado-para-vereadores-e-destina-41-de-seu-valor-para-saude-e-educacao\/","title":{"rendered":"PPA 2022-2025 \u00e9 detalhado para vereadores e destina 41% de seu valor para Sa\u00fade e Educa\u00e7\u00e3o"},"content":{"rendered":"\n<p>A equipe da Unidade de Gest\u00e3o de Governo e Finan\u00e7as, com a participa\u00e7\u00e3o de diferentes gestores municipais, apresentou e detalhou o projeto de lei do Plano Plurianual (PPA) 2022-2025 em audi\u00eancia p\u00fablica virtual realizada pela C\u00e2mara Municipal de Jundia\u00ed, na manh\u00e3 desta segunda-feira (18). Os vereadores e a popula\u00e7\u00e3o puderam tirar suas d\u00favidas sobre a principal pe\u00e7a de planejamento que define as diretrizes, objetivos e metas do governo, bem como suas prioridades, para um per\u00edodo de quatro anos de gest\u00e3o. A audi\u00eancia foi transmitida ao vivo pelas redes sociais da C\u00e2mara Municipal.<\/p>\n\n\n\n<p>Ao todo, o valor estimado do PPA para o pr\u00f3ximo quadri\u00eanio chega \u00e0 cifra de mais de R$ 13 bilh\u00f5es, dos quais cerca de 41% s\u00e3o destinados para o financiamento das pol\u00edticas de Sa\u00fade e de Educa\u00e7\u00e3o. Se somados os valores previstos para a Limpeza, Zeladoria e Conserva\u00e7\u00e3o da cidade, Mobilidade e Seguran\u00e7a, essa propor\u00e7\u00e3o avan\u00e7a para 56% do total dos recursos previstos para os quatro anos.<\/p>\n\n\n\n<figure class=\"wp-block-image size-full\"><img loading=\"lazy\" decoding=\"async\" width=\"1280\" height=\"854\" src=\"https:\/\/jundiai.sp.gov.br\/noticias\/wp-content\/uploads\/sites\/32\/2021\/10\/audiencia_publica_ppa-11.jpg\" alt=\"\" class=\"wp-image-278767\" srcset=\"https:\/\/jundiai.sp.gov.br\/noticias\/wp-content\/uploads\/sites\/32\/2021\/10\/audiencia_publica_ppa-11.jpg 1280w, https:\/\/jundiai.sp.gov.br\/noticias\/wp-content\/uploads\/sites\/32\/2021\/10\/audiencia_publica_ppa-11-300x200.jpg 300w, https:\/\/jundiai.sp.gov.br\/noticias\/wp-content\/uploads\/sites\/32\/2021\/10\/audiencia_publica_ppa-11-768x512.jpg 768w, https:\/\/jundiai.sp.gov.br\/noticias\/wp-content\/uploads\/sites\/32\/2021\/10\/audiencia_publica_ppa-11-450x300.jpg 450w\" sizes=\"auto, (max-width: 1280px) 100vw, 1280px\" \/><figcaption>Polo, Vast\u00ed, Parimoschi e Texera durante a apresenta\u00e7\u00e3o e detalhamento do PPA para os vereadores, em audi\u00eancia virtual<\/figcaption><\/figure>\n\n\n\n<p>\u201cO PPA \u00e9 um plano de desenvolvimento, com objetivos claros e 21 programas que transformam as dimens\u00f5es social, econ\u00f4mica, ambiental e institucional de gest\u00e3o da cidade\u201d, explicou o gestor de Governo e Finan\u00e7as, Jos\u00e9 Antonio Parimoschi, que fez a apresenta\u00e7\u00e3o de dados e explica\u00e7\u00f5es ao lado do diretor de Planejamento e Governan\u00e7a, Fernando Luis Polo. \u201cNosso desafio \u00e9 retirar do papel esse plano de desenvolvimento, dando continuidade a um trabalho iniciado em 2017 e que busca a transforma\u00e7\u00e3o da sociedade a partir de investimentos em sa\u00fade, educa\u00e7\u00e3o, assist\u00eancia social, seguran\u00e7a, cultura, transportes, com o objetivo de melhorar a qualidade de vida das pessoas\u201d, declarou ainda Parimoschi. A condu\u00e7\u00e3o da audi\u00eancia foi feita pelo presidente da C\u00e2mara, Faouaz Taha.<\/p>\n\n\n\n<p>O gestor n\u00e3o deixou de apontar as vari\u00e1veis que podem influenciar a proje\u00e7\u00e3o dos investimentos para os pr\u00f3ximos anos, incluindo os reflexos da pandemia e as turbul\u00eancias econ\u00f4micas a n\u00edvel nacional, como o PIB, a infla\u00e7\u00e3o (que j\u00e1 chega a 10,25%), desemprego e taxa de juros. \u201cA infla\u00e7\u00e3o est\u00e1 causando o aumento do pre\u00e7o de muitos insumos, especialmente alimentos, luz e g\u00e1s, e isso impacta diretamente na vida das pessoas mais pobres, que precisam de servi\u00e7os do poder p\u00fablico. Nosso plano precisa contemplar essas pessoas que mais precisam dos servi\u00e7os essenciais da Prefeitura\u201d, explicou.<\/p>\n\n\n\n<p><strong>Constru\u00e7\u00e3o<\/strong><br>Polo explicou aos webespectadores como o PPA foi constru\u00eddo. \u201cNosso plano sempre levou em conta ouvir a popula\u00e7\u00e3o. Para tanto, fizemos uma pesquisa por telefone que ouviu mil participantes, consultas a grupos focais, oficinas com gestores municipais e com o Comit\u00ea das Crian\u00e7as, duas audi\u00eancias p\u00fablicas e outras a\u00e7\u00f5es\u201d, declarou. O documento est\u00e1 estruturado em cinco dimens\u00f5es transformadoras, sete plataformas e 21 programas de governo.<\/p>\n\n\n\n<p>Entre os programas est\u00e3o o Pacto pela Sa\u00fade (com previs\u00e3o de receber R$ 3 bilh\u00f5es nos pr\u00f3ximos quatro anos), Escola Inovadora para Educa\u00e7\u00e3o Infantil, Escola Inovadora para Ensino Fundamental (ambos com quase 2,5 bilh\u00f5es), Cidade Limpa e Bem Cuidada (R$ 1,1 bilh\u00e3o), Cidade das Crian\u00e7as (R$ 65 milh\u00f5es) e Jundia\u00ed Empreendedora (R$ 60 milh\u00f5es).<\/p>\n\n\n\n<p><strong>Sa\u00fade<\/strong><br>\u201cNosso governo \u00e9 de entregas, de amplia\u00e7\u00e3o, e n\u00e3o ser\u00e1 diferente com a Sa\u00fade nos pr\u00f3ximos anos\u201d, disse o gestor Tiago Texera. \u201cMesmo na pandemia, a Sa\u00fade ampliou sua assist\u00eancia e n\u00e3o parou investimentos, com obras de reforma e amplia\u00e7\u00e3o, levando mais servi\u00e7os \u00e0s pessoas, como consult\u00f3rios de odontologia e telemedicina.&#8221; Texera explicou tamb\u00e9m que, nos pr\u00f3ximos anos, pelo menos oito Unidades B\u00e1sicas de Sa\u00fade receber\u00e3o, atrav\u00e9s de reformas, o conceito do programa Nova UBS, e ser\u00e3o entregues a Cl\u00ednica da Fam\u00edlia e Pronto Atendimento dos bairros Vila Hortol\u00e2ndia e Ponte S\u00e3o Jo\u00e3o e o Ambulat\u00f3rio de Especialidades M\u00e9dicas da Vila Progresso.<\/p>\n\n\n\n<figure class=\"wp-block-image size-full\"><img loading=\"lazy\" decoding=\"async\" width=\"1139\" height=\"759\" src=\"https:\/\/jundiai.sp.gov.br\/noticias\/wp-content\/uploads\/sites\/32\/2020\/08\/atendimento-medicopediatrico-na-ubs-central_c_-35.jpg\" alt=\"\" class=\"wp-image-255964\" srcset=\"https:\/\/jundiai.sp.gov.br\/noticias\/wp-content\/uploads\/sites\/32\/2020\/08\/atendimento-medicopediatrico-na-ubs-central_c_-35.jpg 1139w, https:\/\/jundiai.sp.gov.br\/noticias\/wp-content\/uploads\/sites\/32\/2020\/08\/atendimento-medicopediatrico-na-ubs-central_c_-35-300x200.jpg 300w, https:\/\/jundiai.sp.gov.br\/noticias\/wp-content\/uploads\/sites\/32\/2020\/08\/atendimento-medicopediatrico-na-ubs-central_c_-35-768x512.jpg 768w, https:\/\/jundiai.sp.gov.br\/noticias\/wp-content\/uploads\/sites\/32\/2020\/08\/atendimento-medicopediatrico-na-ubs-central_c_-35-450x300.jpg 450w\" sizes=\"auto, (max-width: 1139px) 100vw, 1139px\" \/><figcaption>Texera: &#8220;Mesmo na pandemia, a Sa\u00fade ampliou sua assist\u00eancia e n\u00e3o parou investimentos&#8221;<\/figcaption><\/figure>\n\n\n\n<p><strong>Educa\u00e7\u00e3o<\/strong><br>A gestora de Educa\u00e7\u00e3o, Vast\u00ed Ferrari Marques, falou dos investimentos feitos atrav\u00e9s do programa Escola Inovadora. \u201cIsso vai muito al\u00e9m de revitaliza\u00e7\u00e3o f\u00edsica e muros pintados\u201d, explica. \u201cEstamos fazendo uma transforma\u00e7\u00e3o no modelo educacional, ouvindo as crian\u00e7as atrav\u00e9s da pedagogia da escuta e tamb\u00e9m os educadores.\u201d No que diz respeito \u00e0 estrutura f\u00edsica, as escolas est\u00e3o recebendo investimentos com a implanta\u00e7\u00e3o de hortas em 100% das unidades at\u00e9 o ano que vem, pelo programa Inova na Horta, e as crian\u00e7as s\u00e3o levadas a estudar a c\u00e9u aberto, em espa\u00e7os como parques e pra\u00e7as, dentro do conceito de desemparedamento. Do total de escolas municipais, 35 j\u00e1 foram revitalizadas.<\/p>\n\n\n\n<figure class=\"wp-block-image size-full\"><img loading=\"lazy\" decoding=\"async\" width=\"1280\" height=\"853\" src=\"https:\/\/jundiai.sp.gov.br\/noticias\/wp-content\/uploads\/sites\/32\/2021\/09\/entrega_emeb_mercedes_basile_bonito-26.jpg\" alt=\"\" class=\"wp-image-277182\" srcset=\"https:\/\/jundiai.sp.gov.br\/noticias\/wp-content\/uploads\/sites\/32\/2021\/09\/entrega_emeb_mercedes_basile_bonito-26.jpg 1280w, https:\/\/jundiai.sp.gov.br\/noticias\/wp-content\/uploads\/sites\/32\/2021\/09\/entrega_emeb_mercedes_basile_bonito-26-300x200.jpg 300w, https:\/\/jundiai.sp.gov.br\/noticias\/wp-content\/uploads\/sites\/32\/2021\/09\/entrega_emeb_mercedes_basile_bonito-26-768x512.jpg 768w, https:\/\/jundiai.sp.gov.br\/noticias\/wp-content\/uploads\/sites\/32\/2021\/09\/entrega_emeb_mercedes_basile_bonito-26-450x300.jpg 450w\" sizes=\"auto, (max-width: 1280px) 100vw, 1280px\" \/><figcaption>Escola Inovadora &#8220;vai muito al\u00e9m de revitaliza\u00e7\u00e3o f\u00edsica e muros pintados&#8221;, explica gestora Vast\u00ed <\/figcaption><\/figure>\n\n\n\n<p><strong>D\u00favidas<\/strong><br>Durante a audi\u00eancia p\u00fablica, a popula\u00e7\u00e3o e os vereadores fizeram perguntas sobre a realiza\u00e7\u00e3o de cirurgias eletivas, a constru\u00e7\u00e3o do pr\u00e9dio da UBS da Vila Ana, implanta\u00e7\u00e3o de ecopontos e novos espa\u00e7os de lazer para fam\u00edlias e crian\u00e7as, aumento salarial para Assistentes de Desenvolvimento Infantil (ADIs), transporte escolar, reformas em escolas municipais, demanda por escola, creche, quadra poliesportiva e reforma em vias p\u00fablicas do Vetor Oeste, asfaltamento de vias rurais e estradas vicinais, al\u00e9m de outras.<\/p>\n\n\n\n<p>O PPA ser\u00e1 analisado e discutido pelos vereadores e dever\u00e1 ser votado na C\u00e2mara Municipal at\u00e9 o fim do ano, antes do recesso parlamentar.<\/p>\n\n\n\n<p><strong>Assessoria de Imprensa<br>Foto: fot\u00f3grafo PMJ<\/strong><\/p>\n","protected":false},"excerpt":{"rendered":"<p>A equipe da Unidade de Gest\u00e3o de Governo e Finan\u00e7as, com a participa\u00e7\u00e3o de diferentes gestores municipais, apresentou e detalhou o projeto de lei do Plano Plurianual (PPA) 2022-2025 em audi\u00eancia p\u00fablica virtual realizada pela C\u00e2mara Municipal de Jundia\u00ed, na manh\u00e3 desta segunda-feira (18). Os vereadores e a popula\u00e7\u00e3o puderam tirar suas d\u00favidas sobre a [&hellip;]<\/p>\n","protected":false},"author":71,"featured_media":278767,"comment_status":"closed","ping_status":"closed","sticky":false,"template":"","format":"standard","meta":{"footnotes":""},"categories":[2],"tags":[6,1883,1882,3],"ods":[],"class_list":["post-278764","post","type-post","status-publish","format-standard","has-post-thumbnail","hentry","category-noticias","tag-educacao","tag-plano-plurianual-ppa-2022-2025","tag-ppa","tag-saude"],"_links":{"self":[{"href":"https:\/\/jundiai.sp.gov.br\/noticias\/wp-json\/wp\/v2\/posts\/278764","targetHints":{"allow":["GET"]}}],"collection":[{"href":"https:\/\/jundiai.sp.gov.br\/noticias\/wp-json\/wp\/v2\/posts"}],"about":[{"href":"https:\/\/jundiai.sp.gov.br\/noticias\/wp-json\/wp\/v2\/types\/post"}],"author":[{"embeddable":true,"href":"https:\/\/jundiai.sp.gov.br\/noticias\/wp-json\/wp\/v2\/users\/71"}],"replies":[{"embeddable":true,"href":"https:\/\/jundiai.sp.gov.br\/noticias\/wp-json\/wp\/v2\/comments?post=278764"}],"version-history":[{"count":3,"href":"https:\/\/jundiai.sp.gov.br\/noticias\/wp-json\/wp\/v2\/posts\/278764\/revisions"}],"predecessor-version":[{"id":278768,"href":"https:\/\/jundiai.sp.gov.br\/noticias\/wp-json\/wp\/v2\/posts\/278764\/revisions\/278768"}],"wp:featuredmedia":[{"embeddable":true,"href":"https:\/\/jundiai.sp.gov.br\/noticias\/wp-json\/wp\/v2\/media\/278767"}],"wp:attachment":[{"href":"https:\/\/jundiai.sp.gov.br\/noticias\/wp-json\/wp\/v2\/media?parent=278764"}],"wp:term":[{"taxonomy":"category","embeddable":true,"href":"https:\/\/jundiai.sp.gov.br\/noticias\/wp-json\/wp\/v2\/categories?post=278764"},{"taxonomy":"post_tag","embeddable":true,"href":"https:\/\/jundiai.sp.gov.br\/noticias\/wp-json\/wp\/v2\/tags?post=278764"},{"taxonomy":"ods","embeddable":true,"href":"https:\/\/jundiai.sp.gov.br\/noticias\/wp-json\/wp\/v2\/ods?post=278764"}],"curies":[{"name":"wp","href":"https:\/\/api.w.org\/{rel}","templated":true}]}}