{"id":278800,"date":"2021-10-20T13:43:08","date_gmt":"2021-10-20T16:43:08","guid":{"rendered":"https:\/\/jundiai.sp.gov.br\/noticias\/?p=278800"},"modified":"2021-10-20T13:57:06","modified_gmt":"2021-10-20T16:57:06","slug":"outubro-rosa-saude-e-o-tema-da-live-mulher-especial-de-outubro","status":"publish","type":"post","link":"https:\/\/jundiai.sp.gov.br\/noticias\/2021\/10\/20\/outubro-rosa-saude-e-o-tema-da-live-mulher-especial-de-outubro\/","title":{"rendered":"Outubro Rosa: Sa\u00fade \u00e9 o tema da live &#8220;Mulher Especial&#8221; de outubro"},"content":{"rendered":"\n<p>Na pr\u00f3xima ter\u00e7a-feira (26), a partir das 19h30, ser\u00e1 realizada mais uma live da programa\u00e7\u00e3o mensal do \u201cMulher Especial\u201d, proposta pela Assessoria de Pol\u00edticas para Mulheres da Unidade de Gest\u00e3o da Casa Civil (UGCC) e pela Unidade de Gest\u00e3o de Cultura (UGC). A edi\u00e7\u00e3o deste m\u00eas traz como tema a Sa\u00fade da Mulher e faz parte da programa\u00e7\u00e3o do Outubro Rosa, com apoio da Unidade de Gest\u00e3o de Promo\u00e7\u00e3o da Sa\u00fade (UGPS).<\/p>\n\n\n\n<p>Com transmiss\u00e3o ao vivo pelos canais da Cultura no&nbsp;<a rel=\"noreferrer noopener\" href=\"https:\/\/www.facebook.com\/culturajundiai\" target=\"_blank\">Facebook<\/a>&nbsp;e do&nbsp;<a rel=\"noreferrer noopener\" href=\"https:\/\/www.youtube.com\/c\/CulturaJundia%C3%AD\/featured\" target=\"_blank\">YouTube<\/a>, este ser\u00e1 o oitavo encontro tem\u00e1tico da s\u00e9rie iniciada no M\u00eas das Mulheres e que j\u00e1 dialogou sobre o acolhimento a mulheres v\u00edtimas de viol\u00eancia, sobre a inser\u00e7\u00e3o e perman\u00eancia das mulheres no mundo do trabalho e amplia\u00e7\u00e3o dos seus direitos sociais, o papel da mulher na pol\u00edtica, a Lei Maria da Penha, entre outros.<\/p>\n\n\n\n<p>Para este m\u00eas foram convidados a m\u00e9dica Erika Pimenta Mayer, assessora t\u00e9cnica da Sa\u00fade da Mulher da UGPS; o m\u00e9dico Jo\u00e3o Bosco Borges, professor titular da cadeira de Ginecologia, da Faculdade de Medicina de Jundia\u00ed (FMJ); e a nutricionista N\u00e1dia F\u00e1tima Gibrim, do N\u00facleo Ampliado de Sa\u00fade da Fam\u00edlia em Jundia\u00ed.<\/p>\n\n\n\n<p>Como nos encontros anteriores, a media\u00e7\u00e3o ficar\u00e1 a cargo da assessora para Pol\u00edticas P\u00fablicas para Mulheres, Penha Maria Camunhas Martins, e do gestor da UGC, Marcelo Peroni e contar\u00e1 com a tradu\u00e7\u00e3o simult\u00e2nea em L\u00edngua Brasileira de Sinais (Libras).<\/p>\n\n\n\n<p>Todas as lives da s\u00e9rie Mulheres contam ainda com a performance especial de um artista de Jundia\u00ed. Desta vez, o destaque fica para a artista pl\u00e1stica e arte-educadora Cec\u00edlia Celandroni, que h\u00e1 mais de 24 anos ministra aulas em Jundia\u00ed e regi\u00e3o e tem acervo em v\u00e1rios locais da cidade, inclusive pintura com registro de tombamento de duas vias sacras nas igrejas do Eloy Chaves e Medeiros.<\/p>\n\n\n\n<figure class=\"wp-block-image size-full\"><img loading=\"lazy\" decoding=\"async\" width=\"1280\" height=\"434\" src=\"https:\/\/jundiai.sp.gov.br\/noticias\/wp-content\/uploads\/sites\/32\/2021\/10\/mosaico_live_mulher_especial_outubro_rosa.jpeg\" alt=\"\" class=\"wp-image-278802\" srcset=\"https:\/\/jundiai.sp.gov.br\/noticias\/wp-content\/uploads\/sites\/32\/2021\/10\/mosaico_live_mulher_especial_outubro_rosa.jpeg 1280w, https:\/\/jundiai.sp.gov.br\/noticias\/wp-content\/uploads\/sites\/32\/2021\/10\/mosaico_live_mulher_especial_outubro_rosa-300x102.jpeg 300w, https:\/\/jundiai.sp.gov.br\/noticias\/wp-content\/uploads\/sites\/32\/2021\/10\/mosaico_live_mulher_especial_outubro_rosa-768x260.jpeg 768w\" sizes=\"auto, (max-width: 1280px) 100vw, 1280px\" \/><figcaption>Edi\u00e7\u00e3o do Outubro Rosa contar\u00e1 com as participa\u00e7\u00f5es especiais para tratar da Sa\u00fade da Mulher<\/figcaption><\/figure>\n\n\n\n<p><strong>Assessoria de Imprensa<br>Fotos: Divulga\u00e7\u00e3o<\/strong><\/p>\n","protected":false},"excerpt":{"rendered":"<p>Na pr\u00f3xima ter\u00e7a-feira (26), a partir das 19h30, ser\u00e1 realizada mais uma live da programa\u00e7\u00e3o mensal do \u201cMulher Especial\u201d, proposta pela Assessoria de Pol\u00edticas para Mulheres da Unidade de Gest\u00e3o da Casa Civil (UGCC) e pela Unidade de Gest\u00e3o de Cultura (UGC). A edi\u00e7\u00e3o deste m\u00eas traz como tema a Sa\u00fade da Mulher e faz [&hellip;]<\/p>\n","protected":false},"author":14,"featured_media":278802,"comment_status":"closed","ping_status":"closed","sticky":false,"template":"","format":"standard","meta":{"footnotes":""},"categories":[2],"tags":[990,62,29,319,2328,981],"ods":[],"class_list":["post-278800","post","type-post","status-publish","format-standard","has-post-thumbnail","hentry","category-noticias","tag-assessoria-de-politicas-para-as-mulheres","tag-casa-civil","tag-cultura","tag-outubro-rosa","tag-outubro-rosa-2021","tag-promocao-da-saude"],"_links":{"self":[{"href":"https:\/\/jundiai.sp.gov.br\/noticias\/wp-json\/wp\/v2\/posts\/278800","targetHints":{"allow":["GET"]}}],"collection":[{"href":"https:\/\/jundiai.sp.gov.br\/noticias\/wp-json\/wp\/v2\/posts"}],"about":[{"href":"https:\/\/jundiai.sp.gov.br\/noticias\/wp-json\/wp\/v2\/types\/post"}],"author":[{"embeddable":true,"href":"https:\/\/jundiai.sp.gov.br\/noticias\/wp-json\/wp\/v2\/users\/14"}],"replies":[{"embeddable":true,"href":"https:\/\/jundiai.sp.gov.br\/noticias\/wp-json\/wp\/v2\/comments?post=278800"}],"version-history":[{"count":3,"href":"https:\/\/jundiai.sp.gov.br\/noticias\/wp-json\/wp\/v2\/posts\/278800\/revisions"}],"predecessor-version":[{"id":278804,"href":"https:\/\/jundiai.sp.gov.br\/noticias\/wp-json\/wp\/v2\/posts\/278800\/revisions\/278804"}],"wp:featuredmedia":[{"embeddable":true,"href":"https:\/\/jundiai.sp.gov.br\/noticias\/wp-json\/wp\/v2\/media\/278802"}],"wp:attachment":[{"href":"https:\/\/jundiai.sp.gov.br\/noticias\/wp-json\/wp\/v2\/media?parent=278800"}],"wp:term":[{"taxonomy":"category","embeddable":true,"href":"https:\/\/jundiai.sp.gov.br\/noticias\/wp-json\/wp\/v2\/categories?post=278800"},{"taxonomy":"post_tag","embeddable":true,"href":"https:\/\/jundiai.sp.gov.br\/noticias\/wp-json\/wp\/v2\/tags?post=278800"},{"taxonomy":"ods","embeddable":true,"href":"https:\/\/jundiai.sp.gov.br\/noticias\/wp-json\/wp\/v2\/ods?post=278800"}],"curies":[{"name":"wp","href":"https:\/\/api.w.org\/{rel}","templated":true}]}}