{"id":278864,"date":"2021-10-21T14:25:13","date_gmt":"2021-10-21T17:25:13","guid":{"rendered":"https:\/\/jundiai.sp.gov.br\/noticias\/?p=278864"},"modified":"2024-08-26T16:34:14","modified_gmt":"2024-08-26T19:34:14","slug":"32o-encontro-de-corais-2021-abre-inscricoes-nesta-quinta-feira-21","status":"publish","type":"post","link":"https:\/\/jundiai.sp.gov.br\/noticias\/2021\/10\/21\/32o-encontro-de-corais-2021-abre-inscricoes-nesta-quinta-feira-21\/","title":{"rendered":"32\u00ba Encontro de Corais 2021 abre inscri\u00e7\u00f5es nesta quinta-feira (21)"},"content":{"rendered":"\n<p>A Unidade de Gest\u00e3o de Cultura (UGC) recebe, a partir desta quinta-feira (21) as inscri\u00e7\u00f5es para o <a rel=\"noreferrer noopener\" href=\"https:\/\/cultura.jundiai.sp.gov.br\/encontrodecorais\/\" target=\"_blank\">32\u00ba Encontro de Corais on-line 2021<\/a>. Podem se inscrever gratuitamente at\u00e9 o dia 12 de novembro corais nas categorias infantil, infantojuvenil, jovem e adulto, tanto de grupos nacionais como internacionais.<\/p>\n\n\n\n<p>Esta edi\u00e7\u00e3o do festival ser\u00e1 realizada com vers\u00e3o on-line, entre os dias 26 e 28 de novembro, com transmiss\u00e3o dos v\u00eddeos inscritos pelos canais do Cultura Jundia\u00ed no <a rel=\"noreferrer noopener\" href=\"https:\/\/www.facebook.com\/culturajundiai\" target=\"_blank\">Facebook<\/a>&nbsp;e do&nbsp;<a rel=\"noreferrer noopener\" href=\"https:\/\/www.youtube.com\/c\/CulturaJundia%C3%AD\/featured\" target=\"_blank\">YouTube<\/a>.<\/p>\n\n\n\n<p>Os interessados devem se inscrever por meio de <a rel=\"noreferrer noopener\" href=\"https:\/\/docs.google.com\/forms\/d\/e\/1FAIpQLSc2Agq63fRB30k_-CUERmwFc2luCbxpt5HneBEZW7UKAU5BCw\/closedform\" target=\"_blank\">formul\u00e1rio<\/a> no site da Cultura, onde tamb\u00e9m se encontram os documentos de <a rel=\"noreferrer noopener\" href=\"https:\/\/cultura.jundiai.sp.gov.br\/wp-content\/uploads\/2021\/10\/Anexo-I-Autorizacao-de-Cessao-de-Direitos-Autorais-e-de-Imagem.pdf\" target=\"_blank\">Autoriza\u00e7\u00e3o de Cess\u00e3o de Direitos Autorais e de Imagens<\/a> e a <a rel=\"noreferrer noopener\" href=\"https:\/\/cultura.jundiai.sp.gov.br\/wp-content\/uploads\/2021\/10\/Anexo-II-Autorizacao-de-Uso-de-Obras-de-Terceiros.pdf\" target=\"_blank\">Autoriza\u00e7\u00e3o de Uso de Obras de Terceiros<\/a>. Para se inscrever, os interessados dever\u00e3o enviar v\u00eddeo gravado da apresenta\u00e7\u00e3o, cumprindo os requisitos previstos por edital.<\/p>\n\n\n\n<figure class=\"wp-block-image size-full is-resized\"><img loading=\"lazy\" decoding=\"async\" src=\"https:\/\/jundiai.sp.gov.br\/noticias\/wp-content\/uploads\/sites\/32\/2021\/10\/encontro_de_corais-2.jpg\" alt=\"Homens, mulheres e crian\u00e7as usando roupas pretas e amarelas, cantando, posicionados em fileiras sobre palco de teatro, onde tamb\u00e9m se encontra regente de costas e m\u00fasicos tocando piano, viol\u00e3o e caj\u00f3n\" class=\"wp-image-278867\" width=\"840\" height=\"538\" srcset=\"https:\/\/jundiai.sp.gov.br\/noticias\/wp-content\/uploads\/sites\/32\/2021\/10\/encontro_de_corais-2.jpg 1280w, https:\/\/jundiai.sp.gov.br\/noticias\/wp-content\/uploads\/sites\/32\/2021\/10\/encontro_de_corais-2-300x192.jpg 300w, https:\/\/jundiai.sp.gov.br\/noticias\/wp-content\/uploads\/sites\/32\/2021\/10\/encontro_de_corais-2-768x492.jpg 768w\" sizes=\"auto, (max-width: 840px) 100vw, 840px\" \/><figcaption>Grupos do mundo todo podem participar desta edi\u00e7\u00e3o virtual do Encontro enviando seu v\u00eddeo at\u00e9 o dia 12 de novembro<\/figcaption><\/figure>\n\n\n\n<p>O Encontro de Corais n\u00e3o possui car\u00e1ter competitivo e todos os corais participantes ser\u00e3o premiados com certificado. Al\u00e9m das apresenta\u00e7\u00f5es musicais, ser\u00e3o realizadas durante a programa\u00e7\u00e3o oficinas tem\u00e1ticas gratuitas, tamb\u00e9m transmitidas on-line.<\/p>\n\n\n\n<p>O festival tem como objetivos promover o interc\u00e2mbio entre os coros participantes e estimular, desenvolver e aprimorar a pr\u00e1tica do canto coral em Jundia\u00ed, com a participa\u00e7\u00e3o de corais de outros munic\u00edpios, estados e pa\u00edses. Outros objetivos s\u00e3o conscientizar a comunidade em tempos de pandemia sobre as import\u00e2ncias sociais, educativas e culturais do canto coral e difundir o trabalho dos corais, incentivando a cria\u00e7\u00e3o de um mercado de trabalho para regentes, professores de canto e m\u00fasica.<\/p>\n\n\n\n<p>Cada grupo coral poder\u00e1 realizar apenas uma inscri\u00e7\u00e3o, mas o mesmo regente poder\u00e1 inscrever v\u00e1rios corais.<\/p>\n\n\n\n<p>Mais informa\u00e7\u00f5es podem ser obtidas pelo <a href=\"https:\/\/jundiai.sp.gov.br\/noticias\/wp-content\/uploads\/sites\/32\/2021\/10\/chamamento_publico_09-32-encontro_de_corais.pdf\" target=\"_blank\" rel=\"noreferrer noopener\">chamamento p\u00fablico n\u00ba 09\/2021<\/a>, pelo <a href=\"https:\/\/cultura.jundiai.sp.gov.br\/editais-e-regulamentos\/\" target=\"_blank\" rel=\"noreferrer noopener\">site da Cultura<\/a>, pelo e-mail <a href=\"mailto:encontrodecorais@jundiai.sp.gov.br\">encontrodecorais@jundiai.sp.gov.br<\/a> ou pelos telefones (11) 4585-9750 ou 4585-9762.<\/p>\n\n\n\n<p><strong>Assessoria de Imprensa<br>Foto: Arquivo PMJ<\/strong><\/p>\n","protected":false},"excerpt":{"rendered":"<p>A Unidade de Gest\u00e3o de Cultura (UGC) recebe, a partir desta quinta-feira (21) as inscri\u00e7\u00f5es para o 32\u00ba Encontro de Corais on-line 2021. Podem se inscrever gratuitamente at\u00e9 o dia 12 de novembro corais nas categorias infantil, infantojuvenil, jovem e adulto, tanto de grupos nacionais como internacionais. Esta edi\u00e7\u00e3o do festival ser\u00e1 realizada com vers\u00e3o [&hellip;]<\/p>\n","protected":false},"author":14,"featured_media":278867,"comment_status":"closed","ping_status":"closed","sticky":false,"template":"","format":"standard","meta":{"footnotes":""},"categories":[2],"tags":[2396,29,4618],"ods":[],"class_list":["post-278864","post","type-post","status-publish","format-standard","has-post-thumbnail","hentry","category-noticias","tag-32o-encontro-de-corais-de-jundiai","tag-cultura","tag-encontro-de-corais-de-jundiai"],"_links":{"self":[{"href":"https:\/\/jundiai.sp.gov.br\/noticias\/wp-json\/wp\/v2\/posts\/278864","targetHints":{"allow":["GET"]}}],"collection":[{"href":"https:\/\/jundiai.sp.gov.br\/noticias\/wp-json\/wp\/v2\/posts"}],"about":[{"href":"https:\/\/jundiai.sp.gov.br\/noticias\/wp-json\/wp\/v2\/types\/post"}],"author":[{"embeddable":true,"href":"https:\/\/jundiai.sp.gov.br\/noticias\/wp-json\/wp\/v2\/users\/14"}],"replies":[{"embeddable":true,"href":"https:\/\/jundiai.sp.gov.br\/noticias\/wp-json\/wp\/v2\/comments?post=278864"}],"version-history":[{"count":6,"href":"https:\/\/jundiai.sp.gov.br\/noticias\/wp-json\/wp\/v2\/posts\/278864\/revisions"}],"predecessor-version":[{"id":279244,"href":"https:\/\/jundiai.sp.gov.br\/noticias\/wp-json\/wp\/v2\/posts\/278864\/revisions\/279244"}],"wp:featuredmedia":[{"embeddable":true,"href":"https:\/\/jundiai.sp.gov.br\/noticias\/wp-json\/wp\/v2\/media\/278867"}],"wp:attachment":[{"href":"https:\/\/jundiai.sp.gov.br\/noticias\/wp-json\/wp\/v2\/media?parent=278864"}],"wp:term":[{"taxonomy":"category","embeddable":true,"href":"https:\/\/jundiai.sp.gov.br\/noticias\/wp-json\/wp\/v2\/categories?post=278864"},{"taxonomy":"post_tag","embeddable":true,"href":"https:\/\/jundiai.sp.gov.br\/noticias\/wp-json\/wp\/v2\/tags?post=278864"},{"taxonomy":"ods","embeddable":true,"href":"https:\/\/jundiai.sp.gov.br\/noticias\/wp-json\/wp\/v2\/ods?post=278864"}],"curies":[{"name":"wp","href":"https:\/\/api.w.org\/{rel}","templated":true}]}}