{"id":278906,"date":"2021-10-21T17:34:42","date_gmt":"2021-10-21T20:34:42","guid":{"rendered":"https:\/\/jundiai.sp.gov.br\/noticias\/?p=278906"},"modified":"2021-10-27T18:39:18","modified_gmt":"2021-10-27T21:39:18","slug":"cultura-inicia-programa-de-oficinas-de-musica-e-teatro-no-jardim-fepasa","status":"publish","type":"post","link":"https:\/\/jundiai.sp.gov.br\/noticias\/2021\/10\/21\/cultura-inicia-programa-de-oficinas-de-musica-e-teatro-no-jardim-fepasa\/","title":{"rendered":"Cultura inicia programa de oficinas de M\u00fasica e Teatro no Jardim Fepasa"},"content":{"rendered":"\n<p>Foram iniciados nesta semana os encontros dos programas de oficinas culturais descentralizadas da Unidade de Gest\u00e3o de Cultura (UGC) no Jardim Fepasa. Em parceria com a Funda\u00e7\u00e3o Municipal de A\u00e7\u00e3o Social (Fumas), as oficinas gratuitas de M\u00fasica s\u00e3o realizadas \u00e0s quartas e as de Teatro \u00e0s quintas-feiras, ambas na Casa Azul.<\/p>\n\n\n\n<p>As oficinas de M\u00fasica s\u00e3o voltadas para interessados em geral, maiores de 16 anos, e s\u00e3o conduzidas pela arte-educadora Eliss\u00e9ia Duarte. J\u00e1 as de Teatro est\u00e3o a cargo do arte-educador Luan Silva e s\u00e3o voltadas para crian\u00e7as de oito a 12 anos.<\/p>\n\n\n\n<figure class=\"wp-block-image size-full\"><img loading=\"lazy\" decoding=\"async\" width=\"1280\" height=\"853\" src=\"https:\/\/jundiai.sp.gov.br\/noticias\/wp-content\/uploads\/sites\/32\/2021\/10\/oficina_de_musica_jardim_fepasa_casa_verde-87.jpg\" alt=\"Quatro mulheres em p\u00e9, fazendo gestos com os bra\u00e7os, dispostas em \u00e2ngulos de um quadrado dentro de sala fechada, onde h\u00e1 teclado ao fundo.\" class=\"wp-image-278908\" srcset=\"https:\/\/jundiai.sp.gov.br\/noticias\/wp-content\/uploads\/sites\/32\/2021\/10\/oficina_de_musica_jardim_fepasa_casa_verde-87.jpg 1280w, https:\/\/jundiai.sp.gov.br\/noticias\/wp-content\/uploads\/sites\/32\/2021\/10\/oficina_de_musica_jardim_fepasa_casa_verde-87-300x200.jpg 300w, https:\/\/jundiai.sp.gov.br\/noticias\/wp-content\/uploads\/sites\/32\/2021\/10\/oficina_de_musica_jardim_fepasa_casa_verde-87-768x512.jpg 768w, https:\/\/jundiai.sp.gov.br\/noticias\/wp-content\/uploads\/sites\/32\/2021\/10\/oficina_de_musica_jardim_fepasa_casa_verde-87-450x300.jpg 450w\" sizes=\"auto, (max-width: 1280px) 100vw, 1280px\" \/><figcaption>Segundo Eliss\u00e9ia, a proposta da oficina \u00e9 ensinar m\u00fasica utilizando o corpo como instrumento<\/figcaption><\/figure>\n\n\n\n<p>Segundo o gestor da UGC, Marcelo Peroni, \u201cas oficinas s\u00e3o uma oportunidade para que os jovens e adultos tenham contato com as diversas linguagens art\u00edsticas que a M\u00fasica e o Teatro oferecem. Assim como os <a href=\"https:\/\/jundiai.sp.gov.br\/noticias\/2021\/10\/05\/coral-cidade-das-criancas-inicia-ensaios-em-novo-nucleo-da-vila-esperanca\/\">ensaios do Coral Infantojuvenil Cidade das Crian\u00e7as<\/a>, que recentemente, iniciou um n\u00facleo descentralizado na vila Esperan\u00e7a, decidimos levar estas oficinas ao Jardim Fepasa e ficamos felizes com a ades\u00e3o do p\u00fablico\u201d.<\/p>\n\n\n\n<p>Professora de m\u00fasica h\u00e1 mais de 27 anos, Eliss\u00e9ia Duarte explica que a proposta da oficina \u00e9 ensinar m\u00fasica utilizando o corpo como instrumento. \u201cAs oficinas ser\u00e3o realizadas at\u00e9 dezembro e trar\u00e3o como m\u00e9todo a inspira\u00e7\u00e3o do Instituto d&#8217;O Passo, criado por Lucas Ciavatta. Iniciamos as viv\u00eancias neste primeiro encontro com exerc\u00edcios de pulsa\u00e7\u00e3o, vivenciando os compassos e ritmos da m\u00fasica. Por isso, batizamos o projeto de \u2018Batucanto\u2019, pois envolve ritmo e voz\u201d.<\/p>\n\n\n\n<p>Moradora da vila Aparecida, M\u00e1rcia Regina dos Santos acompanhou a filha Lu\u00edza, de 16 anos. \u201cMinha filha \u00e9 muito interessada em Arte e Cultura e estava \u00e0 procura de uma oficina que pudesse conect\u00e1-la com a m\u00fasica. Quando descobrimos esta, decidimos participar juntas\u201d.<\/p>\n\n\n\n<figure class=\"wp-block-image size-full\"><img loading=\"lazy\" decoding=\"async\" width=\"1280\" height=\"854\" src=\"https:\/\/jundiai.sp.gov.br\/noticias\/wp-content\/uploads\/sites\/32\/2021\/10\/oficina_de_musica_jardim_fepasa_casa_verde-330.jpg\" alt=\"Duas mulheres de cabelos compridos, usando \u00f3culos, m\u00e1scaras e roupas de frio, sentadas uma ao lado da outra, com o corpo retorcido para tr\u00e1s, olhando para a c\u00e2mera.\" class=\"wp-image-278909\" srcset=\"https:\/\/jundiai.sp.gov.br\/noticias\/wp-content\/uploads\/sites\/32\/2021\/10\/oficina_de_musica_jardim_fepasa_casa_verde-330.jpg 1280w, https:\/\/jundiai.sp.gov.br\/noticias\/wp-content\/uploads\/sites\/32\/2021\/10\/oficina_de_musica_jardim_fepasa_casa_verde-330-300x200.jpg 300w, https:\/\/jundiai.sp.gov.br\/noticias\/wp-content\/uploads\/sites\/32\/2021\/10\/oficina_de_musica_jardim_fepasa_casa_verde-330-768x512.jpg 768w, https:\/\/jundiai.sp.gov.br\/noticias\/wp-content\/uploads\/sites\/32\/2021\/10\/oficina_de_musica_jardim_fepasa_casa_verde-330-450x300.jpg 450w\" sizes=\"auto, (max-width: 1280px) 100vw, 1280px\" \/><figcaption>M\u00e3e e filha aproveitaram para participar juntas da oficina de M\u00fasica<\/figcaption><\/figure>\n\n\n\n<p><strong>Inscri\u00e7\u00f5es<\/strong><br>Cada uma das turmas tem, por conta dos protocolos de seguran\u00e7a contra a Covid-19, um n\u00famero m\u00e1ximo de 15 participantes. Os interessados podem se inscrever gratuitamente pela internet, pelos formul\u00e1rios das oficinas de <a rel=\"noreferrer noopener\" href=\"https:\/\/docs.google.com\/forms\/d\/e\/1FAIpQLScbovBd__VEJPuRxN26E0tM02eFoO4inJ7iKCCTsw7BOvbcug\/viewform\" target=\"_blank\">M\u00fasica<\/a> e <a rel=\"noreferrer noopener\" href=\"https:\/\/docs.google.com\/forms\/d\/e\/1FAIpQLSf3p4ptjVBYD9v9sKyNIApvZDXOBddwcB1YMEj0XDEw4jwoXQ\/viewform\" target=\"_blank\">Teatro<\/a>, ou comparecer na Casa Azul (rua Sebasti\u00e3o de Oliveira Queiroz, n\u00ba 345), nas datas e hor\u00e1rios em que as oficinas s\u00e3o realizadas, respectivamente, \u00e0s quartas-feiras, das 14h \u00e0s 15h30, e \u00e0s quintas-feiras, das 15h30 \u00e0s 17h. <\/p>\n\n\n\n<p><strong>Assessoria de Imprensa<br>Fotos: Fot\u00f3grafos PMJ<\/strong><\/p>\n","protected":false},"excerpt":{"rendered":"<p>Foram iniciados nesta semana os encontros dos programas de oficinas culturais descentralizadas da Unidade de Gest\u00e3o de Cultura (UGC) no Jardim Fepasa. Em parceria com a Funda\u00e7\u00e3o Municipal de A\u00e7\u00e3o Social (Fumas), as oficinas gratuitas de M\u00fasica s\u00e3o realizadas \u00e0s quartas e as de Teatro \u00e0s quintas-feiras, ambas na Casa Azul. As oficinas de M\u00fasica [&hellip;]<\/p>\n","protected":false},"author":14,"featured_media":278908,"comment_status":"closed","ping_status":"closed","sticky":false,"template":"","format":"standard","meta":{"footnotes":""},"categories":[2],"tags":[29,2386,763],"ods":[],"class_list":["post-278906","post","type-post","status-publish","format-standard","has-post-thumbnail","hentry","category-noticias","tag-cultura","tag-jardim-fepasa","tag-oficinas-culturais"],"_links":{"self":[{"href":"https:\/\/jundiai.sp.gov.br\/noticias\/wp-json\/wp\/v2\/posts\/278906","targetHints":{"allow":["GET"]}}],"collection":[{"href":"https:\/\/jundiai.sp.gov.br\/noticias\/wp-json\/wp\/v2\/posts"}],"about":[{"href":"https:\/\/jundiai.sp.gov.br\/noticias\/wp-json\/wp\/v2\/types\/post"}],"author":[{"embeddable":true,"href":"https:\/\/jundiai.sp.gov.br\/noticias\/wp-json\/wp\/v2\/users\/14"}],"replies":[{"embeddable":true,"href":"https:\/\/jundiai.sp.gov.br\/noticias\/wp-json\/wp\/v2\/comments?post=278906"}],"version-history":[{"count":10,"href":"https:\/\/jundiai.sp.gov.br\/noticias\/wp-json\/wp\/v2\/posts\/278906\/revisions"}],"predecessor-version":[{"id":279452,"href":"https:\/\/jundiai.sp.gov.br\/noticias\/wp-json\/wp\/v2\/posts\/278906\/revisions\/279452"}],"wp:featuredmedia":[{"embeddable":true,"href":"https:\/\/jundiai.sp.gov.br\/noticias\/wp-json\/wp\/v2\/media\/278908"}],"wp:attachment":[{"href":"https:\/\/jundiai.sp.gov.br\/noticias\/wp-json\/wp\/v2\/media?parent=278906"}],"wp:term":[{"taxonomy":"category","embeddable":true,"href":"https:\/\/jundiai.sp.gov.br\/noticias\/wp-json\/wp\/v2\/categories?post=278906"},{"taxonomy":"post_tag","embeddable":true,"href":"https:\/\/jundiai.sp.gov.br\/noticias\/wp-json\/wp\/v2\/tags?post=278906"},{"taxonomy":"ods","embeddable":true,"href":"https:\/\/jundiai.sp.gov.br\/noticias\/wp-json\/wp\/v2\/ods?post=278906"}],"curies":[{"name":"wp","href":"https:\/\/api.w.org\/{rel}","templated":true}]}}