{"id":278983,"date":"2021-10-22T14:01:35","date_gmt":"2021-10-22T17:01:35","guid":{"rendered":"https:\/\/jundiai.sp.gov.br\/noticias\/?p=278983"},"modified":"2021-10-22T14:01:35","modified_gmt":"2021-10-22T17:01:35","slug":"nova-ubs-sao-camilo-e-reformada-e-ampliada-para-a-populacao","status":"publish","type":"post","link":"https:\/\/jundiai.sp.gov.br\/noticias\/2021\/10\/22\/nova-ubs-sao-camilo-e-reformada-e-ampliada-para-a-populacao\/","title":{"rendered":"Nova UBS S\u00e3o Camilo \u00e9 reformada e ampliada para a popula\u00e7\u00e3o"},"content":{"rendered":"\n<p>A Nova UBS S\u00e3o Camilo passou por reforma e amplia\u00e7\u00e3o de seu espa\u00e7o. Ao todo, foram investidos R$ 275 mil em uma \u00e1rea de 825 metros quadrados. O equipamento conta com oito consult\u00f3rios m\u00e9dicos, tr\u00eas odontol\u00f3gicos e est\u00e1 totalmente preparado para o atendimento em sistema de teleinterconsulta, com conex\u00f5es de internet e de inform\u00e1tica. Entre as novidades, o pr\u00e9dio passa a contar com ambientes de salas de curativos, de procedimentos, multiuso e de ger\u00eancia, com a implanta\u00e7\u00e3o dos programas \u201cPosso Ajudar\u201d e \u201cGuardi\u00e3o da Sa\u00fade\u201d &#8211; que proporcionam qualifica\u00e7\u00e3o ao atendimento ao usu\u00e1rio e valida\u00e7\u00e3o do servi\u00e7o prestado &#8211; e ainda teve a constru\u00e7\u00e3o de um estacionamento para seus funcion\u00e1rios.<\/p>\n\n\n\n<figure class=\"wp-block-image size-full\"><img loading=\"lazy\" decoding=\"async\" width=\"1280\" height=\"853\" src=\"https:\/\/jundiai.sp.gov.br\/noticias\/wp-content\/uploads\/sites\/32\/2021\/10\/entrega_nova_ubs_sao_camilo-178.jpg\" alt=\"\" class=\"wp-image-278987\" srcset=\"https:\/\/jundiai.sp.gov.br\/noticias\/wp-content\/uploads\/sites\/32\/2021\/10\/entrega_nova_ubs_sao_camilo-178.jpg 1280w, https:\/\/jundiai.sp.gov.br\/noticias\/wp-content\/uploads\/sites\/32\/2021\/10\/entrega_nova_ubs_sao_camilo-178-300x200.jpg 300w, https:\/\/jundiai.sp.gov.br\/noticias\/wp-content\/uploads\/sites\/32\/2021\/10\/entrega_nova_ubs_sao_camilo-178-768x512.jpg 768w, https:\/\/jundiai.sp.gov.br\/noticias\/wp-content\/uploads\/sites\/32\/2021\/10\/entrega_nova_ubs_sao_camilo-178-450x300.jpg 450w\" sizes=\"auto, (max-width: 1280px) 100vw, 1280px\" \/><figcaption>Consult\u00f3rio m\u00e9dico da Nova UBS S\u00e3o Camilo, que passou por reforma e amplia\u00e7\u00e3o de seu espa\u00e7o <\/figcaption><\/figure>\n\n\n\n<p>\u201cEssa unidade tem mais de dez mil pessoas cadastradas e faz um atendimento ativo de pouco mais de cinco mil pacientes, o que mostra sua import\u00e2ncia para a comunidade e justifica o investimento que aqui foi feito\u201d, declara o vice-prefeito Gustavo Martinelli, representando o prefeito Luiz Fernando Machado em visita t\u00e9cnica realizada no local na manh\u00e3 desta sexta-feira (22). \u201cSa\u00fade sempre foi e sempre ser\u00e1 prioridade em nossa gest\u00e3o.\u201d<\/p>\n\n\n\n<p>O gestor de Promo\u00e7\u00e3o da Sa\u00fade, Tiago Texera, destaca os avan\u00e7os trazidos pelo conceito de Nova UBS. \u201cNosso foco \u00e9 o atendimento humanizado, eficiente e resolutivo na porta de casa da popula\u00e7\u00e3o, resolvendo aqui 80% dos problemas de sa\u00fade e ajudando assim a n\u00e3o sobrecarregar outros equipamentos\u201d, explica o gestor. \u201cE al\u00e9m de um bom atendimento, tamb\u00e9m apostamos na melhora da ambi\u00eancia, para que o paciente se sinta bem nesse local.\u201d<\/p>\n\n\n\n<figure class=\"wp-block-image size-full\"><img loading=\"lazy\" decoding=\"async\" width=\"1280\" height=\"853\" src=\"https:\/\/jundiai.sp.gov.br\/noticias\/wp-content\/uploads\/sites\/32\/2021\/10\/entrega_nova_ubs_sao_camilo-225.jpg\" alt=\"\" class=\"wp-image-278988\" srcset=\"https:\/\/jundiai.sp.gov.br\/noticias\/wp-content\/uploads\/sites\/32\/2021\/10\/entrega_nova_ubs_sao_camilo-225.jpg 1280w, https:\/\/jundiai.sp.gov.br\/noticias\/wp-content\/uploads\/sites\/32\/2021\/10\/entrega_nova_ubs_sao_camilo-225-300x200.jpg 300w, https:\/\/jundiai.sp.gov.br\/noticias\/wp-content\/uploads\/sites\/32\/2021\/10\/entrega_nova_ubs_sao_camilo-225-768x512.jpg 768w, https:\/\/jundiai.sp.gov.br\/noticias\/wp-content\/uploads\/sites\/32\/2021\/10\/entrega_nova_ubs_sao_camilo-225-450x300.jpg 450w\" sizes=\"auto, (max-width: 1280px) 100vw, 1280px\" \/><figcaption>O vice-prefeito Gustavo Martinelli, o gestor de Sa\u00fade Tiago Texera e outros convidados durante visita t\u00e9cnica nesta sexta (22)<\/figcaption><\/figure>\n\n\n\n<p>A aposentada Maria da Silva Souza \u00e9 uma das usu\u00e1rias ativas da UBS e n\u00e3o tem do que reclamar. \u201cEu e meu marido passamos aqui e sempre somos muito bem acolhidos\u201d, revela. \u201cSempre tem m\u00e9dico e medicamento para n\u00f3s.\u201d Vinda do Haiti para Jundia\u00ed em 2017, Mirlande Napoleon mora no S\u00e3o Camilo e elogia a estrutura da Nova UBS S\u00e3o Camilo. \u201cNoite passada tive febre e vim aqui procurar ajuda. Gosto muito do atendimento, o local \u00e9 muito bom.\u201d<\/p>\n\n\n\n<p>Localizada na rua Pedro Ravanhani, a UBS leva o nome da enfermeira Maria Fernanda, que integrou a Coordena\u00e7\u00e3o de Aten\u00e7\u00e3o Prim\u00e1ria da Prefeitura de Jundia\u00ed at\u00e9 um acidente de tr\u00e2nsito ocorrido em 2013, no interior paulista, que tirou sua vida. Uma de suas salas tem o nome de Zulmira da Silva Rosa Pereira, que atendia in\u00fameras pessoas carentes humanitariamente. Nascida em Nova Granada em 1934, ela morava no Jardim S\u00e3o Camilo e morreu em junho de 1992.<\/p>\n\n\n\n<p>A regi\u00e3o Leste, na qual a Nova UBS S\u00e3o Camilo est\u00e1 inserida, tamb\u00e9m contar\u00e1 com o equipamento Cl\u00ednica da Fam\u00edlia e Pronto Atendimento, localizado na Ponte S\u00e3o Jo\u00e3o e atualmente em constru\u00e7\u00e3o. A visita t\u00e9cnica desta sexta-feira (22) tamb\u00e9m contou com a presen\u00e7a do gestor de Mobilidade e Transporte, Aloysio Queiroz.<\/p>\n\n\n\n<figure class=\"wp-block-image size-full\"><img loading=\"lazy\" decoding=\"async\" width=\"1280\" height=\"853\" src=\"https:\/\/jundiai.sp.gov.br\/noticias\/wp-content\/uploads\/sites\/32\/2021\/10\/entrega_nova_ubs_sao_camilo-247.jpg\" alt=\"\" class=\"wp-image-278989\" srcset=\"https:\/\/jundiai.sp.gov.br\/noticias\/wp-content\/uploads\/sites\/32\/2021\/10\/entrega_nova_ubs_sao_camilo-247.jpg 1280w, https:\/\/jundiai.sp.gov.br\/noticias\/wp-content\/uploads\/sites\/32\/2021\/10\/entrega_nova_ubs_sao_camilo-247-300x200.jpg 300w, https:\/\/jundiai.sp.gov.br\/noticias\/wp-content\/uploads\/sites\/32\/2021\/10\/entrega_nova_ubs_sao_camilo-247-768x512.jpg 768w, https:\/\/jundiai.sp.gov.br\/noticias\/wp-content\/uploads\/sites\/32\/2021\/10\/entrega_nova_ubs_sao_camilo-247-450x300.jpg 450w\" sizes=\"auto, (max-width: 1280px) 100vw, 1280px\" \/><figcaption>Consult\u00f3rio odontol\u00f3gico instalado no equipamento de Sa\u00fade, que faz um atendimento ativo de pouco mais de cinco mil pacientes <\/figcaption><\/figure>\n\n\n\n<p><strong>Assessoria de Imprensa<br>Foto: fot\u00f3grafo PMJ<\/strong><\/p>\n","protected":false},"excerpt":{"rendered":"<p>A Nova UBS S\u00e3o Camilo passou por reforma e amplia\u00e7\u00e3o de seu espa\u00e7o. Ao todo, foram investidos R$ 275 mil em uma \u00e1rea de 825 metros quadrados. O equipamento conta com oito consult\u00f3rios m\u00e9dicos, tr\u00eas odontol\u00f3gicos e est\u00e1 totalmente preparado para o atendimento em sistema de teleinterconsulta, com conex\u00f5es de internet e de inform\u00e1tica. Entre [&hellip;]<\/p>\n","protected":false},"author":71,"featured_media":278989,"comment_status":"closed","ping_status":"closed","sticky":false,"template":"","format":"standard","meta":{"footnotes":""},"categories":[2],"tags":[1073,2233,981,3],"ods":[],"class_list":["post-278983","post","type-post","status-publish","format-standard","has-post-thumbnail","hentry","category-noticias","tag-nova-ubs","tag-nova-ubs-sao-camilo","tag-promocao-da-saude","tag-saude"],"_links":{"self":[{"href":"https:\/\/jundiai.sp.gov.br\/noticias\/wp-json\/wp\/v2\/posts\/278983","targetHints":{"allow":["GET"]}}],"collection":[{"href":"https:\/\/jundiai.sp.gov.br\/noticias\/wp-json\/wp\/v2\/posts"}],"about":[{"href":"https:\/\/jundiai.sp.gov.br\/noticias\/wp-json\/wp\/v2\/types\/post"}],"author":[{"embeddable":true,"href":"https:\/\/jundiai.sp.gov.br\/noticias\/wp-json\/wp\/v2\/users\/71"}],"replies":[{"embeddable":true,"href":"https:\/\/jundiai.sp.gov.br\/noticias\/wp-json\/wp\/v2\/comments?post=278983"}],"version-history":[{"count":1,"href":"https:\/\/jundiai.sp.gov.br\/noticias\/wp-json\/wp\/v2\/posts\/278983\/revisions"}],"predecessor-version":[{"id":278990,"href":"https:\/\/jundiai.sp.gov.br\/noticias\/wp-json\/wp\/v2\/posts\/278983\/revisions\/278990"}],"wp:featuredmedia":[{"embeddable":true,"href":"https:\/\/jundiai.sp.gov.br\/noticias\/wp-json\/wp\/v2\/media\/278989"}],"wp:attachment":[{"href":"https:\/\/jundiai.sp.gov.br\/noticias\/wp-json\/wp\/v2\/media?parent=278983"}],"wp:term":[{"taxonomy":"category","embeddable":true,"href":"https:\/\/jundiai.sp.gov.br\/noticias\/wp-json\/wp\/v2\/categories?post=278983"},{"taxonomy":"post_tag","embeddable":true,"href":"https:\/\/jundiai.sp.gov.br\/noticias\/wp-json\/wp\/v2\/tags?post=278983"},{"taxonomy":"ods","embeddable":true,"href":"https:\/\/jundiai.sp.gov.br\/noticias\/wp-json\/wp\/v2\/ods?post=278983"}],"curies":[{"name":"wp","href":"https:\/\/api.w.org\/{rel}","templated":true}]}}