{"id":279234,"date":"2021-10-31T14:33:00","date_gmt":"2021-10-31T17:33:00","guid":{"rendered":"https:\/\/jundiai.sp.gov.br\/noticias\/?p=279234"},"modified":"2021-10-27T13:19:54","modified_gmt":"2021-10-27T16:19:54","slug":"guardiao-da-saude-implantado-em-2018-sistema-registra-aprovacao-dos-servicos-pelo-usuario-de-jundiai","status":"publish","type":"post","link":"https:\/\/jundiai.sp.gov.br\/noticias\/2021\/10\/31\/guardiao-da-saude-implantado-em-2018-sistema-registra-aprovacao-dos-servicos-pelo-usuario-de-jundiai\/","title":{"rendered":"Guardi\u00e3o da Sa\u00fade: Implantado em 2018, sistema registra aprova\u00e7\u00e3o dos servi\u00e7os pelo usu\u00e1rio de Jundia\u00ed"},"content":{"rendered":"\n<p>Avaliar como est\u00e1 o atendimento realizado pelas equipes da Unidade de Gest\u00e3o de Promo\u00e7\u00e3o de Sa\u00fade (UGPS) nos v\u00e1rios equipamentos da rede municipal, receber sugest\u00f5es de melhorias, cr\u00edticas e elogios da popula\u00e7\u00e3o s\u00e3o os objetivos do totem Guardi\u00e3o da Sa\u00fade, instalado nas Novas UBSs, Cl\u00ednica da Fam\u00edlia Novo Horizonte, UPA Vetor Oeste e Centro de Atendimento Psicossocial (CAPS) III Vila Hortol\u00e2ndia. De acordo com dados apurados pelo sistema desde 2018, a avalia\u00e7\u00e3o positiva dos servi\u00e7os supera os 80%. <\/p>\n\n\n\n<p>O avan\u00e7o positivo na avalia\u00e7\u00e3o dos servi\u00e7os \u00e9 uma constante, juntamente com o n\u00famero de servi\u00e7os agregados ao longo do tempo. Quando iniciado o Guardi\u00e3o da Sa\u00fade contava com equipamentos dispon\u00edveis somente na Cl\u00ednica da Fam\u00edlia, UPA Vetor Oeste e as Novas UBSs Tulipas e Maring\u00e1. Em 2019 as avalia\u00e7\u00f5es &#8216;\u00d3timo&#8217; e &#8216;Bom&#8217; somavam 75%. E nos anos de 2020 e 2021 o percentual foi de 80%. &#8220;O investimento em Sa\u00fade \u00e9 prioridade da gest\u00e3o. O Guardi\u00e3o da Sa\u00fade \u00e9 o canal direto de comunica\u00e7\u00e3o da popula\u00e7\u00e3o com a gest\u00e3o, avaliando e apontando o que est\u00e1 correto e o que precisa melhorar. E as medidas s\u00e3o tomadas imediatamente&#8221;, comenta o prefeito Luiz Fernando Machado. <\/p>\n\n\n\n<figure class=\"wp-block-image size-full\"><img loading=\"lazy\" decoding=\"async\" width=\"1280\" height=\"853\" src=\"https:\/\/jundiai.sp.gov.br\/noticias\/wp-content\/uploads\/sites\/32\/2021\/10\/guardiao-da-saude_ubs-retiro-36.jpg\" alt=\"\" class=\"wp-image-279358\" srcset=\"https:\/\/jundiai.sp.gov.br\/noticias\/wp-content\/uploads\/sites\/32\/2021\/10\/guardiao-da-saude_ubs-retiro-36.jpg 1280w, https:\/\/jundiai.sp.gov.br\/noticias\/wp-content\/uploads\/sites\/32\/2021\/10\/guardiao-da-saude_ubs-retiro-36-300x200.jpg 300w, https:\/\/jundiai.sp.gov.br\/noticias\/wp-content\/uploads\/sites\/32\/2021\/10\/guardiao-da-saude_ubs-retiro-36-768x512.jpg 768w, https:\/\/jundiai.sp.gov.br\/noticias\/wp-content\/uploads\/sites\/32\/2021\/10\/guardiao-da-saude_ubs-retiro-36-450x300.jpg 450w\" sizes=\"auto, (max-width: 1280px) 100vw, 1280px\" \/><figcaption>Guardi\u00e3o da Sa\u00fade est\u00e1 presente em 16 equipamentos de Sa\u00fade de Jundia\u00ed<\/figcaption><\/figure>\n\n\n\n<p>Atualmente, 16 servi\u00e7os contam com o Guardi\u00e3o da Sa\u00fade. A mais recente a ter o sistema instalado foi a Nova UBS Retiro, que apresentou crescimento na avalia\u00e7\u00e3o dos servi\u00e7os a partir dos investimentos no espa\u00e7o e na equipe. De acordo com a corretora de im\u00f3veis e moradora no Jardim Samambaia, Stefani Pires, \u00e9 usu\u00e1ria do servi\u00e7o de sa\u00fade p\u00fablica de Jundia\u00ed h\u00e1 seis anos. &#8220;Minha m\u00e3e frequenta o servi\u00e7o mais vezes que eu e notou a diferen\u00e7a no atendimento. Eu tamb\u00e9m notei o novo sistema de avalia\u00e7\u00e3o e aprovei a iniciativa&#8221;, detalha. <\/p>\n\n\n\n<p>&#8220;O sistema de avalia\u00e7\u00e3o do servi\u00e7o \u00e9 essencial para que possamos avan\u00e7ar, qualificar e entregar o servi\u00e7o de excel\u00eancia para a popula\u00e7\u00e3o. Todas as indica\u00e7\u00f5es s\u00e3o recebidas em tempo-real pela gest\u00e3o, e, a qualquer altera\u00e7\u00e3o os indica\u00e7\u00e3o de necessidade \u00e9 feita a interven\u00e7\u00e3o com a equipe para a solu\u00e7\u00e3o&#8221;, detalha o gestor da Unidade de Gest\u00e3o de Promo\u00e7\u00e3o da Sa\u00fade (UGPS) Tiago Texera.  <\/p>\n\n\n\n<p>Ao todo, desde o in\u00edcio da avalia\u00e7\u00e3o, 129,8 mil avalia\u00e7\u00f5es foram registradas no sistema.<\/p>\n\n\n\n<p><strong>Assessoria de Imprensa<br>Fotos: Fot\u00f3grafos PMJ<\/strong><\/p>\n","protected":false},"excerpt":{"rendered":"<p>Avaliar como est\u00e1 o atendimento realizado pelas equipes da Unidade de Gest\u00e3o de Promo\u00e7\u00e3o de Sa\u00fade (UGPS) nos v\u00e1rios equipamentos da rede municipal, receber sugest\u00f5es de melhorias, cr\u00edticas e elogios da popula\u00e7\u00e3o s\u00e3o os objetivos do totem Guardi\u00e3o da Sa\u00fade, instalado nas Novas UBSs, Cl\u00ednica da Fam\u00edlia Novo Horizonte, UPA Vetor Oeste e Centro de [&hellip;]<\/p>\n","protected":false},"author":39,"featured_media":279360,"comment_status":"closed","ping_status":"closed","sticky":false,"template":"","format":"standard","meta":{"footnotes":""},"categories":[2],"tags":[1176,981],"ods":[],"class_list":["post-279234","post","type-post","status-publish","format-standard","has-post-thumbnail","hentry","category-noticias","tag-prefeito-luiz-fernando-machado","tag-promocao-da-saude"],"_links":{"self":[{"href":"https:\/\/jundiai.sp.gov.br\/noticias\/wp-json\/wp\/v2\/posts\/279234","targetHints":{"allow":["GET"]}}],"collection":[{"href":"https:\/\/jundiai.sp.gov.br\/noticias\/wp-json\/wp\/v2\/posts"}],"about":[{"href":"https:\/\/jundiai.sp.gov.br\/noticias\/wp-json\/wp\/v2\/types\/post"}],"author":[{"embeddable":true,"href":"https:\/\/jundiai.sp.gov.br\/noticias\/wp-json\/wp\/v2\/users\/39"}],"replies":[{"embeddable":true,"href":"https:\/\/jundiai.sp.gov.br\/noticias\/wp-json\/wp\/v2\/comments?post=279234"}],"version-history":[{"count":17,"href":"https:\/\/jundiai.sp.gov.br\/noticias\/wp-json\/wp\/v2\/posts\/279234\/revisions"}],"predecessor-version":[{"id":279381,"href":"https:\/\/jundiai.sp.gov.br\/noticias\/wp-json\/wp\/v2\/posts\/279234\/revisions\/279381"}],"wp:featuredmedia":[{"embeddable":true,"href":"https:\/\/jundiai.sp.gov.br\/noticias\/wp-json\/wp\/v2\/media\/279360"}],"wp:attachment":[{"href":"https:\/\/jundiai.sp.gov.br\/noticias\/wp-json\/wp\/v2\/media?parent=279234"}],"wp:term":[{"taxonomy":"category","embeddable":true,"href":"https:\/\/jundiai.sp.gov.br\/noticias\/wp-json\/wp\/v2\/categories?post=279234"},{"taxonomy":"post_tag","embeddable":true,"href":"https:\/\/jundiai.sp.gov.br\/noticias\/wp-json\/wp\/v2\/tags?post=279234"},{"taxonomy":"ods","embeddable":true,"href":"https:\/\/jundiai.sp.gov.br\/noticias\/wp-json\/wp\/v2\/ods?post=279234"}],"curies":[{"name":"wp","href":"https:\/\/api.w.org\/{rel}","templated":true}]}}