{"id":279291,"date":"2021-10-26T15:40:02","date_gmt":"2021-10-26T18:40:02","guid":{"rendered":"https:\/\/jundiai.sp.gov.br\/noticias\/?p=279291"},"modified":"2021-10-27T12:02:58","modified_gmt":"2021-10-27T15:02:58","slug":"agronegocio-e-abastecimento-promove-o-evento-o-que-voce-alimenta-quando-se-alimenta","status":"publish","type":"post","link":"https:\/\/jundiai.sp.gov.br\/noticias\/2021\/10\/26\/agronegocio-e-abastecimento-promove-o-evento-o-que-voce-alimenta-quando-se-alimenta\/","title":{"rendered":"Agroneg\u00f3cio e Abastecimento promovem o evento \u201cO que voc\u00ea alimenta quando se alimenta?\u201d"},"content":{"rendered":"\n<p>Em comemora\u00e7\u00e3o ao Dia Mundial da Alimenta\u00e7\u00e3o, celebrado em 16 de outubro, a Unidade de Agroneg\u00f3cio, Abastecimento e Turismo (UGAAT) promove, nesta quarta-feira (27), o evento \u201cO que voc\u00ea alimenta quando se alimenta? \u201d. A a\u00e7\u00e3o ser\u00e1 no t\u00e9rreo do Pa\u00e7o Municipal, das 10h \u00e0s 17h, na presen\u00e7a da Feira do Produtor, com venda de hortali\u00e7as, PANC, frutas, cogumelos, mel e derivados.&nbsp;<\/p>\n\n\n\n<p>As Unidades de Promo\u00e7\u00e3o da Sa\u00fade, Planejamento Urbano e Meio Ambiente, Esporte e Lazer, Assist\u00eancia e Desenvolvimento Social tamb\u00e9m estar\u00e3o presentes para apresentarem seus projetos relacionados \u00e0 uma vida mais saud\u00e1vel, como por exemplo, o Banco de Alimentos e o Horta Urbana.&nbsp;<\/p>\n\n\n\n<p>\u201cO objetivo \u00e9 que as pessoas que passarem pelo Pa\u00e7o Municipal tenham a oportunidade de saber mais sobre sa\u00fade e nutri\u00e7\u00e3o, al\u00e9m de adquirirem hortifr\u00fatis diretamente dos produtores do Munic\u00edpio\u201d, explica o gestor da UGAAT, Eduardo Alvarez.<\/p>\n\n\n\n<figure class=\"wp-block-image size-full\"><img loading=\"lazy\" decoding=\"async\" width=\"1280\" height=\"853\" src=\"https:\/\/jundiai.sp.gov.br\/noticias\/wp-content\/uploads\/sites\/32\/2021\/10\/feira-do-produtor-149.jpg\" alt=\"Pessoa manipula hortali\u00e7as em cima de uma mesa fita de bambu.\" class=\"wp-image-279292\" srcset=\"https:\/\/jundiai.sp.gov.br\/noticias\/wp-content\/uploads\/sites\/32\/2021\/10\/feira-do-produtor-149.jpg 1280w, https:\/\/jundiai.sp.gov.br\/noticias\/wp-content\/uploads\/sites\/32\/2021\/10\/feira-do-produtor-149-300x200.jpg 300w, https:\/\/jundiai.sp.gov.br\/noticias\/wp-content\/uploads\/sites\/32\/2021\/10\/feira-do-produtor-149-768x512.jpg 768w, https:\/\/jundiai.sp.gov.br\/noticias\/wp-content\/uploads\/sites\/32\/2021\/10\/feira-do-produtor-149-450x300.jpg 450w\" sizes=\"auto, (max-width: 1280px) 100vw, 1280px\" \/><figcaption>Evento visa estimular a alimenta\u00e7\u00e3o mais saud\u00e1vel<\/figcaption><\/figure>\n\n\n\n<p><strong>Assessoria de Imprensa<br>Fotos: Fot\u00f3grafos PMJ<\/strong><\/p>\n","protected":false},"excerpt":{"rendered":"<p>Em comemora\u00e7\u00e3o ao Dia Mundial da Alimenta\u00e7\u00e3o, celebrado em 16 de outubro, a Unidade de Agroneg\u00f3cio, Abastecimento e Turismo (UGAAT) promove, nesta quarta-feira (27), o evento \u201cO que voc\u00ea alimenta quando se alimenta? \u201d. A a\u00e7\u00e3o ser\u00e1 no t\u00e9rreo do Pa\u00e7o Municipal, das 10h \u00e0s 17h, na presen\u00e7a da Feira do Produtor, com venda de [&hellip;]<\/p>\n","protected":false},"author":70,"featured_media":279292,"comment_status":"closed","ping_status":"closed","sticky":false,"template":"","format":"standard","meta":{"footnotes":""},"categories":[2],"tags":[974,2325],"ods":[],"class_list":["post-279291","post","type-post","status-publish","format-standard","has-post-thumbnail","hentry","category-noticias","tag-agronegocio-abastecimento-e-turismo","tag-feira-do-produtor"],"_links":{"self":[{"href":"https:\/\/jundiai.sp.gov.br\/noticias\/wp-json\/wp\/v2\/posts\/279291","targetHints":{"allow":["GET"]}}],"collection":[{"href":"https:\/\/jundiai.sp.gov.br\/noticias\/wp-json\/wp\/v2\/posts"}],"about":[{"href":"https:\/\/jundiai.sp.gov.br\/noticias\/wp-json\/wp\/v2\/types\/post"}],"author":[{"embeddable":true,"href":"https:\/\/jundiai.sp.gov.br\/noticias\/wp-json\/wp\/v2\/users\/70"}],"replies":[{"embeddable":true,"href":"https:\/\/jundiai.sp.gov.br\/noticias\/wp-json\/wp\/v2\/comments?post=279291"}],"version-history":[{"count":3,"href":"https:\/\/jundiai.sp.gov.br\/noticias\/wp-json\/wp\/v2\/posts\/279291\/revisions"}],"predecessor-version":[{"id":279361,"href":"https:\/\/jundiai.sp.gov.br\/noticias\/wp-json\/wp\/v2\/posts\/279291\/revisions\/279361"}],"wp:featuredmedia":[{"embeddable":true,"href":"https:\/\/jundiai.sp.gov.br\/noticias\/wp-json\/wp\/v2\/media\/279292"}],"wp:attachment":[{"href":"https:\/\/jundiai.sp.gov.br\/noticias\/wp-json\/wp\/v2\/media?parent=279291"}],"wp:term":[{"taxonomy":"category","embeddable":true,"href":"https:\/\/jundiai.sp.gov.br\/noticias\/wp-json\/wp\/v2\/categories?post=279291"},{"taxonomy":"post_tag","embeddable":true,"href":"https:\/\/jundiai.sp.gov.br\/noticias\/wp-json\/wp\/v2\/tags?post=279291"},{"taxonomy":"ods","embeddable":true,"href":"https:\/\/jundiai.sp.gov.br\/noticias\/wp-json\/wp\/v2\/ods?post=279291"}],"curies":[{"name":"wp","href":"https:\/\/api.w.org\/{rel}","templated":true}]}}