{"id":279407,"date":"2021-10-27T18:17:13","date_gmt":"2021-10-27T21:17:13","guid":{"rendered":"https:\/\/jundiai.sp.gov.br\/noticias\/?p=279407"},"modified":"2021-10-28T16:51:30","modified_gmt":"2021-10-28T19:51:30","slug":"confira-o-abre-e-fecha-do-dia-do-servidor-e-do-feriado-de-finados","status":"publish","type":"post","link":"https:\/\/jundiai.sp.gov.br\/noticias\/2021\/10\/27\/confira-o-abre-e-fecha-do-dia-do-servidor-e-do-feriado-de-finados\/","title":{"rendered":"Confira o Abre e Fecha do Dia do Servidor e do feriado de Finados"},"content":{"rendered":"\n<p>Por conta dos pontos facultativos do Dia do Funcion\u00e1rio P\u00fablico Municipal, este ano alterado para esta sexta (29), e do Dia de Todos os Santos, na segunda (01), bem como do feriado nacional do Dia de Finados, na ter\u00e7a-feira (02), os equipamentos p\u00fablicos do Munic\u00edpio podem ter seus hor\u00e1rios de funcionamento alterados neste per\u00edodo, conforme estabelecido pelo <a href=\"https:\/\/jundiai.sp.gov.br\/noticias\/wp-content\/uploads\/sites\/32\/2021\/02\/decreto-no-29-377-de-14-de-outubro-de-2020-feriados-e-pontos-facultativos.pdf\" target=\"_blank\" rel=\"noreferrer noopener\">decreto 29.377, de 14 de outubro de 2020<\/a>.<\/p>\n\n\n\n<p><strong>Pa\u00e7o Municipal<br><\/strong>O Pa\u00e7o permanece fechado entre esta sexta (29) a ter\u00e7a-feira (02), reabrindo na quarta-feira (03), \u00e0s 8h.<\/p>\n\n\n\n<figure class=\"wp-block-image size-full\"><img loading=\"lazy\" decoding=\"async\" width=\"1280\" height=\"853\" src=\"https:\/\/jundiai.sp.gov.br\/noticias\/wp-content\/uploads\/sites\/32\/2021\/10\/iluminacao-outubro-rosa-157.jpg\" alt=\"\" class=\"wp-image-279426\" srcset=\"https:\/\/jundiai.sp.gov.br\/noticias\/wp-content\/uploads\/sites\/32\/2021\/10\/iluminacao-outubro-rosa-157.jpg 1280w, https:\/\/jundiai.sp.gov.br\/noticias\/wp-content\/uploads\/sites\/32\/2021\/10\/iluminacao-outubro-rosa-157-300x200.jpg 300w, https:\/\/jundiai.sp.gov.br\/noticias\/wp-content\/uploads\/sites\/32\/2021\/10\/iluminacao-outubro-rosa-157-768x512.jpg 768w, https:\/\/jundiai.sp.gov.br\/noticias\/wp-content\/uploads\/sites\/32\/2021\/10\/iluminacao-outubro-rosa-157-450x300.jpg 450w\" sizes=\"auto, (max-width: 1280px) 100vw, 1280px\" \/><figcaption>O Pa\u00e7o Municipal reabre na quarta-feira (03)<\/figcaption><\/figure>\n\n\n\n<p><strong>Fumas<\/strong><br>A Funda\u00e7\u00e3o Municipal de A\u00e7\u00e3o Social (Fumas) tamb\u00e9m permanece fechada entre esta sexta (29) e a ter\u00e7a (02), e retoma o atendimento presencial na quarta-feira (03), \u00e0s 8h.<\/p>\n\n\n\n<p>Na ter\u00e7a-feira (02), Dia de Finados, os cemit\u00e9rios municipais Nossa Senhora do Desterro e Nossa Senhora do Montenegro permanecer\u00e3o abertos para a visita\u00e7\u00e3o do p\u00fablico em hor\u00e1rio normal de funcionamento: das 7h \u00e0s 17h.<\/p>\n\n\n\n<p>J\u00e1 as reformas de t\u00famulos poder\u00e3o ser feitas somente at\u00e9 esta sexta (29) e as limpezas somente at\u00e9 o domingo (31). Na segunda (01) e ter\u00e7a (02), esses servi\u00e7os n\u00e3o ser\u00e3o permitidos, podendo ser retomados na quarta-feira (03).<\/p>\n\n\n\n<p>Cabe observar que ser\u00e3o mantidos os protocolos de seguran\u00e7a sanit\u00e1rios, especialmente, quanto \u00e0 obrigatoriedade do uso de m\u00e1scaras, distanciamento social e disponibilidade de \u00e1lcool gel.<\/p>\n\n\n\n<p><strong>Sa\u00fade<\/strong><br>As Unidades B\u00e1sicas de Sa\u00fade (UBSs), Cl\u00ednica da Fam\u00edlia e Novas UBSs, Ambulat\u00f3rios, CAPS 1, CAPS 2 e o CAPS Infantojuvenil permanecem fechados a partir desta sexta-feira (29) e reabrem na quarta-feira (03). J\u00e1 o CAPS AD fica aberto 24 horas, apenas para acolhidos.<\/p>\n\n\n\n<p>As unidades de Pronto-Atendimento (PA) da Ponte S\u00e3o Jo\u00e3o (rua Santo Ant\u00f4nio, 191), do Retiro (rua Maria L\u00facia de Almeida, 100) funcionam normalmente, das 7h \u00e0s 18h.<\/p>\n\n\n\n<p>As situa\u00e7\u00f5es de urg\u00eancia devem ser encaminhadas para o PS do Hospital S\u00e3o Vicente de Paulo (adultos), Hospital Universit\u00e1rio (gestantes, crian\u00e7as e adolescentes), UPA 24h Vetor Oeste (crian\u00e7as e adultos) e PA Central (pra\u00e7a Dom Pedro II, Centro) em per\u00edodo integral.<\/p>\n\n\n\n<p>O PA Exclusivo Covid-19 no Centro de Conviv\u00eancia do Idoso (CCI) (avenida Alexandre Ludke, 780) funciona todos os dias, 24h para atendimento infantil, das 7h \u00e0s 19h e no PA Exclusivo COVID-19 Hortol\u00e2ndia &#8211; Policl\u00ednica Hortol\u00e2ndia (avenida Prefeito Jos\u00e9 Castro Marcondes, 510) o atendimento \u00e9 adulto, 24h. Na UPA, no espa\u00e7o exclusivo COVID-19, o atendimento \u00e9 24h, diariamente.<\/p>\n\n\n\n<p>J\u00e1 o cronograma de vacina\u00e7\u00e3o para os hor\u00e1rios e locais j\u00e1 disponibilizados no Calend\u00e1rio de Vacina\u00e7\u00e3o ser\u00e1 mantido durante a sexta-feira e s\u00e1bado.<\/p>\n\n\n\n<p><strong>Educa\u00e7\u00e3o<\/strong><br>As unidades da Educa\u00e7\u00e3o interrompem as atividades na quinta-feira (28) e retomam ao atendimento normal na quarta-feira (03).<\/p>\n\n\n\n<figure class=\"wp-block-image size-full is-resized\"><img loading=\"lazy\" decoding=\"async\" src=\"https:\/\/jundiai.sp.gov.br\/noticias\/wp-content\/uploads\/sites\/32\/2021\/10\/aereas-cemiterio-nossa-sra-do-desterro_c_-3.jpg\" alt=\"\" class=\"wp-image-279423\" width=\"987\" height=\"301\"\/><figcaption>Cemit\u00e9rios permanecer\u00e3o abertos para visita\u00e7\u00e3o durante o feriado<\/figcaption><\/figure>\n\n\n\n<p><strong>Mobilidade e Transporte<\/strong><br>Nesta sexta (29), a \u00fanica linha de \u00f4nibus que sofre altera\u00e7\u00e3o \u00e9 a linha 577 (Pa\u00e7o Municipal \u2013 Terminal Hortol\u00e2ndia), que opera com tabela especial.<\/p>\n\n\n\n<p>Na segunda (01), todas as linhas seguem tabela referente a dias \u00fateis (segunda a sexta-feira), exceto a linha 577, que volta a operar com tabela especial, e as linhas universit\u00e1rias 420, 430, 446, 460 e 480, que n\u00e3o ir\u00e3o circular.<\/p>\n\n\n\n<p>J\u00e1 na ter\u00e7a-feira (02), todas as linhas seguem a tabela referente a domingos e feriados, exceto as seguintes linhas, que circulam com hor\u00e1rio de segunda a sexta-feira: 570 (Terminal Hortol\u00e2ndia \u2013 Distrito Industrial); 974 (Terminal Hortol\u00e2ndia \u2013 Terminal Eloy Chaves, via Distrito Industrial); 537 (Terminal Central \u2013 Jardim das Tulipas); 545 (Residencial Jundia\u00ed 2 \u2013 Terminal Eloy Chaves, via Parque Industrial); e as linhas especiais 840, 850, 860 e 880 (Distrito Industrial).<\/p>\n\n\n\n<p><a href=\"https:\/\/situ.jundiai.sp.gov.br\/\" target=\"_blank\" rel=\"noreferrer noopener\">Confira o cronograma completo de linhas de \u00f4nibus<\/a>.<\/p>\n\n\n\n<p><strong>Feiras e varej\u00f5es<\/strong><br>As feiras e varej\u00f5es ser\u00e3o realizados normalmente, exceto o Varej\u00e3o Noturno do Parque da Uva, que n\u00e3o ter\u00e1 funcionamento na ter\u00e7a-feira (02). Toda a programa\u00e7\u00e3o, locais e hor\u00e1rios podem ser consultados no <a href=\"https:\/\/abastecimento.jundiai.sp.gov.br\/programas-do-departamento-de-abastecimento\/\">site do Agroneg\u00f3cio e Abastecimento<\/a>.<\/p>\n\n\n\n<figure class=\"wp-block-image size-full\"><img loading=\"lazy\" decoding=\"async\" width=\"1280\" height=\"853\" src=\"https:\/\/jundiai.sp.gov.br\/noticias\/wp-content\/uploads\/sites\/32\/2021\/10\/feira-livre-bairro-retiro_c_-4.jpg\" alt=\"\" class=\"wp-image-279427\" srcset=\"https:\/\/jundiai.sp.gov.br\/noticias\/wp-content\/uploads\/sites\/32\/2021\/10\/feira-livre-bairro-retiro_c_-4.jpg 1280w, https:\/\/jundiai.sp.gov.br\/noticias\/wp-content\/uploads\/sites\/32\/2021\/10\/feira-livre-bairro-retiro_c_-4-300x200.jpg 300w, https:\/\/jundiai.sp.gov.br\/noticias\/wp-content\/uploads\/sites\/32\/2021\/10\/feira-livre-bairro-retiro_c_-4-768x512.jpg 768w, https:\/\/jundiai.sp.gov.br\/noticias\/wp-content\/uploads\/sites\/32\/2021\/10\/feira-livre-bairro-retiro_c_-4-450x300.jpg 450w\" sizes=\"auto, (max-width: 1280px) 100vw, 1280px\" \/><figcaption>  Feiras e varej\u00f5es ser\u00e3o realizados normalmente, com exce\u00e7\u00e3o do Varej\u00e3o Noturno do Parque da Uva <\/figcaption><\/figure>\n\n\n\n<p><strong>Parques e complexos esportivos<\/strong><br>O Mundo das Crian\u00e7as estar\u00e1 aberto todos os dias, das 7h \u00e0s 17h, com entrada permitida at\u00e9 as 16h. Para visitar ou usar a pista de skate, \u00e9 necess\u00e1rio agendamento pr\u00e9vio pelo <a href=\"https:\/\/mundodascriancasjundiai.com.br\/\" target=\"_blank\" rel=\"noreferrer noopener\">site<\/a>.<\/p>\n\n\n\n<p>J\u00e1 o Parque da Cidade vai funcionar das 6h30 \u00e0s 18h, com entrada at\u00e9 as 17h, durante todo o feriado, com entrada \u00e9 livre.<\/p>\n\n\n\n<p>Ambos est\u00e3o localizados na Rodovia Jo\u00e3o Cereser, Pinheirinho, respectivamente com acesso pelos quil\u00f4metros 64,4 e 66, com entrada e estacionamento gratuitos.<\/p>\n\n\n\n<p>O Jardim Bot\u00e2nico; os parques Bot\u00e2nico Eloy Chaves, \u00c2ngelo Costa (Engordadouro) e Ant\u00f4nio Garcia Machado (Jardim do Lago); as Pra\u00e7as Fam\u00edlia Jundia\u00ed &amp; Espa\u00e7o PET da Nove de Julho, Vila Rami e Ponte S\u00e3o Jo\u00e3o; e os bosques Onofre Canedo (Almerinda Chaves) e do Jardim Copacabana permanecem abertos das 7h \u00e0s 17h durante o per\u00edodo.<\/p>\n\n\n\n<p>J\u00e1 o Parque do Parque do Trabalhador (Corrupira) permanece fechado na segunda (01) e nos demais dias funciona das 8h \u00e0s 17h.<\/p>\n\n\n\n<p>Nos parques de grande porte, a entrada ser\u00e1 permitida somente at\u00e9 uma hora antes do hor\u00e1rio de fechamento, portanto, at\u00e9 as 16h.<\/p>\n\n\n\n<p>J\u00e1 os complexos esportivos permanecem fechados na sexta (29) e na ter\u00e7a-feira (02).<\/p>\n\n\n\n<p>No s\u00e1bado (30) e domingo (31), est\u00e3o abertos somente o Dr. Nicolino de Luca \u2013 Bol\u00e3o (Anhangaba\u00fa), das 6h \u00e0s 18h, e o Jos\u00e9 Brenna \u2013 Sororoca (vila Municipal), das 8h \u00e0s 18h.<\/p>\n\n\n\n<p>O Dal Santo (vila Rami) e o Aramis Polli (vila Hortol\u00e2ndia) permanecer\u00e3o abertos somente para a vacina\u00e7\u00e3o, no s\u00e1bado (30), das 7h \u00e0s 18h<\/p>\n\n\n\n<p>Na segunda-feira (01), o Bol\u00e3o funciona das 6h \u00e0s 18h. J\u00e1 os seguintes complexos esportivos funcionam das 8h \u00e0s 18h, que s\u00e3o: o Antonio Iacovino (vila Nambi), o Benedito de Lima (Retiro), o Siqueira Neto (Jardim Martins), o Dal Santo (vila Rami), o Francisco Gastaldo (Morada das Vinhas), o Helena Cestari (vila Comercial), o Rom\u00e3o de Souza (Col\u00f4nia), o Vanderlei Sperandio (Santa Gertrudes) e o Sororoca, das 8h \u00e0s 18h.<\/p>\n\n\n\n<p><strong>Cultura<\/strong><br>O setor administrativo da Unidade de Gest\u00e3o de Cultura no Complexo Fepasa permanece fechado ao p\u00fablico durante o per\u00edodo, mas realizar\u00e1 atendimento na sexta (29) e s\u00e1bado (30), somente para grupos que j\u00e1 agendaram atividades no local. O espa\u00e7o permanece fechado no domingo (31), segunda (01) e ter\u00e7a (02), reabrindo na quarta-feira (03), \u00e0s 8h.<\/p>\n\n\n\n<p>O Museu Hist\u00f3rico e Cultural \u2013 Solar do Bar\u00e3o fica aberto na sexta (29), s\u00e1bado (30), domingo (31) e ter\u00e7a (02), das 10h \u00e0s 17h, para visitas gratuitas ao seu acervo, \u00e0 exposi\u00e7\u00e3o \u201dJundiahy\u2026Jundia\u00ed\u201d e aos jardins. O espa\u00e7o permanece fechado na segunda (01) para manuten\u00e7\u00e3o.<\/p>\n\n\n\n<p>O mesmo vale para a Pinacoteca Municipal Di\u00f3genes Duarte Paes, que funciona das 10h \u00e0s 17h na sexta (29), s\u00e1bado (30), domingo (31) e ter\u00e7a (02), e fica fechada para manuten\u00e7\u00e3o na segunda (01). O p\u00fablico poder\u00e1 conferir as exposi\u00e7\u00f5es \u201cChico Bento \u2013 60 Primaveras\u201d e \u201cJundia\u00ed: Terra da HQ\u201d, que tamb\u00e9m t\u00eam entrada franca.<\/p>\n\n\n\n<p>J\u00e1 o Teatro Polytheama fica aberto somente na sexta-feira (29), pois \u00e9 o \u00fanico dia em que h\u00e1 espet\u00e1culo programado, \u201c 1 \u00e9 Bom, 2 \u00e9 \u00d3timo e 3 \u00e9 D+\u201d.<\/p>\n\n\n\n<p>A Pracinha da Cultura do Vista Alegre (CEU das Artes) permanece fechado durante o per\u00edodo e o Museu da Cia. Paulista tamb\u00e9m segue fechado.<\/p>\n\n\n\n<figure class=\"wp-block-image size-full\"><img loading=\"lazy\" decoding=\"async\" width=\"1280\" height=\"720\" src=\"https:\/\/jundiai.sp.gov.br\/noticias\/wp-content\/uploads\/sites\/32\/2021\/10\/aereas_anhangabau_c_-12-1.jpg\" alt=\"\" class=\"wp-image-279428\" srcset=\"https:\/\/jundiai.sp.gov.br\/noticias\/wp-content\/uploads\/sites\/32\/2021\/10\/aereas_anhangabau_c_-12-1.jpg 1280w, https:\/\/jundiai.sp.gov.br\/noticias\/wp-content\/uploads\/sites\/32\/2021\/10\/aereas_anhangabau_c_-12-1-300x169.jpg 300w, https:\/\/jundiai.sp.gov.br\/noticias\/wp-content\/uploads\/sites\/32\/2021\/10\/aereas_anhangabau_c_-12-1-768x432.jpg 768w\" sizes=\"auto, (max-width: 1280px) 100vw, 1280px\" \/><figcaption>Confira o hor\u00e1rio de funcionamento do Bol\u00e3o durante o per\u00edodo<\/figcaption><\/figure>\n\n\n\n<p><strong>DAE<\/strong><br>A sede administrativa e os Postos de Atendimento nos bairros Eloy Chaves, Centro, Vila Hortol\u00e2ndia e Ponte S\u00e3o Jo\u00e3o n\u00e3o ter\u00e3o expediente na sexta (29), segunda (01) e ter\u00e7a (02), retornando na quarta-feira (3). J\u00e1 a unidade da empresa no Poupatempo estar\u00e1 aberta nesta sexta-feira (29), das 9h \u00e0s 17h e no s\u00e1bado (30), das 9h \u00e0s 13h, ficando tamb\u00e9m fechada na segunda (01) e ter\u00e7a (02). &nbsp;<\/p>\n\n\n\n<p>Em caso de emerg\u00eancia, os mun\u00edcipes podem entrar em contato com a DAE pela Central de Relacionamento, no telefone 08000 133 155, com atendimento 24 horas. Mais informa\u00e7\u00f5es tamb\u00e9m podem ser obtidas no <a href=\"https:\/\/daejundiai.com.br\/\" target=\"_blank\" rel=\"noreferrer noopener\">site<\/a>.<\/p>\n\n\n\n<p><strong>PAT<\/strong><br>O Posto de Atendimento ao Trabalhador (PAT), que fica na Rua Zacarias de Goes, 530, Centro, permanece fechado na sexta (29), segunda (01) e ter\u00e7a (02), e reabre na quarta-feira (03), \u00e0s 8h.<\/p>\n\n\n\n<p><strong>Banco do Povo<\/strong><br>O posto do Banco do Povo no Poupatempo (Complexo Fepasa) tamb\u00e9m permanece fechado nesta sexta-feira (29), segunda (01) e ter\u00e7a (02), e reabre na quarta-feira (03), \u00e0s 8h.<\/p>\n\n\n\n<p><strong>Procon<\/strong><br>O Procon Jundia\u00ed tamb\u00e9m permanece fechado entre esta sexta (29) e ter\u00e7a (02), retomando o atendimento na quarta-feira (03), de maneira remota, pelo site <a rel=\"noreferrer noopener\" href=\"https:\/\/www.consumidor.gov.br\/pages\/principal\/?1622477206560\" target=\"_blank\">consumidor.gov.br<\/a> ou por meio de <a rel=\"noreferrer noopener\" href=\"https:\/\/docs.google.com\/forms\/d\/e\/1FAIpQLSctabLAf6QmlIgD7VsqxG6kuPN93kamOIW-N_0XRZLwo7wN2w\/viewform?vc=0&amp;c=0&amp;w=1&amp;flr=0\" target=\"_blank\">formul\u00e1rio on-line<\/a>, ou de modo presencial mediante <a rel=\"noreferrer noopener\" href=\"https:\/\/procon.jundiai.sp.gov.br\/formas-de-atendimento\/atendimento-presencial\/\" target=\"_blank\">agendamento pr\u00e9vio<\/a>. Mais informa\u00e7\u00f5es sobre as formas de agendamento podem ser obtidas no site do Procon Jundia\u00ed, na <a href=\"http:\/\/Procon O Procon Jundia\u00ed tamb\u00e9m permanece fechado entre esta sexta (29) e ter\u00e7a (02), retomando o atendimento na quarta-feira (03), de maneira remota, pelo site consumidor.gov.br ou por meio de formul\u00e1rio on-line, ou de modo presencial mediante agendamento pr\u00e9vio. Mais informa\u00e7\u00f5es sobre as formas de agendamento podem ser obtidas no site do Procon Jundia\u00ed, na aba Formas de Atendimento (https:\/\/procon.jundiai.sp.gov.br\/formas-de-atendimento\/).\" target=\"_blank\" rel=\"noreferrer noopener\">aba Formas de Atendimento<\/a>.<\/p>\n\n\n\n<figure class=\"wp-block-image size-full\"><img loading=\"lazy\" decoding=\"async\" width=\"1280\" height=\"853\" src=\"https:\/\/jundiai.sp.gov.br\/noticias\/wp-content\/uploads\/sites\/32\/2021\/10\/exposicao-chico-bento-pinacoteca-1.jpg\" alt=\"\" class=\"wp-image-279429\" srcset=\"https:\/\/jundiai.sp.gov.br\/noticias\/wp-content\/uploads\/sites\/32\/2021\/10\/exposicao-chico-bento-pinacoteca-1.jpg 1280w, https:\/\/jundiai.sp.gov.br\/noticias\/wp-content\/uploads\/sites\/32\/2021\/10\/exposicao-chico-bento-pinacoteca-1-300x200.jpg 300w, https:\/\/jundiai.sp.gov.br\/noticias\/wp-content\/uploads\/sites\/32\/2021\/10\/exposicao-chico-bento-pinacoteca-1-768x512.jpg 768w, https:\/\/jundiai.sp.gov.br\/noticias\/wp-content\/uploads\/sites\/32\/2021\/10\/exposicao-chico-bento-pinacoteca-1-450x300.jpg 450w\" sizes=\"auto, (max-width: 1280px) 100vw, 1280px\" \/><figcaption>A Pinacoteca funciona das 10h \u00e0s 17h na sexta (29), s\u00e1bado (30), domingo (31) e ter\u00e7a (02)<\/figcaption><\/figure>\n\n\n\n<p><strong>Fundo Social<\/strong><br>O Fundo Social de Solidariedade Jundia\u00ed (avenida Manoela Lacerda de Vergueiro, s\/n\u00ba, Anhangaba\u00fa) permanecer\u00e1 fechado nesta sexta (29), segunda (01) e ter\u00e7a-feira (02). As atividades ser\u00e3o retomadas na quarta-feira (03), \u00e0s 8h.<\/p>\n\n\n\n<p><strong>Assist\u00eancia e Desenvolvimento Social<\/strong><br>O Centro Pop, que fica na rua Marechal Deodoro da Fonseca, 504, Centro, para o atendimento \u00e0 popula\u00e7\u00e3o em situa\u00e7\u00e3o de rua, funcionar\u00e1 durante o per\u00edodo somente nesta sexta (29) e na segunda (01), das 8h \u00e0s 12h. O equipamento n\u00e3o funciona aos finais de semana e permanecer\u00e1 fechado tamb\u00e9m na ter\u00e7a (02), reabrindo na quarta-feira (03), \u00e0s 8h.<\/p>\n\n\n\n<p>Durante o per\u00edodo, o Servi\u00e7o Especial de Abordagem Social (SEAS) poder\u00e1 ser acionado pelo telefone (11) 98531-0146, diariamente, at\u00e9 as 22h. A partir desse hor\u00e1rio, a indica\u00e7\u00e3o \u00e9 pelo acionamento da Guarda Municipal de Jundia\u00ed (GMJ), pelo telefone 153. J\u00e1 em casos de identificada intoxica\u00e7\u00e3o ou ocorr\u00eancias mais graves, o SAMU poder\u00e1 ser acionado pelo telefone 192.<\/p>\n\n\n\n<p><strong>Coleta de lixo<br><\/strong>Os cronogramas de coletas org\u00e2nica, seletiva cata-treco e seletiva recicl\u00e1vel seguem com normalidade e podem ser consultados no <a href=\"https:\/\/jundiai.sp.gov.br\/infraestrutura-e-servicos-publicos\/limpeza-publica\/coleta-organica-seletiva-e-cata-treco\/\">site da Prefeitura<\/a>.<\/p>\n\n\n\n<figure class=\"wp-block-image size-full\"><img loading=\"lazy\" decoding=\"async\" width=\"1280\" height=\"854\" src=\"https:\/\/jundiai.sp.gov.br\/noticias\/wp-content\/uploads\/sites\/32\/2021\/10\/mundo_das_criancas_visita_emeb_aparecido_garcia-139.jpg\" alt=\"\" class=\"wp-image-279430\" srcset=\"https:\/\/jundiai.sp.gov.br\/noticias\/wp-content\/uploads\/sites\/32\/2021\/10\/mundo_das_criancas_visita_emeb_aparecido_garcia-139.jpg 1280w, https:\/\/jundiai.sp.gov.br\/noticias\/wp-content\/uploads\/sites\/32\/2021\/10\/mundo_das_criancas_visita_emeb_aparecido_garcia-139-300x200.jpg 300w, https:\/\/jundiai.sp.gov.br\/noticias\/wp-content\/uploads\/sites\/32\/2021\/10\/mundo_das_criancas_visita_emeb_aparecido_garcia-139-768x512.jpg 768w, https:\/\/jundiai.sp.gov.br\/noticias\/wp-content\/uploads\/sites\/32\/2021\/10\/mundo_das_criancas_visita_emeb_aparecido_garcia-139-450x300.jpg 450w\" sizes=\"auto, (max-width: 1280px) 100vw, 1280px\" \/><figcaption>Mundo das Crian\u00e7as pode ser visitado durante o per\u00edodo, com agendamento<\/figcaption><\/figure>\n\n\n\n<p><strong>Assessoria de Imprensa<br>Fotos: Arquivo PMJ<\/strong><\/p>\n","protected":false},"excerpt":{"rendered":"<p>Por conta dos pontos facultativos do Dia do Funcion\u00e1rio P\u00fablico Municipal, este ano alterado para esta sexta (29), e do Dia de Todos os Santos, na segunda (01), bem como do feriado nacional do Dia de Finados, na ter\u00e7a-feira (02), os equipamentos p\u00fablicos do Munic\u00edpio podem ter seus hor\u00e1rios de funcionamento alterados neste per\u00edodo, conforme [&hellip;]<\/p>\n","protected":false},"author":14,"featured_media":279411,"comment_status":"closed","ping_status":"closed","sticky":false,"template":"","format":"standard","meta":{"footnotes":""},"categories":[2],"tags":[46,29,49,138],"ods":[],"class_list":["post-279407","post","type-post","status-publish","format-standard","has-post-thumbnail","hentry","category-noticias","tag-abre-e-fecha","tag-cultura","tag-fundacao-municipal-de-acao-social-fumas","tag-paco-municipal"],"_links":{"self":[{"href":"https:\/\/jundiai.sp.gov.br\/noticias\/wp-json\/wp\/v2\/posts\/279407","targetHints":{"allow":["GET"]}}],"collection":[{"href":"https:\/\/jundiai.sp.gov.br\/noticias\/wp-json\/wp\/v2\/posts"}],"about":[{"href":"https:\/\/jundiai.sp.gov.br\/noticias\/wp-json\/wp\/v2\/types\/post"}],"author":[{"embeddable":true,"href":"https:\/\/jundiai.sp.gov.br\/noticias\/wp-json\/wp\/v2\/users\/14"}],"replies":[{"embeddable":true,"href":"https:\/\/jundiai.sp.gov.br\/noticias\/wp-json\/wp\/v2\/comments?post=279407"}],"version-history":[{"count":6,"href":"https:\/\/jundiai.sp.gov.br\/noticias\/wp-json\/wp\/v2\/posts\/279407\/revisions"}],"predecessor-version":[{"id":279540,"href":"https:\/\/jundiai.sp.gov.br\/noticias\/wp-json\/wp\/v2\/posts\/279407\/revisions\/279540"}],"wp:featuredmedia":[{"embeddable":true,"href":"https:\/\/jundiai.sp.gov.br\/noticias\/wp-json\/wp\/v2\/media\/279411"}],"wp:attachment":[{"href":"https:\/\/jundiai.sp.gov.br\/noticias\/wp-json\/wp\/v2\/media?parent=279407"}],"wp:term":[{"taxonomy":"category","embeddable":true,"href":"https:\/\/jundiai.sp.gov.br\/noticias\/wp-json\/wp\/v2\/categories?post=279407"},{"taxonomy":"post_tag","embeddable":true,"href":"https:\/\/jundiai.sp.gov.br\/noticias\/wp-json\/wp\/v2\/tags?post=279407"},{"taxonomy":"ods","embeddable":true,"href":"https:\/\/jundiai.sp.gov.br\/noticias\/wp-json\/wp\/v2\/ods?post=279407"}],"curies":[{"name":"wp","href":"https:\/\/api.w.org\/{rel}","templated":true}]}}