{"id":279554,"date":"2021-10-28T18:11:50","date_gmt":"2021-10-28T21:11:50","guid":{"rendered":"https:\/\/jundiai.sp.gov.br\/noticias\/?p=279554"},"modified":"2021-10-28T18:11:50","modified_gmt":"2021-10-28T21:11:50","slug":"time-de-futebol-7-de-jundiai-disputa-o-campeonato-brasileiro-em-maceio","status":"publish","type":"post","link":"https:\/\/jundiai.sp.gov.br\/noticias\/2021\/10\/28\/time-de-futebol-7-de-jundiai-disputa-o-campeonato-brasileiro-em-maceio\/","title":{"rendered":"Time de Futebol 7 de Jundia\u00ed disputa o Campeonato Brasileiro em Macei\u00f3"},"content":{"rendered":"\n<p>Diretoria e jogadores do time Fam\u00edlia Tamuatoa, de Futebol 7, estiveram, nesta quinta-feira (28), no Pa\u00e7o Municipal, onde foram recebidos pelo vice-prefeito Gustavo Martinelli e pelo gestor da Unidade de Esportes, Luis Claudio Tarallo. A equipe embarca, neste s\u00e1bado (30), para Macei\u00f3 (AL), onde disputam o Campeonato Brasileiro de Futebol 7.<\/p>\n\n\n\n<p>\u201cEstamos felizes por ter uma equipe jundiaiense no campeonato. A Fam\u00edlia Tamuatoa est\u00e1 elevando o nome da nossa cidade no cen\u00e1rio esportivo nacional\u201d, afirmou Martinelli.<\/p>\n\n\n\n<p>O gestor de Esportes aproveitou para desejar boa sorte ao grupo. \u201cFicamos na torcida a esse grupo comprometido que leva o nome de Jundia\u00ed para todo o pa\u00eds\u201d, pontuou Tarallo.<\/p>\n\n\n\n<figure class=\"wp-block-image size-full\"><img loading=\"lazy\" decoding=\"async\" width=\"1280\" height=\"853\" src=\"https:\/\/jundiai.sp.gov.br\/noticias\/wp-content\/uploads\/sites\/32\/2021\/10\/time_fut_7-4.jpg\" alt=\"Na foto, oito homens e uma mulher est\u00e3o em frente \u00e0 janela e atr\u00e1s de uma mesa de madeira. Eles seguram uma placa sobre o Campeonato Brasileiro Futebol 7, equipe Tamuatoa.\" class=\"wp-image-279555\" srcset=\"https:\/\/jundiai.sp.gov.br\/noticias\/wp-content\/uploads\/sites\/32\/2021\/10\/time_fut_7-4.jpg 1280w, https:\/\/jundiai.sp.gov.br\/noticias\/wp-content\/uploads\/sites\/32\/2021\/10\/time_fut_7-4-300x200.jpg 300w, https:\/\/jundiai.sp.gov.br\/noticias\/wp-content\/uploads\/sites\/32\/2021\/10\/time_fut_7-4-768x512.jpg 768w, https:\/\/jundiai.sp.gov.br\/noticias\/wp-content\/uploads\/sites\/32\/2021\/10\/time_fut_7-4-450x300.jpg 450w\" sizes=\"auto, (max-width: 1280px) 100vw, 1280px\" \/><figcaption>Tamuatoa vai representar Jundia\u00ed no Campeonato Brasileiro de Futebol 7<\/figcaption><\/figure>\n\n\n\n<p>T\u00e9cnico do time e tamb\u00e9m servidor da Fumas (Funda\u00e7\u00e3o Municipal de A\u00e7\u00e3o Social), Samuel Rodrigues, contou que o time iniciou h\u00e1 dois anos. \u201cCome\u00e7amos com um grupo de amigos, depois disputamos o campeonato paulista e agora vamos para representar S\u00e3o Paulo\u201d, contou.<\/p>\n\n\n\n<p>O Futebol 7 \u00e9 jogado em grama sint\u00e9tica, jogada entre dois times de sete jogadores, sendo seis na linha e\u00a0 um no gol. O Campeonato Brasileiro de Futebol 7, ser\u00e1 em Macei\u00f3, na Arena Ouro Preto, entre 30 de outubro e 2 de novembro.<\/p>\n\n\n\n<p><strong>Assessoria de Imprensa<br>Fotos: Fot\u00f3grafos PMJ<\/strong><\/p>\n","protected":false},"excerpt":{"rendered":"<p>Diretoria e jogadores do time Fam\u00edlia Tamuatoa, de Futebol 7, estiveram, nesta quinta-feira (28), no Pa\u00e7o Municipal, onde foram recebidos pelo vice-prefeito Gustavo Martinelli e pelo gestor da Unidade de Esportes, Luis Claudio Tarallo. A equipe embarca, neste s\u00e1bado (30), para Macei\u00f3 (AL), onde disputam o Campeonato Brasileiro de Futebol 7. \u201cEstamos felizes por ter [&hellip;]<\/p>\n","protected":false},"author":70,"featured_media":279555,"comment_status":"closed","ping_status":"closed","sticky":false,"template":"","format":"standard","meta":{"footnotes":""},"categories":[2],"tags":[35,1290],"ods":[],"class_list":["post-279554","post","type-post","status-publish","format-standard","has-post-thumbnail","hentry","category-noticias","tag-esporte-e-lazer","tag-unidade-de-gestao-de-esporte-e-lazer-ugel"],"_links":{"self":[{"href":"https:\/\/jundiai.sp.gov.br\/noticias\/wp-json\/wp\/v2\/posts\/279554","targetHints":{"allow":["GET"]}}],"collection":[{"href":"https:\/\/jundiai.sp.gov.br\/noticias\/wp-json\/wp\/v2\/posts"}],"about":[{"href":"https:\/\/jundiai.sp.gov.br\/noticias\/wp-json\/wp\/v2\/types\/post"}],"author":[{"embeddable":true,"href":"https:\/\/jundiai.sp.gov.br\/noticias\/wp-json\/wp\/v2\/users\/70"}],"replies":[{"embeddable":true,"href":"https:\/\/jundiai.sp.gov.br\/noticias\/wp-json\/wp\/v2\/comments?post=279554"}],"version-history":[{"count":1,"href":"https:\/\/jundiai.sp.gov.br\/noticias\/wp-json\/wp\/v2\/posts\/279554\/revisions"}],"predecessor-version":[{"id":279556,"href":"https:\/\/jundiai.sp.gov.br\/noticias\/wp-json\/wp\/v2\/posts\/279554\/revisions\/279556"}],"wp:featuredmedia":[{"embeddable":true,"href":"https:\/\/jundiai.sp.gov.br\/noticias\/wp-json\/wp\/v2\/media\/279555"}],"wp:attachment":[{"href":"https:\/\/jundiai.sp.gov.br\/noticias\/wp-json\/wp\/v2\/media?parent=279554"}],"wp:term":[{"taxonomy":"category","embeddable":true,"href":"https:\/\/jundiai.sp.gov.br\/noticias\/wp-json\/wp\/v2\/categories?post=279554"},{"taxonomy":"post_tag","embeddable":true,"href":"https:\/\/jundiai.sp.gov.br\/noticias\/wp-json\/wp\/v2\/tags?post=279554"},{"taxonomy":"ods","embeddable":true,"href":"https:\/\/jundiai.sp.gov.br\/noticias\/wp-json\/wp\/v2\/ods?post=279554"}],"curies":[{"name":"wp","href":"https:\/\/api.w.org\/{rel}","templated":true}]}}