{"id":280141,"date":"2021-11-09T18:35:32","date_gmt":"2021-11-09T21:35:32","guid":{"rendered":"https:\/\/jundiai.sp.gov.br\/noticias\/?p=280141"},"modified":"2021-11-09T18:35:32","modified_gmt":"2021-11-09T21:35:32","slug":"orcamento-2022-investimentos-em-saude-e-educacao-chegam-a-quase-50-de-r-3-bilhoes-previstos","status":"publish","type":"post","link":"https:\/\/jundiai.sp.gov.br\/noticias\/2021\/11\/09\/orcamento-2022-investimentos-em-saude-e-educacao-chegam-a-quase-50-de-r-3-bilhoes-previstos\/","title":{"rendered":"Or\u00e7amento 2022: investimentos em Sa\u00fade e Educa\u00e7\u00e3o chegam a quase 50% de R$ 3 bilh\u00f5es previstos"},"content":{"rendered":"\n<p>A proposta de projeto de lei que estabelece a Lei Or\u00e7ament\u00e1ria Anual (LOA) 2022 foi apresentada e discutida em audi\u00eancia p\u00fablica virtual na C\u00e2mara Municipal de Jundia\u00ed. Do total de investimentos por \u00e1rea, Jundia\u00ed destinar\u00e1 dos impostos arrecadados mais de 50% para Educa\u00e7\u00e3o (28,93%) e Sa\u00fade (26,24%). Ao todo, a proje\u00e7\u00e3o de arrecada\u00e7\u00e3o para 2022 \u00e9 de R$ 3,01 bilh\u00f5es, 12% a mais do que o or\u00e7amento que est\u00e1 em execu\u00e7\u00e3o neste ano. Jundia\u00ed investe nessas duas \u00e1reas mais que o m\u00ednimo estabelecido na Constitui\u00e7\u00e3o (25% em Educa\u00e7\u00e3o e 15% em Sa\u00fade). O Or\u00e7amento da cidade ser\u00e1 distribu\u00eddo em 21 programas municipais.<\/p>\n\n\n\n<p>A audi\u00eancia p\u00fablica, realizada na segunda-feira (8), foi aberta pelo presidente da C\u00e2mara de Jundia\u00ed, Faouaz Taha, e a apresenta\u00e7\u00e3o do projeto foi feita pelo gestor de Governo e Finan\u00e7as, Jos\u00e9 Antonio Parimoschi, e pelo diretor do Departamento de Or\u00e7amento, Luiz Fernando Boscolo, que detalhou receitas, despesas e repasses ao munic\u00edpio. O evento foi transmitido ao vivo pela TV C\u00e2mara e pelas redes sociais da C\u00e2mara Municipal.<\/p>\n\n\n\n<figure class=\"wp-block-image size-full\"><img loading=\"lazy\" decoding=\"async\" width=\"1280\" height=\"853\" src=\"https:\/\/jundiai.sp.gov.br\/noticias\/wp-content\/uploads\/sites\/32\/2021\/11\/audiencia_publica_loa-204.jpg\" alt=\"\" class=\"wp-image-280076\" srcset=\"https:\/\/jundiai.sp.gov.br\/noticias\/wp-content\/uploads\/sites\/32\/2021\/11\/audiencia_publica_loa-204.jpg 1280w, https:\/\/jundiai.sp.gov.br\/noticias\/wp-content\/uploads\/sites\/32\/2021\/11\/audiencia_publica_loa-204-300x200.jpg 300w, https:\/\/jundiai.sp.gov.br\/noticias\/wp-content\/uploads\/sites\/32\/2021\/11\/audiencia_publica_loa-204-768x512.jpg 768w, https:\/\/jundiai.sp.gov.br\/noticias\/wp-content\/uploads\/sites\/32\/2021\/11\/audiencia_publica_loa-204-450x300.jpg 450w\" sizes=\"auto, (max-width: 1280px) 100vw, 1280px\" \/><figcaption>Vast\u00ed, Parimoschi, Boscolo e Texera durante a apresenta\u00e7\u00e3o de informa\u00e7\u00f5es da LOA 2022 <\/figcaption><\/figure>\n\n\n\n<p>\u201cA conjuntura econ\u00f4mica do pa\u00eds se deteriorou bastante nos \u00faltimos meses e tem muitas incertezas no cen\u00e1rio vindouro. S\u00e3o muitas vari\u00e1veis que precisam ser avaliadas na elabora\u00e7\u00e3o da proposta or\u00e7ament\u00e1ria do munic\u00edpio\u201d, declarou Parimoschi. \u201cA infla\u00e7\u00e3o aumentou, a taxa de juros subiu, os insumos ficaram mais caros e mais pessoas est\u00e3o procurando o servi\u00e7o p\u00fablico &#8211; tudo isso e mais impactam no planejamento e nos obrigam a manter o p\u00e9 no ch\u00e3o para prestarmos bons servi\u00e7os e ao mesmo tempo mantermos o equil\u00edbrio or\u00e7ament\u00e1rio. Ainda que pesem esses fatores externos, Jundia\u00ed tem uma economia forte e seguir\u00e1 crescendo atrav\u00e9s de a\u00e7\u00f5es de fomento \u00e0 economia local, para tornar a cidade cada vez mais atrativa para instala\u00e7\u00e3o de empresas e gera\u00e7\u00e3o de empregos sem deixar de lado a sustentabilidade e os avan\u00e7os tecnol\u00f3gicos.\u201d<\/p>\n\n\n\n<p>Parimoschi lembrou tamb\u00e9m de outros desafios para o ano que vem, como o aumento de recursos a serem destinados a \u00e1reas impactadas pela pandemia do novo coronav\u00edrus, como Sa\u00fade e Assist\u00eancia Social. \u201cEstamos ampliando o volume de servi\u00e7os p\u00fablicos prestados nessas \u00e1reas. Na sa\u00fade, temos que prever o aumento do n\u00famero de atendimentos no SUS, assim como precisamos ampliar as a\u00e7\u00f5es da rede de prote\u00e7\u00e3o social para as fam\u00edlias que est\u00e3o em situa\u00e7\u00e3o de alta vulnerabilidade social. Assim como tamb\u00e9m teremos um pacote de investimentos em tecnologias para a \u00e1rea de educa\u00e7\u00e3o, para que os nossos alunos continuem a utilizar essas ferramentas no processo de aprendizagem.\u201d<\/p>\n\n\n\n<p>\u201cEssa audi\u00eancia fecha uma sequ\u00eancia, pois j\u00e1 apresentamos e discutimos a LDO (Lei de Diretrizes Or\u00e7ament\u00e1rias) e o Plano Plurianual (PPA) 2022-2025 e agora apresentamos aos vereadores a LOA 2022\u201d, explica Boscolo. \u201cO projeto da LDO j\u00e1 est\u00e1 aprovado pela C\u00e2mara Municipal e os projetos do PPA e da LOA dever\u00e3o ser apreciados e votados at\u00e9 o fim do ano, antes do recesso parlamentar.\u201d Boscolo tamb\u00e9m detalhou despesas por programa, como o Pacto pela Sa\u00fade (R$ 701 milh\u00f5es), o Governan\u00e7a Eficiente e Respons\u00e1vel (R$ 347 milh\u00f5es) e o Cidade Limpa e Bem Cuidada (R$ 262 milh\u00f5es).<\/p>\n\n\n\n<figure class=\"wp-block-image size-full\"><img loading=\"lazy\" decoding=\"async\" width=\"1280\" height=\"853\" src=\"https:\/\/jundiai.sp.gov.br\/noticias\/wp-content\/uploads\/sites\/32\/2021\/11\/audiencia_publica_loa-247.jpg\" alt=\"\" class=\"wp-image-280078\" srcset=\"https:\/\/jundiai.sp.gov.br\/noticias\/wp-content\/uploads\/sites\/32\/2021\/11\/audiencia_publica_loa-247.jpg 1280w, https:\/\/jundiai.sp.gov.br\/noticias\/wp-content\/uploads\/sites\/32\/2021\/11\/audiencia_publica_loa-247-300x200.jpg 300w, https:\/\/jundiai.sp.gov.br\/noticias\/wp-content\/uploads\/sites\/32\/2021\/11\/audiencia_publica_loa-247-768x512.jpg 768w, https:\/\/jundiai.sp.gov.br\/noticias\/wp-content\/uploads\/sites\/32\/2021\/11\/audiencia_publica_loa-247-450x300.jpg 450w\" sizes=\"auto, (max-width: 1280px) 100vw, 1280px\" \/><figcaption>&#8220;Estamos reformando mais escolas no conceito Escola Inovadora&#8221;, explicou Vast\u00ed aos webespectadores e vereadores<\/figcaption><\/figure>\n\n\n\n<p><strong>\u00c1reas priorit\u00e1rias<br><\/strong>A popula\u00e7\u00e3o que acompanhou a audi\u00eancia e os vereadores puderam tirar d\u00favidas sobre a LOA 2022 ap\u00f3s a apresenta\u00e7\u00e3o do projeto. Assuntos como taxa da coleta de lixo, a administra\u00e7\u00e3o da UPA (Unidade de Pronto Atendimento) do Vetor Oeste, a implanta\u00e7\u00e3o da telemedicina para todas as especialidades m\u00e9dicas nas Unidades B\u00e1sicas de Sa\u00fade, as obras da UBS Morada das Vinhas, cirurgias eletivas represadas, vagas em creche, reformas em escolas municipais (incluindo cobertura de quadras) e em centros e espa\u00e7os esportivos foram abordados.<\/p>\n\n\n\n<p>\u201cNos primeiros meses de 2022, iniciaremos a implanta\u00e7\u00e3o do Sistema Integrado de Gest\u00e3o em Sa\u00fade, que contempla prontu\u00e1rio eletr\u00f4nico e, assim, qualifica ainda mais o cuidado, uma vez que todos os equipamentos da sa\u00fade p\u00fablica municipal estar\u00e3o interligados\u201d, declarou o gestor de Sa\u00fade, Tiago Texera, presente \u00e0 audi\u00eancia p\u00fablica. \u201cO Pronto Atendimento e Nova UBS da Vila Hortol\u00e2ndia deve ser entregue no primeiro quadrimestre do ano que vem e trar\u00e1 mais qualidade para o atendimento da popula\u00e7\u00e3o; al\u00e9m dele, continuaremos com as obras da Cl\u00ednica da Fam\u00edlia e Pronto Atendimento da Ponte S\u00e3o Jo\u00e3o e do Ambulat\u00f3rio de Especialidades M\u00e9dicas da Vila Progresso.\u201d<\/p>\n\n\n\n<p>\u201cQuando assumimos a gest\u00e3o, em 2017, t\u00ednhamos aproximadamente quatro mil crian\u00e7as \u00e0 espera de uma vaga em creche. Hoje, s\u00e3o menos de 800 crian\u00e7as nessa lista. E com o retorno total das aulas, faremos novos investimentos e compraremos mais vagas em institui\u00e7\u00f5es particulares para atender as fam\u00edlias\u201d, explicou a gestora de Educa\u00e7\u00e3o, Vast\u00ed Ferrari Marques, em resposta \u00e0 d\u00favida dos vereadores. \u201cEstamos reformando mais escolas no conceito Escola Inovadora. Infelizmente, n\u00e3o \u00e9 poss\u00edvel reformar todas de uma vez s\u00f3, mas temos consci\u00eancia de quais s\u00e3o as escolas que mais necessitam e, aos poucos, todas ser\u00e3o contempladas.\u201d<\/p>\n\n\n\n<p><strong>Assessoria de Imprensa<br>Foto: fot\u00f3grafo PMJ<\/strong><\/p>\n","protected":false},"excerpt":{"rendered":"<p>A proposta de projeto de lei que estabelece a Lei Or\u00e7ament\u00e1ria Anual (LOA) 2022 foi apresentada e discutida em audi\u00eancia p\u00fablica virtual na C\u00e2mara Municipal de Jundia\u00ed. Do total de investimentos por \u00e1rea, Jundia\u00ed destinar\u00e1 dos impostos arrecadados mais de 50% para Educa\u00e7\u00e3o (28,93%) e Sa\u00fade (26,24%). Ao todo, a proje\u00e7\u00e3o de arrecada\u00e7\u00e3o para 2022 [&hellip;]<\/p>\n","protected":false},"author":71,"featured_media":280076,"comment_status":"closed","ping_status":"closed","sticky":false,"template":"","format":"standard","meta":{"footnotes":""},"categories":[2],"tags":[1716,1770,2451],"ods":[],"class_list":["post-280141","post","type-post","status-publish","format-standard","has-post-thumbnail","hentry","category-noticias","tag-audiencia-publica","tag-jose-antonio-parimoschi","tag-lei-orcamentaria-anual-loa"],"_links":{"self":[{"href":"https:\/\/jundiai.sp.gov.br\/noticias\/wp-json\/wp\/v2\/posts\/280141","targetHints":{"allow":["GET"]}}],"collection":[{"href":"https:\/\/jundiai.sp.gov.br\/noticias\/wp-json\/wp\/v2\/posts"}],"about":[{"href":"https:\/\/jundiai.sp.gov.br\/noticias\/wp-json\/wp\/v2\/types\/post"}],"author":[{"embeddable":true,"href":"https:\/\/jundiai.sp.gov.br\/noticias\/wp-json\/wp\/v2\/users\/71"}],"replies":[{"embeddable":true,"href":"https:\/\/jundiai.sp.gov.br\/noticias\/wp-json\/wp\/v2\/comments?post=280141"}],"version-history":[{"count":6,"href":"https:\/\/jundiai.sp.gov.br\/noticias\/wp-json\/wp\/v2\/posts\/280141\/revisions"}],"predecessor-version":[{"id":280172,"href":"https:\/\/jundiai.sp.gov.br\/noticias\/wp-json\/wp\/v2\/posts\/280141\/revisions\/280172"}],"wp:featuredmedia":[{"embeddable":true,"href":"https:\/\/jundiai.sp.gov.br\/noticias\/wp-json\/wp\/v2\/media\/280076"}],"wp:attachment":[{"href":"https:\/\/jundiai.sp.gov.br\/noticias\/wp-json\/wp\/v2\/media?parent=280141"}],"wp:term":[{"taxonomy":"category","embeddable":true,"href":"https:\/\/jundiai.sp.gov.br\/noticias\/wp-json\/wp\/v2\/categories?post=280141"},{"taxonomy":"post_tag","embeddable":true,"href":"https:\/\/jundiai.sp.gov.br\/noticias\/wp-json\/wp\/v2\/tags?post=280141"},{"taxonomy":"ods","embeddable":true,"href":"https:\/\/jundiai.sp.gov.br\/noticias\/wp-json\/wp\/v2\/ods?post=280141"}],"curies":[{"name":"wp","href":"https:\/\/api.w.org\/{rel}","templated":true}]}}