{"id":280427,"date":"2021-11-12T14:59:57","date_gmt":"2021-11-12T17:59:57","guid":{"rendered":"https:\/\/jundiai.sp.gov.br\/noticias\/?p=280427"},"modified":"2021-11-12T14:59:57","modified_gmt":"2021-11-12T17:59:57","slug":"comitiva-de-louveira-visita-o-mundo-das-criancas","status":"publish","type":"post","link":"https:\/\/jundiai.sp.gov.br\/noticias\/2021\/11\/12\/comitiva-de-louveira-visita-o-mundo-das-criancas\/","title":{"rendered":"Comitiva de Louveira visita o Mundo das Crian\u00e7as"},"content":{"rendered":"\n<p>Uma comitiva de cerca 20 representantes da Prefeitura de Louveira &#8211; acompanhada do prefeito Estanislau Steck e da primeira dama, Magali Bragile Steck, presidente do Fundo Social de Solidariedade do Munic\u00edpio -, esteve em visita na sexta-feira (12) no Mundo das Crian\u00e7as.<\/p>\n\n\n\n<p>Foram recebidos pela gestora adjunta da Unidade de Gest\u00e3o de Educa\u00e7\u00e3o, T\u00e2nia Gurgel, que falou sobre a import\u00e2ncia da troca de experi\u00eancias entre os munic\u00edpios vizinhos. \u201c\u00c9 muito bom quando recebemos essas visitas porque toda troca \u00e9 sempre muito bem-vinda\u201d, destacou T\u00e2nia.<\/p>\n\n\n\n<figure class=\"wp-block-image size-full\"><img loading=\"lazy\" decoding=\"async\" width=\"1280\" height=\"853\" src=\"https:\/\/jundiai.sp.gov.br\/noticias\/wp-content\/uploads\/sites\/32\/2021\/11\/visita_prefeito_louveira_mundo-56.jpg\" alt=\"\" class=\"wp-image-280428\" srcset=\"https:\/\/jundiai.sp.gov.br\/noticias\/wp-content\/uploads\/sites\/32\/2021\/11\/visita_prefeito_louveira_mundo-56.jpg 1280w, https:\/\/jundiai.sp.gov.br\/noticias\/wp-content\/uploads\/sites\/32\/2021\/11\/visita_prefeito_louveira_mundo-56-300x200.jpg 300w, https:\/\/jundiai.sp.gov.br\/noticias\/wp-content\/uploads\/sites\/32\/2021\/11\/visita_prefeito_louveira_mundo-56-768x512.jpg 768w, https:\/\/jundiai.sp.gov.br\/noticias\/wp-content\/uploads\/sites\/32\/2021\/11\/visita_prefeito_louveira_mundo-56-450x300.jpg 450w\" sizes=\"auto, (max-width: 1280px) 100vw, 1280px\" \/><figcaption>Comitiva visitou o Mundo das Crian\u00e7as, na manh\u00e3 desta sexta-feira (12)<\/figcaption><\/figure>\n\n\n\n<p>Para o prefeito, que visitava o local pela primeira vez, o grupo estava ansioso por este dia. \u201cAdiamos este passeio algumas vezes por causa de chuva, mas hoje estamos aqui com uma equipe grande. Em Louveira, temos v\u00e1rios espa\u00e7os a ocupar e, apesar de incentivarmos os cidad\u00e3os a conhecerem o Mundo das Crian\u00e7as, tamb\u00e9m gostar\u00edamos de promover a\u00e7\u00f5es pedag\u00f3gicas como j\u00e1 s\u00e3o feitas aqui nos parques que implantaremos l\u00e1\u201d, destacou Steck.<\/p>\n\n\n\n<p>Tamb\u00e9m participaram da visita titulares de v\u00e1rias \u00e1reas, como Educa\u00e7\u00e3o, Sa\u00fade, Desenvolvimento Social, Esportes, Obras e Assist\u00eancia Social, entre outros.<\/p>\n\n\n\n<p><strong>Assessoria DAE<\/strong><\/p>\n","protected":false},"excerpt":{"rendered":"<p>Uma comitiva de cerca 20 representantes da Prefeitura de Louveira &#8211; acompanhada do prefeito Estanislau Steck e da primeira dama, Magali Bragile Steck, presidente do Fundo Social de Solidariedade do Munic\u00edpio -, esteve em visita na sexta-feira (12) no Mundo das Crian\u00e7as. Foram recebidos pela gestora adjunta da Unidade de Gest\u00e3o de Educa\u00e7\u00e3o, T\u00e2nia Gurgel, [&hellip;]<\/p>\n","protected":false},"author":39,"featured_media":280428,"comment_status":"closed","ping_status":"closed","sticky":false,"template":"","format":"standard","meta":{"footnotes":""},"categories":[2],"tags":[1436],"ods":[],"class_list":["post-280427","post","type-post","status-publish","format-standard","has-post-thumbnail","hentry","category-noticias","tag-mundo-das-criancas"],"_links":{"self":[{"href":"https:\/\/jundiai.sp.gov.br\/noticias\/wp-json\/wp\/v2\/posts\/280427","targetHints":{"allow":["GET"]}}],"collection":[{"href":"https:\/\/jundiai.sp.gov.br\/noticias\/wp-json\/wp\/v2\/posts"}],"about":[{"href":"https:\/\/jundiai.sp.gov.br\/noticias\/wp-json\/wp\/v2\/types\/post"}],"author":[{"embeddable":true,"href":"https:\/\/jundiai.sp.gov.br\/noticias\/wp-json\/wp\/v2\/users\/39"}],"replies":[{"embeddable":true,"href":"https:\/\/jundiai.sp.gov.br\/noticias\/wp-json\/wp\/v2\/comments?post=280427"}],"version-history":[{"count":1,"href":"https:\/\/jundiai.sp.gov.br\/noticias\/wp-json\/wp\/v2\/posts\/280427\/revisions"}],"predecessor-version":[{"id":280429,"href":"https:\/\/jundiai.sp.gov.br\/noticias\/wp-json\/wp\/v2\/posts\/280427\/revisions\/280429"}],"wp:featuredmedia":[{"embeddable":true,"href":"https:\/\/jundiai.sp.gov.br\/noticias\/wp-json\/wp\/v2\/media\/280428"}],"wp:attachment":[{"href":"https:\/\/jundiai.sp.gov.br\/noticias\/wp-json\/wp\/v2\/media?parent=280427"}],"wp:term":[{"taxonomy":"category","embeddable":true,"href":"https:\/\/jundiai.sp.gov.br\/noticias\/wp-json\/wp\/v2\/categories?post=280427"},{"taxonomy":"post_tag","embeddable":true,"href":"https:\/\/jundiai.sp.gov.br\/noticias\/wp-json\/wp\/v2\/tags?post=280427"},{"taxonomy":"ods","embeddable":true,"href":"https:\/\/jundiai.sp.gov.br\/noticias\/wp-json\/wp\/v2\/ods?post=280427"}],"curies":[{"name":"wp","href":"https:\/\/api.w.org\/{rel}","templated":true}]}}