{"id":280443,"date":"2021-11-12T17:41:12","date_gmt":"2021-11-12T20:41:12","guid":{"rendered":"https:\/\/jundiai.sp.gov.br\/noticias\/?p=280443"},"modified":"2021-11-17T08:56:53","modified_gmt":"2021-11-17T11:56:53","slug":"conselho-da-crianca-e-do-adolescente-aprova-o-plano-municipal-da-primeira-infancia","status":"publish","type":"post","link":"https:\/\/jundiai.sp.gov.br\/noticias\/2021\/11\/12\/conselho-da-crianca-e-do-adolescente-aprova-o-plano-municipal-da-primeira-infancia\/","title":{"rendered":"Conselho da Crian\u00e7a e do Adolescente aprova o Plano Municipal da Primeira Inf\u00e2ncia"},"content":{"rendered":"\n<p>A Prefeitura, por meio do Grupo de Trabalho (GT) Crian\u00e7a na Cidade, apresentou o Plano Municipal da Primeira Inf\u00e2ncia (PMPI) aos integrantes do Conselho Municipal dos Direitos da Crian\u00e7a e do Adolescente (CMDCA) em sua reuni\u00e3o ordin\u00e1ria on-line na manh\u00e3 desta sexta-feira (12). Com a aprova\u00e7\u00e3o por unanimidade por parte dos conselheiros, o Plano agora segue para formata\u00e7\u00e3o e elabora\u00e7\u00e3o de texto final e envio para aprecia\u00e7\u00e3o do Legislativo e Executivo municipais.<\/p>\n\n\n\n<p>Durante o encontro, os representantes da Prefeitura que comp\u00f5em o GT apresentaram, por Unidade de Gest\u00e3o, as 106 a\u00e7\u00f5es previstas, com seus indicadores, valores de refer\u00eancia, metas e prazos de execu\u00e7\u00e3o em diversos per\u00edodos at\u00e9 2030, bem como a sua perspectiva de realiza\u00e7\u00e3o com base em previs\u00f5es or\u00e7ament\u00e1rias no Plano Plurianual do Munic\u00edpio (PPA) e da interface com os indicadores dos Objetivos de Desenvolvimento Sustent\u00e1vel (ODS) da Organiza\u00e7\u00e3o das Na\u00e7\u00f5es Unidas (ONU).<\/p>\n\n\n\n<p>Outros cuidados da Prefeitura foram o apontamento de a\u00e7\u00f5es que j\u00e1 s\u00e3o cumpridas em iniciativas do programa municipal Cidade das Crian\u00e7as, como forma de aprimorar e ampliar o seu alcance, bem como de pensar nas estrat\u00e9gias de Governan\u00e7a para que se garanta a execu\u00e7\u00e3o das propostas nos per\u00edodos indicados, como a cria\u00e7\u00e3o de sistemas de monitoramento, capacita\u00e7\u00e3o de envolvidos, fomento a ferramentas de inova\u00e7\u00e3o e inclus\u00e3o dos dados do PMPI no Observat\u00f3rio Jundia\u00ed.<\/p>\n\n\n\n<figure class=\"wp-block-image size-full\"><img loading=\"lazy\" decoding=\"async\" width=\"1280\" height=\"944\" src=\"https:\/\/jundiai.sp.gov.br\/noticias\/wp-content\/uploads\/sites\/32\/2021\/11\/apresentacao_plano_primeira_infancia_cmdca.jpg\" alt=\"Mosaico de telas de pessoas em videoconfer\u00eancia\" class=\"wp-image-280450\" srcset=\"https:\/\/jundiai.sp.gov.br\/noticias\/wp-content\/uploads\/sites\/32\/2021\/11\/apresentacao_plano_primeira_infancia_cmdca.jpg 1280w, https:\/\/jundiai.sp.gov.br\/noticias\/wp-content\/uploads\/sites\/32\/2021\/11\/apresentacao_plano_primeira_infancia_cmdca-300x221.jpg 300w, https:\/\/jundiai.sp.gov.br\/noticias\/wp-content\/uploads\/sites\/32\/2021\/11\/apresentacao_plano_primeira_infancia_cmdca-768x566.jpg 768w\" sizes=\"auto, (max-width: 1280px) 100vw, 1280px\" \/><figcaption> Integrantes do GT apresentaram, por Unidade de Gest\u00e3o, as 106 a\u00e7\u00f5es previstas pelo Plano <\/figcaption><\/figure>\n\n\n\n<p>Entre as a\u00e7\u00f5es propostas est\u00e3o a implanta\u00e7\u00e3o de prontu\u00e1rio integrado da Primeira Inf\u00e2ncia, aprimoramento de indicadores de alerta em Sa\u00fade, Educa\u00e7\u00e3o e Assist\u00eancia Social; prote\u00e7\u00e3o conta viol\u00eancias e viola\u00e7\u00f5es de direitos; implanta\u00e7\u00e3o de estrat\u00e9gias de combate a doen\u00e7as; incentivo e fomento \u00e0 leitura, ao acesso a espa\u00e7os e atividades culturais, ao contato com a natureza e com alimenta\u00e7\u00e3o e pr\u00e1ticas saud\u00e1veis; al\u00e9m do cuidado com o uso indevido e exagerado de tecnologias com telas, sempre pensando na perspectiva do cuidado com as crian\u00e7as de zero a seis anos e seus cuidadores, com as gestantes, as familiares e a sociedade como um todo.<\/p>\n\n\n\n<p>\u201cA elabora\u00e7\u00e3o do PMPI contou com os representantes das Unidades de Gest\u00e3o envolvidas e com de outros importantes parceiros, como a Funda\u00e7\u00e3o Bernard Van Leer, Centro de Cria\u00e7\u00e3o de Imagem Popular (Cecip) e o Instituto da Inf\u00e2ncia (Ifan)\u201d, explicou a gestora da Unidade de Assist\u00eancia e Desenvolvimento Social (UGADS), Maria Brant.<\/p>\n\n\n\n<p>Ap\u00f3s a aprova\u00e7\u00e3o por unanimidade, a presidente do CMDCA, Alda Carrara, elogiou o texto e proposta do Plano. \u201cParabenizo os envolvidos na elabora\u00e7\u00e3o deste plano, pela clareza e objetividade, al\u00e9m da riqueza de dados, que d\u00e3o suporte para a efetiva\u00e7\u00e3o de suas propostas. Fa\u00e7o tamb\u00e9m o convite a todas as organiza\u00e7\u00f5es participantes, que fa\u00e7am um exerc\u00edcio de como efetivar essas propostas em seu cotidiano\u201d.<\/p>\n\n\n\n<figure class=\"wp-block-image size-full\"><img loading=\"lazy\" decoding=\"async\" width=\"1280\" height=\"854\" src=\"https:\/\/jundiai.sp.gov.br\/noticias\/wp-content\/uploads\/sites\/32\/2021\/11\/crianca_feliz_mundo_das_criancas-10.jpg\" alt=\"Ambiente fechado de madeira, com adultos e crian\u00e7as de m\u00e1scaras, com uma mulher e uma menina frente a frente, separadas por uma mesa tamb\u00e9m de madeira, sobre a qual h\u00e1 uma caixa colorida. \" class=\"wp-image-280449\" srcset=\"https:\/\/jundiai.sp.gov.br\/noticias\/wp-content\/uploads\/sites\/32\/2021\/11\/crianca_feliz_mundo_das_criancas-10.jpg 1280w, https:\/\/jundiai.sp.gov.br\/noticias\/wp-content\/uploads\/sites\/32\/2021\/11\/crianca_feliz_mundo_das_criancas-10-300x200.jpg 300w, https:\/\/jundiai.sp.gov.br\/noticias\/wp-content\/uploads\/sites\/32\/2021\/11\/crianca_feliz_mundo_das_criancas-10-768x512.jpg 768w, https:\/\/jundiai.sp.gov.br\/noticias\/wp-content\/uploads\/sites\/32\/2021\/11\/crianca_feliz_mundo_das_criancas-10-450x300.jpg 450w\" sizes=\"auto, (max-width: 1280px) 100vw, 1280px\" \/><figcaption>Uma das etapas da constru\u00e7\u00e3o do Plano foi atividade de escuta especializada com participantes do Crian\u00e7a Feliz no Mundo das Crian\u00e7as<\/figcaption><\/figure>\n\n\n\n<p><strong>Assessoria de Imprensa<br>Fotos: Fot\u00f3grafos PMJ<\/strong><\/p>\n","protected":false},"excerpt":{"rendered":"<p>A Prefeitura, por meio do Grupo de Trabalho (GT) Crian\u00e7a na Cidade, apresentou o Plano Municipal da Primeira Inf\u00e2ncia (PMPI) aos integrantes do Conselho Municipal dos Direitos da Crian\u00e7a e do Adolescente (CMDCA) em sua reuni\u00e3o ordin\u00e1ria on-line na manh\u00e3 desta sexta-feira (12). Com a aprova\u00e7\u00e3o por unanimidade por parte dos conselheiros, o Plano agora [&hellip;]<\/p>\n","protected":false},"author":39,"featured_media":280451,"comment_status":"closed","ping_status":"closed","sticky":false,"template":"","format":"standard","meta":{"footnotes":""},"categories":[2],"tags":[974,980,1154,448,1287,29,6,35,983,982,984,2279,981],"ods":[],"class_list":["post-280443","post","type-post","status-publish","format-standard","has-post-thumbnail","hentry","category-noticias","tag-agronegocio-abastecimento-e-turismo","tag-assistencia-e-desenvolvimento-social","tag-cidade-das-criancas","tag-conselho-dos-direitos-da-crianca-e-do-adolescente-cmdca","tag-crianca-feliz","tag-cultura","tag-educacao","tag-esporte-e-lazer","tag-governo-e-financas","tag-mobilidade-e-transporte","tag-planejamento-urbano-e-meio-ambiente","tag-plano-municipal-da-primeira-infancia","tag-promocao-da-saude"],"_links":{"self":[{"href":"https:\/\/jundiai.sp.gov.br\/noticias\/wp-json\/wp\/v2\/posts\/280443","targetHints":{"allow":["GET"]}}],"collection":[{"href":"https:\/\/jundiai.sp.gov.br\/noticias\/wp-json\/wp\/v2\/posts"}],"about":[{"href":"https:\/\/jundiai.sp.gov.br\/noticias\/wp-json\/wp\/v2\/types\/post"}],"author":[{"embeddable":true,"href":"https:\/\/jundiai.sp.gov.br\/noticias\/wp-json\/wp\/v2\/users\/39"}],"replies":[{"embeddable":true,"href":"https:\/\/jundiai.sp.gov.br\/noticias\/wp-json\/wp\/v2\/comments?post=280443"}],"version-history":[{"count":6,"href":"https:\/\/jundiai.sp.gov.br\/noticias\/wp-json\/wp\/v2\/posts\/280443\/revisions"}],"predecessor-version":[{"id":280569,"href":"https:\/\/jundiai.sp.gov.br\/noticias\/wp-json\/wp\/v2\/posts\/280443\/revisions\/280569"}],"wp:featuredmedia":[{"embeddable":true,"href":"https:\/\/jundiai.sp.gov.br\/noticias\/wp-json\/wp\/v2\/media\/280451"}],"wp:attachment":[{"href":"https:\/\/jundiai.sp.gov.br\/noticias\/wp-json\/wp\/v2\/media?parent=280443"}],"wp:term":[{"taxonomy":"category","embeddable":true,"href":"https:\/\/jundiai.sp.gov.br\/noticias\/wp-json\/wp\/v2\/categories?post=280443"},{"taxonomy":"post_tag","embeddable":true,"href":"https:\/\/jundiai.sp.gov.br\/noticias\/wp-json\/wp\/v2\/tags?post=280443"},{"taxonomy":"ods","embeddable":true,"href":"https:\/\/jundiai.sp.gov.br\/noticias\/wp-json\/wp\/v2\/ods?post=280443"}],"curies":[{"name":"wp","href":"https:\/\/api.w.org\/{rel}","templated":true}]}}