{"id":281089,"date":"2021-11-24T19:06:02","date_gmt":"2021-11-24T22:06:02","guid":{"rendered":"https:\/\/jundiai.sp.gov.br\/noticias\/?p=281089"},"modified":"2021-11-24T19:25:00","modified_gmt":"2021-11-24T22:25:00","slug":"guarda-municipal-de-jundiai-completa-72-anos-com-quase-12-mil-ocorrencias-atendidas-em-2021","status":"publish","type":"post","link":"https:\/\/jundiai.sp.gov.br\/noticias\/2021\/11\/24\/guarda-municipal-de-jundiai-completa-72-anos-com-quase-12-mil-ocorrencias-atendidas-em-2021\/","title":{"rendered":"Guarda Municipal de Jundia\u00ed completa 72 anos com quase 12 mil ocorr\u00eancias atendidas em 2021"},"content":{"rendered":"\n<p>A Guarda Municipal de Jundia\u00ed (GMJ) completa nesta quarta-feira (24), 72 anos. Criada em 24 de novembro de 1949, A GMJ teve como patrono o vereador L\u00e1zaro de Almeida durante a gest\u00e3o do prefeito Vasco Ant\u00f4nio Venchiarutti no final dos anos 40 e in\u00edcio de 50.<\/p>\n\n\n\n<p>O prefeito Luiz Fernando Machado enfatiza que Jundia\u00ed tem uma das Guardas Municipais mais bem preparadas e treinadas do estado. \u201cTemos orgulho da GMJ. Vimos a corpora\u00e7\u00e3o evoluir ao longo desses 72 anos. Temos como compromisso investir em forma\u00e7\u00e3o, fardamentos, viaturas e, especialmente, em intelig\u00eancia e isso est\u00e1 sendo executado perfeitamente. Jundia\u00ed \u00e9 a 6\u00aa cidade mais segura &#8211; de acordo com dados do Atlas da Viol\u00eancia, 2019 &#8211; entre as de m\u00e9dio porte do pa\u00eds, gra\u00e7as a nossa Guarda Municipal que est\u00e1 24 horas cuidando da popula\u00e7\u00e3o jundiaiense\u201d, declarou.<\/p>\n\n\n\n<p>Tendo que se adaptar a um novo cen\u00e1rio, a Guarda Municipal prestou nestes quase dois anos de pandemia apoio \u00e0s diversas unidades municipais e principalmente n\u00e3o deixou de atender o maior patrim\u00f4nio que s\u00e3o os mun\u00edcipes. Foram quase 28 mil rondas realizadas neste ano.<\/p>\n\n\n\n<p>De janeiro at\u00e9 outubro, a Guarda Municipal de Jundia\u00ed atendeu quase 12 mil ocorr\u00eancias criminais e n\u00e3o criminais sendo que somente o atendimento de aglomera\u00e7\u00e3o de pessoas em meio \u00e0 pandemia foi de 1082 registros.<\/p>\n\n\n\n<p>Em atendimento a Unidade de Promo\u00e7\u00e3o de Sa\u00fade, a GM registrou 418 escoltas de vacinas da COVID- 19 \u00e0s unidades de Sa\u00fade.<\/p>\n\n\n\n<p>Os n\u00fameros v\u00e3o mais longe: apoio aos fiscais de com\u00e9rcio, policiamento em pr\u00f3prios municipais e apoio a outros \u00f3rg\u00e3os municipais somam 800 atendimentos at\u00e9 agora.<\/p>\n\n\n\n<figure class=\"wp-block-image size-full is-resized\"><img loading=\"lazy\" decoding=\"async\" src=\"https:\/\/jundiai.sp.gov.br\/noticias\/wp-content\/uploads\/sites\/32\/2021\/11\/aniversario-gm_72-anos-18.jpg\" alt=\"\" class=\"wp-image-281107\" width=\"840\" height=\"559\" srcset=\"https:\/\/jundiai.sp.gov.br\/noticias\/wp-content\/uploads\/sites\/32\/2021\/11\/aniversario-gm_72-anos-18.jpg 1280w, https:\/\/jundiai.sp.gov.br\/noticias\/wp-content\/uploads\/sites\/32\/2021\/11\/aniversario-gm_72-anos-18-300x200.jpg 300w, https:\/\/jundiai.sp.gov.br\/noticias\/wp-content\/uploads\/sites\/32\/2021\/11\/aniversario-gm_72-anos-18-768x512.jpg 768w, https:\/\/jundiai.sp.gov.br\/noticias\/wp-content\/uploads\/sites\/32\/2021\/11\/aniversario-gm_72-anos-18-450x300.jpg 450w\" sizes=\"auto, (max-width: 840px) 100vw, 840px\" \/><figcaption>Solenidade de anivers\u00e1rio contou com a tradu\u00e7\u00e3o em libras<\/figcaption><\/figure>\n\n\n\n<p>Reclama\u00e7\u00f5es de som alto (conhecido como pancad\u00e3o) foram quase que totalmente solucionadas nos Bairros S\u00e3o Camilo e Jardim Tamoio, atrav\u00e9s das a\u00e7\u00f5es em parceria com a Pol\u00edcia militar ap\u00f3s muitas reuni\u00f5es chefiadas pela Unidade de Seguran\u00e7a Municipal. Foram realizadas at\u00e9 agora 98 a\u00e7\u00f5es de combate ao pancad\u00e3o.<\/p>\n\n\n\n<p>De acordo com a Gestora de Seguran\u00e7a Municipal, coronel Carla Basson, a integra\u00e7\u00e3o e trabalho das equipes que comp\u00f5em a seguran\u00e7a municipal s\u00e3o frutos dos \u00f3timos frutos colhidos neste per\u00edodo. \u201cDesde que assumi a unidade de gest\u00e3o no in\u00edcio do ano, passamos a ter contatos e reuni\u00f5es constantes sobre as demandas da seguran\u00e7a no munic\u00edpio. Fizemos a integra\u00e7\u00e3o com as for\u00e7as policiais em diversas a\u00e7\u00f5es de presen\u00e7a e de combate \u00e0 criminalidade. Os esfor\u00e7os est\u00e3o dando certo e n\u00e3o v\u00e3o parar por a\u00ed\u201d, explicou Carla Basson.<\/p>\n\n\n\n<p>O comandante da GM, inspetor Benedito Marcos Moreno, destacou a dedica\u00e7\u00e3o e profissionalismo dos guardas neste per\u00edodo de pandemia. \u201cA pandemia foi e ainda \u00e9 um grande desafio para as for\u00e7as de seguran\u00e7a p\u00fablica, que n\u00e3o pararam um minuto de trabalhar. N\u00f3s tivemos que nos adaptar aos protocolos de seguran\u00e7a e ainda ter que conviver com o temor de uma poss\u00edvel contamina\u00e7\u00e3o. Orgulho-me em comandar uma guarda com profissionais t\u00e3o dedicados e incumbidos com um \u00fanico prop\u00f3sito, o de proteger nosso mun\u00edcipe\u201d, destacou Moreno.<\/p>\n\n\n\n<figure class=\"wp-block-image size-full\"><img loading=\"lazy\" decoding=\"async\" width=\"1280\" height=\"854\" src=\"https:\/\/jundiai.sp.gov.br\/noticias\/wp-content\/uploads\/sites\/32\/2021\/11\/aniversario-gm_72-anos-159.jpg\" alt=\"\" class=\"wp-image-281111\" srcset=\"https:\/\/jundiai.sp.gov.br\/noticias\/wp-content\/uploads\/sites\/32\/2021\/11\/aniversario-gm_72-anos-159.jpg 1280w, https:\/\/jundiai.sp.gov.br\/noticias\/wp-content\/uploads\/sites\/32\/2021\/11\/aniversario-gm_72-anos-159-300x200.jpg 300w, https:\/\/jundiai.sp.gov.br\/noticias\/wp-content\/uploads\/sites\/32\/2021\/11\/aniversario-gm_72-anos-159-768x512.jpg 768w, https:\/\/jundiai.sp.gov.br\/noticias\/wp-content\/uploads\/sites\/32\/2021\/11\/aniversario-gm_72-anos-159-450x300.jpg 450w\" sizes=\"auto, (max-width: 1280px) 100vw, 1280px\" \/><figcaption>Evento comemorativo de 72 anos de anivers\u00e1rio da GMJ contou com homenagens<\/figcaption><\/figure>\n\n\n\n<p><strong>Investimentos e a\u00e7\u00f5es da Unidade de Seguran\u00e7a Municipal em 2021<\/strong><\/p>\n\n\n\n<p>* Em 2021, a Guarda Municipal recebeu duas novas bases comunit\u00e1rias para o patrulhamento na regi\u00e3o do Centro e Ponte S\u00e3o Jo\u00e3o. Foram atendidas at\u00e9 agora, 2900 ocorr\u00eancias nessas regi\u00f5es. As viaturas foram compradas atrav\u00e9s de emenda parlamentar, bem como duas motocicletas e computadores que est\u00e3o sendo utilizados no setor de intelig\u00eancia da informa\u00e7\u00e3o da Unidade de Seguran\u00e7a.<\/p>\n\n\n\n<p>* No in\u00edcio deste ano, foram incorporados na GM, 23 novos guardas que passaram por um per\u00edodo de cinco meses de treinamento. Mais 17 est\u00e3o sendo formados e estar\u00e3o nas ruas a partir de janeiro deste ano.<\/p>\n\n\n\n<p>* Al\u00e9m disso, foi anunciada ainda a constru\u00e7\u00e3o da nova sede do Canil da GM que est\u00e1 sendo constru\u00edda no bairro do Medeiros com a conclus\u00e3o das obras no primeiro semestre de 2022.<\/p>\n\n\n\n<p>* Outro anseio dos guardas tamb\u00e9m foi anunciado, a nova sede da GM que ser\u00e1 na av 14 de dezembro. A contrata\u00e7\u00e3o da empresa que ir\u00e1 fazer as obras est\u00e1 em fase final de licita\u00e7\u00e3o.<\/p>\n\n\n\n<p>* Novos cursos de capacita\u00e7\u00e3o para os guardas<\/p>\n\n\n\n<p>* Constru\u00e7\u00e3o de uma plataforma interna da GM para aulas online desenvolvido gra\u00e7as a habilidade e dedica\u00e7\u00e3o de profissionais da corpora\u00e7\u00e3o. A plataforma online CIFEAD est\u00e1 sendo utilizada pelos guardas seguindo as normativas da Secretaria Nacional de Seguran\u00e7a P\u00fablica atrav\u00e9s da matriz curricular nacional. O est\u00e1gio de qualifica\u00e7\u00e3o profissional \u00e9 uma obrigatoriedade do Minist\u00e9rio da Justi\u00e7a estabelecido em 2003<\/p>\n\n\n\n<p>* O programa Guardi\u00e3 Maria da Penha completou dois anos neste ano e vem sendo uma refer\u00eancia na regi\u00e3o com 265 atendimentos de medidas protetivas em andamento.<\/p>\n\n\n\n<p>Participaram do evento o delegado da Policia Federal, Paulo V\u00edbrio Jr, Prefeito de Cabre\u00fava, Antonio Mangini e a primeira Dama Valdirene Mangini, comandante do Segundo Policiamento do Interior, Coronel Renato Nery, Comandante do 12 GAC tenente coronel William Henrique Bovi Megale, vice-Prefeito Gustavo Martinelli, Vereador Ant\u00f4nio Carlos Albino representando o presidente Faouaz Taha, Promotor do GAECO, Dr Jos\u00e9 Cl\u00e1udio Tadeu Baglio, Delegado Seccional de Pol\u00edcia Dr Luiz Carlos Branco Jr, Comandantes dos Batalh\u00f5es da Pol\u00edcia Militar 11\u00ba e 49\u00ba, presidente da ACE, Mark Willian, al\u00e9m de integrantes das equipes de Seguran\u00e7a de V\u00e1rzea Paulista, e Caieiras.<\/p>\n\n\n\n<p>Fotos do evento podem ser conferidas do <a href=\"https:\/\/www.flickr.com\/photos\/prefeituradejundiai\/albums\/72157720184435407\">Flickr<\/a>.<\/p>\n\n\n\n<p><strong>Assessoria de Imprensa<br>Fotos: Fot\u00f3grafos PMJ<\/strong><\/p>\n","protected":false},"excerpt":{"rendered":"<p>A Guarda Municipal de Jundia\u00ed (GMJ) completa nesta quarta-feira (24), 72 anos. Criada em 24 de novembro de 1949, A GMJ teve como patrono o vereador L\u00e1zaro de Almeida durante a gest\u00e3o do prefeito Vasco Ant\u00f4nio Venchiarutti no final dos anos 40 e in\u00edcio de 50. O prefeito Luiz Fernando Machado enfatiza que Jundia\u00ed tem [&hellip;]<\/p>\n","protected":false},"author":39,"featured_media":281107,"comment_status":"closed","ping_status":"closed","sticky":false,"template":"","format":"standard","meta":{"footnotes":""},"categories":[2],"tags":[31],"ods":[],"class_list":["post-281089","post","type-post","status-publish","format-standard","has-post-thumbnail","hentry","category-noticias","tag-guarda-municipal"],"_links":{"self":[{"href":"https:\/\/jundiai.sp.gov.br\/noticias\/wp-json\/wp\/v2\/posts\/281089","targetHints":{"allow":["GET"]}}],"collection":[{"href":"https:\/\/jundiai.sp.gov.br\/noticias\/wp-json\/wp\/v2\/posts"}],"about":[{"href":"https:\/\/jundiai.sp.gov.br\/noticias\/wp-json\/wp\/v2\/types\/post"}],"author":[{"embeddable":true,"href":"https:\/\/jundiai.sp.gov.br\/noticias\/wp-json\/wp\/v2\/users\/39"}],"replies":[{"embeddable":true,"href":"https:\/\/jundiai.sp.gov.br\/noticias\/wp-json\/wp\/v2\/comments?post=281089"}],"version-history":[{"count":7,"href":"https:\/\/jundiai.sp.gov.br\/noticias\/wp-json\/wp\/v2\/posts\/281089\/revisions"}],"predecessor-version":[{"id":281118,"href":"https:\/\/jundiai.sp.gov.br\/noticias\/wp-json\/wp\/v2\/posts\/281089\/revisions\/281118"}],"wp:featuredmedia":[{"embeddable":true,"href":"https:\/\/jundiai.sp.gov.br\/noticias\/wp-json\/wp\/v2\/media\/281107"}],"wp:attachment":[{"href":"https:\/\/jundiai.sp.gov.br\/noticias\/wp-json\/wp\/v2\/media?parent=281089"}],"wp:term":[{"taxonomy":"category","embeddable":true,"href":"https:\/\/jundiai.sp.gov.br\/noticias\/wp-json\/wp\/v2\/categories?post=281089"},{"taxonomy":"post_tag","embeddable":true,"href":"https:\/\/jundiai.sp.gov.br\/noticias\/wp-json\/wp\/v2\/tags?post=281089"},{"taxonomy":"ods","embeddable":true,"href":"https:\/\/jundiai.sp.gov.br\/noticias\/wp-json\/wp\/v2\/ods?post=281089"}],"curies":[{"name":"wp","href":"https:\/\/api.w.org\/{rel}","templated":true}]}}