{"id":281128,"date":"2021-11-25T13:57:44","date_gmt":"2021-11-25T16:57:44","guid":{"rendered":"https:\/\/jundiai.sp.gov.br\/noticias\/?p=281128"},"modified":"2021-11-25T13:57:44","modified_gmt":"2021-11-25T16:57:44","slug":"fumas-inicia-estudos-para-oferta-de-cremacao-e-de-tanatopraxia-em-jundiai","status":"publish","type":"post","link":"https:\/\/jundiai.sp.gov.br\/noticias\/2021\/11\/25\/fumas-inicia-estudos-para-oferta-de-cremacao-e-de-tanatopraxia-em-jundiai\/","title":{"rendered":"FUMAS inicia estudos para oferta de crema\u00e7\u00e3o e de tanatopraxia em Jundia\u00ed"},"content":{"rendered":"\n<p>A Funda\u00e7\u00e3o Municipal de A\u00e7\u00e3o Social (FUMAS), administradora do Servi\u00e7o Funer\u00e1rio Municipal, iniciou os estudos para a oferta dos servi\u00e7os de crema\u00e7\u00e3o e de tanatopraxia \u2013 procedimentos que t\u00eam por objetivo preparar e conservar os corpos para vel\u00f3rios e viagens longas, por exemplo. Projeto de Lei com a altera\u00e7\u00e3o da legisla\u00e7\u00e3o para permitir a realiza\u00e7\u00e3o dos dois procedimentos, aumentando o escopo de servi\u00e7os prestados pela FUMAS para a popula\u00e7\u00e3o, foi aprovado na C\u00e2mara Municipal no dia 16 de novembro.<br><br>&#8220;Jundia\u00ed j\u00e1 \u00e9 adepta para receber servi\u00e7os como estes. Atualmente, a tanatopraxia precisa ser feita em outros munic\u00edpios. Al\u00e9m disso, a pr\u00e1tica de crema\u00e7\u00e3o cresceu na sociedade principalmente devido \u00e0 situa\u00e7\u00e3o que estamos vivendo, referente \u00e0 Covid-19. \u00c9 uma op\u00e7\u00e3o que vem sendo cada vez mais requisitada pelas fam\u00edlias e por isso passa a ser estudado para a implementa\u00e7\u00e3o entre os servi\u00e7os prestados pela Fumas\u201d, destaca o superintendente da FUMAS, Jos\u00e9 Galv\u00e3o Braga Campos (Tico).<\/p>\n\n\n\n<figure class=\"wp-block-image size-full\"><img loading=\"lazy\" decoding=\"async\" width=\"1280\" height=\"720\" src=\"https:\/\/jundiai.sp.gov.br\/noticias\/wp-content\/uploads\/sites\/32\/2021\/11\/aereas-cemiterio-nossa-senhora-do-desterro-centro_c_-9.jpg\" alt=\"\" class=\"wp-image-281140\" srcset=\"https:\/\/jundiai.sp.gov.br\/noticias\/wp-content\/uploads\/sites\/32\/2021\/11\/aereas-cemiterio-nossa-senhora-do-desterro-centro_c_-9.jpg 1280w, https:\/\/jundiai.sp.gov.br\/noticias\/wp-content\/uploads\/sites\/32\/2021\/11\/aereas-cemiterio-nossa-senhora-do-desterro-centro_c_-9-300x169.jpg 300w, https:\/\/jundiai.sp.gov.br\/noticias\/wp-content\/uploads\/sites\/32\/2021\/11\/aereas-cemiterio-nossa-senhora-do-desterro-centro_c_-9-768x432.jpg 768w\" sizes=\"auto, (max-width: 1280px) 100vw, 1280px\" \/><figcaption>Estudos s\u00e3o realizados pela Fumas sobre investimentos e ofertas de novos servi\u00e7os<\/figcaption><\/figure>\n\n\n\n<p>Os estudos realizados pela Funda\u00e7\u00e3o incluem ampla pesquisa de mercado e n\u00edvel de recursos dispon\u00edveis para investimentos nos servi\u00e7os. \u201cA oferta dos dois procedimentos poder\u00e1 ser feita por empresas terceirizadas por meio de processo licitat\u00f3rio ou pela explora\u00e7\u00e3o realizada pelo pr\u00f3prio Servi\u00e7o Funer\u00e1rio Municipal. Ser\u00e1 verificado o que \u00e9 mais vi\u00e1vel. A previs\u00e3o \u00e9 que at\u00e9 meados de 2022, sejam finalizados esses levantamentos para o in\u00edcio dos demais procedimentos necess\u00e1rios\u201d, conclui Tico. <\/p>\n\n\n\n<p><strong>Assessoria de Imprensa<br>Foto: Fot\u00f3grafos PMJ<\/strong><\/p>\n","protected":false},"excerpt":{"rendered":"<p>A Funda\u00e7\u00e3o Municipal de A\u00e7\u00e3o Social (FUMAS), administradora do Servi\u00e7o Funer\u00e1rio Municipal, iniciou os estudos para a oferta dos servi\u00e7os de crema\u00e7\u00e3o e de tanatopraxia \u2013 procedimentos que t\u00eam por objetivo preparar e conservar os corpos para vel\u00f3rios e viagens longas, por exemplo. Projeto de Lei com a altera\u00e7\u00e3o da legisla\u00e7\u00e3o para permitir a realiza\u00e7\u00e3o [&hellip;]<\/p>\n","protected":false},"author":50,"featured_media":0,"comment_status":"closed","ping_status":"closed","sticky":false,"template":"","format":"standard","meta":{"footnotes":""},"categories":[2],"tags":[1401,49],"ods":[],"class_list":["post-281128","post","type-post","status-publish","format-standard","hentry","category-noticias","tag-fumas","tag-fundacao-municipal-de-acao-social-fumas"],"_links":{"self":[{"href":"https:\/\/jundiai.sp.gov.br\/noticias\/wp-json\/wp\/v2\/posts\/281128","targetHints":{"allow":["GET"]}}],"collection":[{"href":"https:\/\/jundiai.sp.gov.br\/noticias\/wp-json\/wp\/v2\/posts"}],"about":[{"href":"https:\/\/jundiai.sp.gov.br\/noticias\/wp-json\/wp\/v2\/types\/post"}],"author":[{"embeddable":true,"href":"https:\/\/jundiai.sp.gov.br\/noticias\/wp-json\/wp\/v2\/users\/50"}],"replies":[{"embeddable":true,"href":"https:\/\/jundiai.sp.gov.br\/noticias\/wp-json\/wp\/v2\/comments?post=281128"}],"version-history":[{"count":5,"href":"https:\/\/jundiai.sp.gov.br\/noticias\/wp-json\/wp\/v2\/posts\/281128\/revisions"}],"predecessor-version":[{"id":281154,"href":"https:\/\/jundiai.sp.gov.br\/noticias\/wp-json\/wp\/v2\/posts\/281128\/revisions\/281154"}],"wp:attachment":[{"href":"https:\/\/jundiai.sp.gov.br\/noticias\/wp-json\/wp\/v2\/media?parent=281128"}],"wp:term":[{"taxonomy":"category","embeddable":true,"href":"https:\/\/jundiai.sp.gov.br\/noticias\/wp-json\/wp\/v2\/categories?post=281128"},{"taxonomy":"post_tag","embeddable":true,"href":"https:\/\/jundiai.sp.gov.br\/noticias\/wp-json\/wp\/v2\/tags?post=281128"},{"taxonomy":"ods","embeddable":true,"href":"https:\/\/jundiai.sp.gov.br\/noticias\/wp-json\/wp\/v2\/ods?post=281128"}],"curies":[{"name":"wp","href":"https:\/\/api.w.org\/{rel}","templated":true}]}}