{"id":281531,"date":"2021-12-01T16:10:34","date_gmt":"2021-12-01T19:10:34","guid":{"rendered":"https:\/\/jundiai.sp.gov.br\/noticias\/?p=281531"},"modified":"2022-04-11T10:25:42","modified_gmt":"2022-04-11T13:25:42","slug":"webinar-sobre-empreendedorismo-para-pessoa-com-deficiencia-e-nesta-quinta-2","status":"publish","type":"post","link":"https:\/\/jundiai.sp.gov.br\/noticias\/2021\/12\/01\/webinar-sobre-empreendedorismo-para-pessoa-com-deficiencia-e-nesta-quinta-2\/","title":{"rendered":"Webinar sobre empreendedorismo para pessoa com defici\u00eancia \u00e9 nesta quinta (2)"},"content":{"rendered":"\n<p>A Prefeitura de Jundia\u00ed, por meio da Unidade de Gest\u00e3o da Casa Civil, realiza nesta quinta-feira, das 9h \u00e0s 11h, o webinar \u201cJundia\u00ed Empreendedora: Empregabilidade da Pessoa com Defici\u00eancia\u201d, um evento online com o objetivo de apresentar o empreendedorismo e suas possibilidades para as pessoas com defici\u00eancia. Interessados em participar podem fazer a inscri\u00e7\u00e3o at\u00e9 esta quarta-feira (1\u00ba) <a href=\"https:\/\/docs.google.com\/forms\/d\/e\/1FAIpQLSdg2XRYTwY4zdM3Tq1D-SPzVcc6XhKOAfkeP_star3vahEzKg\/viewform\" data-type=\"URL\" data-id=\"https:\/\/docs.google.com\/forms\/d\/e\/1FAIpQLSdg2XRYTwY4zdM3Tq1D-SPzVcc6XhKOAfkeP_star3vahEzKg\/viewform\" target=\"_blank\" rel=\"noreferrer noopener\"><strong>AQUI<\/strong><\/a>.<\/p>\n\n\n\n<p>\u201cUm webinar como esse \u00e9 uma oportunidade a mais \u00e0s pessoas que desejam empreender e alavancar seus neg\u00f3cios\u201d, observa o gestor da Casa Civil, Gustavo Maryssael. \u201cA gest\u00e3o Luiz Fernando Machado busca dialogar com os mais diferentes p\u00fablicos, ouvindo as pessoas e oferecendo janelas de oportunidade como esse evento.\u201d<\/p>\n\n\n\n<figure class=\"wp-block-image size-full\"><img loading=\"lazy\" decoding=\"async\" width=\"1280\" height=\"853\" src=\"https:\/\/jundiai.sp.gov.br\/noticias\/wp-content\/uploads\/sites\/32\/2021\/12\/webnar-pessoa-com-deficiencia-1.jpg\" alt=\"\" class=\"wp-image-281534\" srcset=\"https:\/\/jundiai.sp.gov.br\/noticias\/wp-content\/uploads\/sites\/32\/2021\/12\/webnar-pessoa-com-deficiencia-1.jpg 1280w, https:\/\/jundiai.sp.gov.br\/noticias\/wp-content\/uploads\/sites\/32\/2021\/12\/webnar-pessoa-com-deficiencia-1-300x200.jpg 300w, https:\/\/jundiai.sp.gov.br\/noticias\/wp-content\/uploads\/sites\/32\/2021\/12\/webnar-pessoa-com-deficiencia-1-768x512.jpg 768w, https:\/\/jundiai.sp.gov.br\/noticias\/wp-content\/uploads\/sites\/32\/2021\/12\/webnar-pessoa-com-deficiencia-1-450x300.jpg 450w\" sizes=\"auto, (max-width: 1280px) 100vw, 1280px\" \/><figcaption> &#8220;A ideia \u00e9 revelar a voca\u00e7\u00e3o de muitas pessoas com defici\u00eancia para o empreendedorismo&#8221;, explica o assessor Marco Antonio<\/figcaption><\/figure>\n\n\n\n<p>\u201cA ideia \u00e9 revelar a voca\u00e7\u00e3o de muitas pessoas com defici\u00eancia para o empreendedorismo, pessoas que anseiam em abrir sua empresa ou mesmo dar mais for\u00e7a \u00e0quela que j\u00e1 existe\u201d, explica o assessor de Pol\u00edticas para a Pessoa com Defici\u00eancia, Marco Antonio dos Santos. \u201cUm evento assim vai ao encontro desse p\u00fablico e tamb\u00e9m de suas fam\u00edlias e de profissionais da rede de aten\u00e7\u00e3o \u00e0s pessoas com defici\u00eancia da Prefeitura, al\u00e9m de membros de outras entidades.\u201d<\/p>\n\n\n\n<p>O evento ser\u00e1 realizado em modelo de roda de conversa, com a presen\u00e7a de representantes de diferentes institui\u00e7\u00f5es, como Sebrae e Banco do Povo. Al\u00e9m do assessor de Pol\u00edticas para a Pessoa com Defici\u00eancia, ligado \u00e0 Casa Civil, participam da organiza\u00e7\u00e3o do webinar o Conselho Municipal dos Direitos da Pessoa com Defici\u00eancia e a Unidade de Gest\u00e3o de Desenvolvimento Econ\u00f4mico, Ci\u00eancia e Tecnologia.<\/p>\n\n\n\n<p><strong>Assessoria de Imprensa<br>Foto: fot\u00f3grafo PMJ<\/strong><\/p>\n","protected":false},"excerpt":{"rendered":"<p>A Prefeitura de Jundia\u00ed, por meio da Unidade de Gest\u00e3o da Casa Civil, realiza nesta quinta-feira, das 9h \u00e0s 11h, o webinar \u201cJundia\u00ed Empreendedora: Empregabilidade da Pessoa com Defici\u00eancia\u201d, um evento online com o objetivo de apresentar o empreendedorismo e suas possibilidades para as pessoas com defici\u00eancia. Interessados em participar podem fazer a inscri\u00e7\u00e3o at\u00e9 [&hellip;]<\/p>\n","protected":false},"author":71,"featured_media":281534,"comment_status":"closed","ping_status":"closed","sticky":false,"template":"","format":"standard","meta":{"footnotes":""},"categories":[2],"tags":[1031,2446,1690],"ods":[],"class_list":["post-281531","post","type-post","status-publish","format-standard","has-post-thumbnail","hentry","category-noticias","tag-assessoria-de-politicas-para-pessoa-com-deficiencia","tag-pessoa-com-deficiencia","tag-webinar"],"_links":{"self":[{"href":"https:\/\/jundiai.sp.gov.br\/noticias\/wp-json\/wp\/v2\/posts\/281531","targetHints":{"allow":["GET"]}}],"collection":[{"href":"https:\/\/jundiai.sp.gov.br\/noticias\/wp-json\/wp\/v2\/posts"}],"about":[{"href":"https:\/\/jundiai.sp.gov.br\/noticias\/wp-json\/wp\/v2\/types\/post"}],"author":[{"embeddable":true,"href":"https:\/\/jundiai.sp.gov.br\/noticias\/wp-json\/wp\/v2\/users\/71"}],"replies":[{"embeddable":true,"href":"https:\/\/jundiai.sp.gov.br\/noticias\/wp-json\/wp\/v2\/comments?post=281531"}],"version-history":[{"count":2,"href":"https:\/\/jundiai.sp.gov.br\/noticias\/wp-json\/wp\/v2\/posts\/281531\/revisions"}],"predecessor-version":[{"id":281535,"href":"https:\/\/jundiai.sp.gov.br\/noticias\/wp-json\/wp\/v2\/posts\/281531\/revisions\/281535"}],"wp:featuredmedia":[{"embeddable":true,"href":"https:\/\/jundiai.sp.gov.br\/noticias\/wp-json\/wp\/v2\/media\/281534"}],"wp:attachment":[{"href":"https:\/\/jundiai.sp.gov.br\/noticias\/wp-json\/wp\/v2\/media?parent=281531"}],"wp:term":[{"taxonomy":"category","embeddable":true,"href":"https:\/\/jundiai.sp.gov.br\/noticias\/wp-json\/wp\/v2\/categories?post=281531"},{"taxonomy":"post_tag","embeddable":true,"href":"https:\/\/jundiai.sp.gov.br\/noticias\/wp-json\/wp\/v2\/tags?post=281531"},{"taxonomy":"ods","embeddable":true,"href":"https:\/\/jundiai.sp.gov.br\/noticias\/wp-json\/wp\/v2\/ods?post=281531"}],"curies":[{"name":"wp","href":"https:\/\/api.w.org\/{rel}","templated":true}]}}