{"id":281846,"date":"2021-12-06T06:43:30","date_gmt":"2021-12-06T09:43:30","guid":{"rendered":"https:\/\/jundiai.sp.gov.br\/noticias\/?p=281846"},"modified":"2023-10-30T09:58:10","modified_gmt":"2023-10-30T12:58:10","slug":"urbanismo-tatico-e-apresentado-a-moradores-do-entorno-da-emeb-candelario","status":"publish","type":"post","link":"https:\/\/jundiai.sp.gov.br\/noticias\/2021\/12\/06\/urbanismo-tatico-e-apresentado-a-moradores-do-entorno-da-emeb-candelario\/","title":{"rendered":"Urbanismo t\u00e1tico \u00e9 apresentado a moradores do entorno da EMEB Candel\u00e1rio"},"content":{"rendered":"\n<p>As Unidades de Gest\u00e3o de Planejamento Urbano e Meio Ambiente, de Infraestrutura e Servi\u00e7os P\u00fablicos e de Mobilidade e Transporte realizaram, no \u00faltimo s\u00e1bado (4), reuni\u00e3o com moradores do entorno da EMEB Professor Joaquim Candel\u00e1rio de Freitas, para apresentar as sugest\u00f5es de urbanismo t\u00e1tico para a regi\u00e3o do equipamento p\u00fablico.<\/p>\n\n\n\n<p>A EMEB ser\u00e1 inaugurada no dia 14 de dezembro e, a partir de 2022, receber\u00e1 um n\u00famero maior de alunos, o que exigiu um novo planejamento para a regi\u00e3o. No local ser\u00e1 utilizada a ferramenta do urbanismo t\u00e1tico, que tem por objetivo contribuir de maneira simples para a seguran\u00e7a vi\u00e1ria, por meio de pequenas interven\u00e7\u00f5es revers\u00edveis, sem a necessidade de grandes obras.<\/p>\n\n\n\n<p>O projeto visa ampliar os espa\u00e7os para a circula\u00e7\u00e3o de pedestres e reduzir a velocidade de ve\u00edculos, o que oferece mais seguran\u00e7a e cria espa\u00e7os de conviv\u00eancia para todos, com pintura de via, instala\u00e7\u00e3o de balizadores, vasos e bancos. \u201cA partir da instala\u00e7\u00e3o do urbanismo t\u00e1tico \u00e9 realizado um monitoramento do comportamento das pessoas. Continuamos com o di\u00e1logo com a popula\u00e7\u00e3o antes de partir para o projeto definitivo com a realiza\u00e7\u00e3o de obras\u201d, explica a diretora de Projetos Urbanos da Unidade de Planejamento Urbano e Meio Ambiente, Paula Siqueira.<\/p>\n\n\n\n<figure class=\"wp-block-image size-full\"><img loading=\"lazy\" decoding=\"async\" width=\"1280\" height=\"723\" src=\"https:\/\/jundiai.sp.gov.br\/noticias\/wp-content\/uploads\/sites\/32\/2021\/12\/reuniao_urbanismo-tatico_candelario.jpeg\" alt=\"\" class=\"wp-image-281852\" srcset=\"https:\/\/jundiai.sp.gov.br\/noticias\/wp-content\/uploads\/sites\/32\/2021\/12\/reuniao_urbanismo-tatico_candelario.jpeg 1280w, https:\/\/jundiai.sp.gov.br\/noticias\/wp-content\/uploads\/sites\/32\/2021\/12\/reuniao_urbanismo-tatico_candelario-300x169.jpeg 300w, https:\/\/jundiai.sp.gov.br\/noticias\/wp-content\/uploads\/sites\/32\/2021\/12\/reuniao_urbanismo-tatico_candelario-768x434.jpeg 768w\" sizes=\"auto, (max-width: 1280px) 100vw, 1280px\" \/><figcaption class=\"wp-element-caption\">Reuni\u00e3o apresentou o urbanismo t\u00e1tico para a regi\u00e3o do entorno da EMEB Candel\u00e1rio<\/figcaption><\/figure>\n\n\n\n<p>O di\u00e1logo com os moradores \u00e9 sempre importante, principalmente quando novas a\u00e7\u00f5es podem interferir diretamente no dia a dia da popula\u00e7\u00e3o. \u201cEsse \u00e9 um importante momento de conversa para alinhar as interven\u00e7\u00f5es que precisam ser realizadas no entorno da EMEB. Conseguimos chegar a um consenso, principalmente no ponto relacionado \u00e0s quest\u00f5es de estacionamento, que era a preocupa\u00e7\u00e3o dos mun\u00edcipes\u201d, comenta Paula.<\/p>\n\n\n\n<p>A EMEB Professor Joaquim Candel\u00e1rio de Freitas ser\u00e1 a maior unidade da Escola Inovadora de Jundia\u00ed e a primeira com pr\u00e9dio com dispositivos sustent\u00e1veis. S\u00e3o 4,7 mil metros quadrados com tr\u00eas pavimentos, 20 amplas salas de aula, elevador e acessibilidade, quadra coberta, pra\u00e7a integrada com brinquedos naturalizados e muito mais.<\/p>\n\n\n\n<p><strong>Assessoria de Imprensa<\/strong><br><strong>Fotos: Divulga\u00e7\u00e3o<\/strong><\/p>\n","protected":false},"excerpt":{"rendered":"<p>As Unidades de Gest\u00e3o de Planejamento Urbano e Meio Ambiente, de Infraestrutura e Servi\u00e7os P\u00fablicos e de Mobilidade e Transporte realizaram, no \u00faltimo s\u00e1bado (4), reuni\u00e3o com moradores do entorno da EMEB Professor Joaquim Candel\u00e1rio de Freitas, para apresentar as sugest\u00f5es de urbanismo t\u00e1tico para a regi\u00e3o do equipamento p\u00fablico. A EMEB ser\u00e1 inaugurada no [&hellip;]<\/p>\n","protected":false},"author":70,"featured_media":281857,"comment_status":"closed","ping_status":"closed","sticky":false,"template":"","format":"standard","meta":{"footnotes":""},"categories":[2],"tags":[6,2584,1061,984,2544],"ods":[],"class_list":["post-281846","post","type-post","status-publish","format-standard","has-post-thumbnail","hentry","category-noticias","tag-educacao","tag-emeb-professor-joaquim-candelario-de-freitas","tag-escola-inovadora","tag-planejamento-urbano-e-meio-ambiente","tag-urbanismo-tatico"],"_links":{"self":[{"href":"https:\/\/jundiai.sp.gov.br\/noticias\/wp-json\/wp\/v2\/posts\/281846","targetHints":{"allow":["GET"]}}],"collection":[{"href":"https:\/\/jundiai.sp.gov.br\/noticias\/wp-json\/wp\/v2\/posts"}],"about":[{"href":"https:\/\/jundiai.sp.gov.br\/noticias\/wp-json\/wp\/v2\/types\/post"}],"author":[{"embeddable":true,"href":"https:\/\/jundiai.sp.gov.br\/noticias\/wp-json\/wp\/v2\/users\/70"}],"replies":[{"embeddable":true,"href":"https:\/\/jundiai.sp.gov.br\/noticias\/wp-json\/wp\/v2\/comments?post=281846"}],"version-history":[{"count":6,"href":"https:\/\/jundiai.sp.gov.br\/noticias\/wp-json\/wp\/v2\/posts\/281846\/revisions"}],"predecessor-version":[{"id":330505,"href":"https:\/\/jundiai.sp.gov.br\/noticias\/wp-json\/wp\/v2\/posts\/281846\/revisions\/330505"}],"wp:featuredmedia":[{"embeddable":true,"href":"https:\/\/jundiai.sp.gov.br\/noticias\/wp-json\/wp\/v2\/media\/281857"}],"wp:attachment":[{"href":"https:\/\/jundiai.sp.gov.br\/noticias\/wp-json\/wp\/v2\/media?parent=281846"}],"wp:term":[{"taxonomy":"category","embeddable":true,"href":"https:\/\/jundiai.sp.gov.br\/noticias\/wp-json\/wp\/v2\/categories?post=281846"},{"taxonomy":"post_tag","embeddable":true,"href":"https:\/\/jundiai.sp.gov.br\/noticias\/wp-json\/wp\/v2\/tags?post=281846"},{"taxonomy":"ods","embeddable":true,"href":"https:\/\/jundiai.sp.gov.br\/noticias\/wp-json\/wp\/v2\/ods?post=281846"}],"curies":[{"name":"wp","href":"https:\/\/api.w.org\/{rel}","templated":true}]}}