{"id":282223,"date":"2021-12-13T17:46:55","date_gmt":"2021-12-13T20:46:55","guid":{"rendered":"https:\/\/jundiai.sp.gov.br\/noticias\/?p=282223"},"modified":"2021-12-13T17:46:55","modified_gmt":"2021-12-13T20:46:55","slug":"direitos-humanos-sao-foco-de-forum-transmitido-ao-vivo","status":"publish","type":"post","link":"https:\/\/jundiai.sp.gov.br\/noticias\/2021\/12\/13\/direitos-humanos-sao-foco-de-forum-transmitido-ao-vivo\/","title":{"rendered":"Direitos Humanos s\u00e3o foco de f\u00f3rum transmitido ao vivo"},"content":{"rendered":"\n<p>O F\u00f3rum Municipal de Direitos Humanos ocorreu na manh\u00e3 desta segunda-feira (13), em formato on-line, e foi realizado pela Unidade de Gest\u00e3o da Casa Civil em parceria com a TVTEC Jundia\u00ed. O objetivo do evento \u00e9 debater e aproximar a sociedade da tem\u00e1tica acerca dos direitos humanos.&nbsp;<\/p>\n\n\n\n<p>Participaram da mesa de debate online o gestor da Casa Civil, Gustavo Maryssael, e o professor, advogado e rec\u00e9m-eleito presidente da OAB Jundia\u00ed, Gustavo \u00dangaro. Al\u00e9m das participa\u00e7\u00f5es do prefeito de Jundia\u00ed, Luiz Fernando Machado, e do presidente da C\u00e2mara de Jundia\u00ed, Faouaz Taha.<\/p>\n\n\n\n<figure class=\"wp-block-image size-full\"><img loading=\"lazy\" decoding=\"async\" width=\"1280\" height=\"854\" src=\"https:\/\/jundiai.sp.gov.br\/noticias\/wp-content\/uploads\/sites\/32\/2021\/12\/psa_9677.jpg\" alt=\"\" class=\"wp-image-282233\" srcset=\"https:\/\/jundiai.sp.gov.br\/noticias\/wp-content\/uploads\/sites\/32\/2021\/12\/psa_9677.jpg 1280w, https:\/\/jundiai.sp.gov.br\/noticias\/wp-content\/uploads\/sites\/32\/2021\/12\/psa_9677-300x200.jpg 300w, https:\/\/jundiai.sp.gov.br\/noticias\/wp-content\/uploads\/sites\/32\/2021\/12\/psa_9677-768x512.jpg 768w, https:\/\/jundiai.sp.gov.br\/noticias\/wp-content\/uploads\/sites\/32\/2021\/12\/psa_9677-450x300.jpg 450w\" sizes=\"auto, (max-width: 1280px) 100vw, 1280px\" \/><figcaption>O prefeito Luiz Fernando participou da abertura direto de seu gabinete<\/figcaption><\/figure>\n\n\n\n<p>\u201c\u00c9 preciso levar a discuss\u00e3o sobre direitos humanos para al\u00e9m de nossos muros e chegar \u00e0s pessoas, pois quando a sociedade participa e coloca suas observa\u00e7\u00f5es, nossa chance de acerto, com pol\u00edticas p\u00fablicas eficazes, \u00e9 sempre maior\u201d, declarou Luiz Fernando. \u201cA C\u00e2mara Municipal \u00e9 a casa do povo e aqui diariamente discutimos e trabalhamos com assuntos que dizem respeito aos direitos humanos. Para n\u00f3s, o bom debate e o di\u00e1logo s\u00e3o fundamentais\u201d, apontou Faouaz.<\/p>\n\n\n\n<p>Maryssael lembrou dos importantes \u00f3rg\u00e3os municipais que ajudam a dar voz e participa\u00e7\u00e3o aos mais diferentes membros da sociedade civil. \u201cHoje, a prefeitura conta com o NAPP (N\u00facleo de Articula\u00e7\u00e3o de Pol\u00edticas P\u00fablicas), composto por sete assessores, como o dos Direitos Humanos e o da Pessoa Idosa, al\u00e9m de assessorias t\u00e9cnicas e o acompanhamento a 34 Conselhos Municipais voltados aos mais diferentes grupos sociais, o que nos permite falar em pluralidade, indo ao encontro das necessidades de nossos moradores.\u201d<\/p>\n\n\n\n<p>Em seus apontamentos, Gustavo \u00dangaro recordou que a base legal para a garantia dos Direitos Humanos \u00e9 fruto da constru\u00e7\u00e3o da humanidade h\u00e1 s\u00e9culos, atrav\u00e9s de conquistas gradativas. \u201c\u00c9 uma agenda que deve envolver a todos, j\u00e1 que se trata de direitos fundamentais \u00e0 nossa vida, \u00e0 nossa participa\u00e7\u00e3o nos rumos da sociedade e ao nosso acesso, por exemplo, \u00e0s informa\u00e7\u00f5es de \u00f3rg\u00e3os p\u00fablicos.\u201d<\/p>\n\n\n\n<figure class=\"wp-block-image size-full\"><img loading=\"lazy\" decoding=\"async\" width=\"1280\" height=\"853\" src=\"https:\/\/jundiai.sp.gov.br\/noticias\/wp-content\/uploads\/sites\/32\/2021\/12\/forum-de-direitos-humanos_tvtec-51.jpg\" alt=\"\" class=\"wp-image-282228\" srcset=\"https:\/\/jundiai.sp.gov.br\/noticias\/wp-content\/uploads\/sites\/32\/2021\/12\/forum-de-direitos-humanos_tvtec-51.jpg 1280w, https:\/\/jundiai.sp.gov.br\/noticias\/wp-content\/uploads\/sites\/32\/2021\/12\/forum-de-direitos-humanos_tvtec-51-300x200.jpg 300w, https:\/\/jundiai.sp.gov.br\/noticias\/wp-content\/uploads\/sites\/32\/2021\/12\/forum-de-direitos-humanos_tvtec-51-768x512.jpg 768w, https:\/\/jundiai.sp.gov.br\/noticias\/wp-content\/uploads\/sites\/32\/2021\/12\/forum-de-direitos-humanos_tvtec-51-450x300.jpg 450w\" sizes=\"auto, (max-width: 1280px) 100vw, 1280px\" \/><figcaption>A apresentadora Priscila Corr\u00eaa e os convidados Gustavo \u00dangaro e Gustavo Maryssael no est\u00fadio da TVTEC<\/figcaption><\/figure>\n\n\n\n<p>A realiza\u00e7\u00e3o do evento tamb\u00e9m teve a articula\u00e7\u00e3o da gestora adjunta da Casa Civil, Carmen Martins Juncal Tubini, e do assessor de Direitos Humanos, Paulo Fernando de Almeida. A transmiss\u00e3o foi feita a partir do est\u00fadio da TVTEC, no Complexo Argos. \u201cAl\u00e9m de sermos uma escola p\u00fablica-municipal voltada \u00e0s novas tecnologias, temos como fun\u00e7\u00e3o levar a informa\u00e7\u00e3o de utilidade p\u00fablica \u00e0s pessoas, por meios de eventos como o F\u00f3rum Municipal de Direitos Humanos\u201d, explicou a superintendente da Funda\u00e7\u00e3o TVTEC, Monica Gropelo.<\/p>\n\n\n\n<p><strong>Assessoria de Imprensa<br>Foto: fot\u00f3grafo PMJ<\/strong><\/p>\n","protected":false},"excerpt":{"rendered":"<p>O F\u00f3rum Municipal de Direitos Humanos ocorreu na manh\u00e3 desta segunda-feira (13), em formato on-line, e foi realizado pela Unidade de Gest\u00e3o da Casa Civil em parceria com a TVTEC Jundia\u00ed. O objetivo do evento \u00e9 debater e aproximar a sociedade da tem\u00e1tica acerca dos direitos humanos.&nbsp; Participaram da mesa de debate online o gestor [&hellip;]<\/p>\n","protected":false},"author":71,"featured_media":282228,"comment_status":"closed","ping_status":"closed","sticky":false,"template":"","format":"standard","meta":{"footnotes":""},"categories":[2],"tags":[2552,2568,1546],"ods":[],"class_list":["post-282223","post","type-post","status-publish","format-standard","has-post-thumbnail","hentry","category-noticias","tag-direitos-humanos","tag-forum-municipal-de-direitos-humanos","tag-tvtec-jundiai"],"_links":{"self":[{"href":"https:\/\/jundiai.sp.gov.br\/noticias\/wp-json\/wp\/v2\/posts\/282223","targetHints":{"allow":["GET"]}}],"collection":[{"href":"https:\/\/jundiai.sp.gov.br\/noticias\/wp-json\/wp\/v2\/posts"}],"about":[{"href":"https:\/\/jundiai.sp.gov.br\/noticias\/wp-json\/wp\/v2\/types\/post"}],"author":[{"embeddable":true,"href":"https:\/\/jundiai.sp.gov.br\/noticias\/wp-json\/wp\/v2\/users\/71"}],"replies":[{"embeddable":true,"href":"https:\/\/jundiai.sp.gov.br\/noticias\/wp-json\/wp\/v2\/comments?post=282223"}],"version-history":[{"count":3,"href":"https:\/\/jundiai.sp.gov.br\/noticias\/wp-json\/wp\/v2\/posts\/282223\/revisions"}],"predecessor-version":[{"id":282234,"href":"https:\/\/jundiai.sp.gov.br\/noticias\/wp-json\/wp\/v2\/posts\/282223\/revisions\/282234"}],"wp:featuredmedia":[{"embeddable":true,"href":"https:\/\/jundiai.sp.gov.br\/noticias\/wp-json\/wp\/v2\/media\/282228"}],"wp:attachment":[{"href":"https:\/\/jundiai.sp.gov.br\/noticias\/wp-json\/wp\/v2\/media?parent=282223"}],"wp:term":[{"taxonomy":"category","embeddable":true,"href":"https:\/\/jundiai.sp.gov.br\/noticias\/wp-json\/wp\/v2\/categories?post=282223"},{"taxonomy":"post_tag","embeddable":true,"href":"https:\/\/jundiai.sp.gov.br\/noticias\/wp-json\/wp\/v2\/tags?post=282223"},{"taxonomy":"ods","embeddable":true,"href":"https:\/\/jundiai.sp.gov.br\/noticias\/wp-json\/wp\/v2\/ods?post=282223"}],"curies":[{"name":"wp","href":"https:\/\/api.w.org\/{rel}","templated":true}]}}