{"id":283266,"date":"2021-12-29T08:00:00","date_gmt":"2021-12-29T11:00:00","guid":{"rendered":"https:\/\/jundiai.sp.gov.br\/noticias\/?p=283266"},"modified":"2021-12-28T17:39:29","modified_gmt":"2021-12-28T20:39:29","slug":"confira-o-abre-e-fecha-dos-servicos-municipais-durante-o-periodo-do-ano-novo","status":"publish","type":"post","link":"https:\/\/jundiai.sp.gov.br\/noticias\/2021\/12\/29\/confira-o-abre-e-fecha-dos-servicos-municipais-durante-o-periodo-do-ano-novo\/","title":{"rendered":"Confira o Abre e Fecha dos servi\u00e7os municipais durante o per\u00edodo do Ano Novo"},"content":{"rendered":"\n<p>Devido ao ponto facultativo na v\u00e9spera do Dia de Ano Novo, nesta sexta-feira (31), e do feriado nacional do Dia de Ano Novo neste s\u00e1bado (1\u00ba), os equipamentos p\u00fablicos do Munic\u00edpio podem ter seus hor\u00e1rios de funcionamento alterados no per\u00edodo. Confira os detalhes abaixo:<\/p>\n\n\n\n<p><strong>Pa\u00e7o Municipal<br><\/strong>O Pa\u00e7o permanece fechado na sexta (31) e reabre na segunda-feira (3), \u00e0s 8h.<\/p>\n\n\n\n<p><strong>Sa\u00fade<\/strong><br>As Unidades B\u00e1sicas de Sa\u00fade (UBSs), Cl\u00ednica da Fam\u00edlia e Novas UBSs, Ambulat\u00f3rios, CAPS 2, CAPS 3 e o CAPS Infantojuvenil permanecem fechados a partir desta sexta-feira (31) e reabrem na segunda-feira (3). J\u00e1 o CAPS AD fica aberto 24 horas, apenas para acolhidos.<\/p>\n\n\n\n<p>A Unidade de Pronto-Atendimento (PA) da Ponte S\u00e3o Jo\u00e3o (rua Santo Ant\u00f4nio, 191) funciona das 7h \u00e0s 18h. J\u00e1 a do bairro Retiro (rua Maria L\u00facia de Almeida, 100) funciona das 7h \u00e0s 22h (fechamento do port\u00e3o \u00e0s 21h).<\/p>\n\n\n\n<p>As situa\u00e7\u00f5es de urg\u00eancia devem ser encaminhadas para o PS do Hospital S\u00e3o Vicente de Paulo (adultos), Hospital Universit\u00e1rio (gestantes, crian\u00e7as e adolescentes), UPA 24h Vetor Oeste (crian\u00e7as e adultos) e PA Central (pra\u00e7a Dom Pedro II, Centro), diariamente, 24h.<\/p>\n\n\n\n<figure class=\"wp-block-image size-large\"><img loading=\"lazy\" decoding=\"async\" width=\"1280\" height=\"960\" src=\"https:\/\/jundiai.sp.gov.br\/noticias\/wp-content\/uploads\/sites\/32\/2020\/12\/hsv-1280x960.jpg\" alt=\"\" class=\"wp-image-259293\" srcset=\"https:\/\/jundiai.sp.gov.br\/noticias\/wp-content\/uploads\/sites\/32\/2020\/12\/hsv.jpg 1280w, https:\/\/jundiai.sp.gov.br\/noticias\/wp-content\/uploads\/sites\/32\/2020\/12\/hsv-300x225.jpg 300w, https:\/\/jundiai.sp.gov.br\/noticias\/wp-content\/uploads\/sites\/32\/2020\/12\/hsv-768x576.jpg 768w\" sizes=\"auto, (max-width: 1280px) 100vw, 1280px\" \/><figcaption> Situa\u00e7\u00f5es de urg\u00eancia com adultos devem ser encaminhadas para o PS do Hospital S\u00e3o Vicente de Paulo<\/figcaption><\/figure>\n\n\n\n<p>O PA Exclusivo Covid-19 no Centro de Conviv\u00eancia do Idoso (CCI) (avenida Alexandre Ludke, 780) funciona todos os dias, 12h para atendimento infantil, das 7h \u00e0s 18h e no PA Exclusivo COVID-19 Hortol\u00e2ndia \u2013 Policl\u00ednica Hortol\u00e2ndia (avenida Prefeito Jos\u00e9 Castro Marcondes, 510) o atendimento \u00e9 adulto, 24h. Na UPA, no espa\u00e7o exclusivo COVID-19, o atendimento \u00e9 24h, diariamente.<\/p>\n\n\n\n<p>O cronograma de vacina\u00e7\u00e3o contra COVID-19 segue conforme divulgado previamente no <a href=\"https:\/\/vacina.jundiai.sp.gov.br\/agendamento\/?rand=972366818655\" data-type=\"URL\" data-id=\"https:\/\/vacina.jundiai.sp.gov.br\/agendamento\/?rand=972366818655\" target=\"_blank\" rel=\"noreferrer noopener\">Calend\u00e1rio de Vacina\u00e7\u00e3o<\/a> at\u00e9 esta quinta-feira (30), retornando na segunda-feira (3).<\/p>\n\n\n\n<p><strong>Mobilidade e Transporte<br><\/strong>Nesta sexta-feira (31), as linhas de \u00f4nibus circulam com tabela hor\u00e1ria de s\u00e1bado. As exce\u00e7\u00f5es s\u00e3o:<\/p>\n\n\n\n<ul class=\"wp-block-list\"><li>a linha 577 (Pa\u00e7o Municipal \u2013&nbsp; Terminal Hortol\u00e2ndia), que funciona com hor\u00e1rios especiais;<\/li><li>as linhas 570, 974, 537 e 545, cujos hor\u00e1rios ser\u00e3o referentes aos dias \u00fateis;<\/li><\/ul>\n\n\n\n<p>J\u00e1 no s\u00e1bado (1\u00ba), as linhas de \u00f4nibus circulam com tabela hor\u00e1ria de feriado.<\/p>\n\n\n\n<figure class=\"wp-block-image size-full\"><img loading=\"lazy\" decoding=\"async\" width=\"1280\" height=\"854\" src=\"https:\/\/jundiai.sp.gov.br\/noticias\/wp-content\/uploads\/sites\/32\/2021\/11\/movimentacao_onibus-164.jpg\" alt=\"\" class=\"wp-image-280308\" srcset=\"https:\/\/jundiai.sp.gov.br\/noticias\/wp-content\/uploads\/sites\/32\/2021\/11\/movimentacao_onibus-164.jpg 1280w, https:\/\/jundiai.sp.gov.br\/noticias\/wp-content\/uploads\/sites\/32\/2021\/11\/movimentacao_onibus-164-300x200.jpg 300w, https:\/\/jundiai.sp.gov.br\/noticias\/wp-content\/uploads\/sites\/32\/2021\/11\/movimentacao_onibus-164-768x512.jpg 768w, https:\/\/jundiai.sp.gov.br\/noticias\/wp-content\/uploads\/sites\/32\/2021\/11\/movimentacao_onibus-164-450x300.jpg 450w\" sizes=\"auto, (max-width: 1280px) 100vw, 1280px\" \/><figcaption> Na sexta-feira (31), as linhas de \u00f4nibus circulam com tabela hor\u00e1ria de s\u00e1bado; e, no s\u00e1bado (1\u00ba), com tabela do feriado <\/figcaption><\/figure>\n\n\n\n<p><strong>Coleta de lixo<br><\/strong>Os servi\u00e7os de coleta de lixo org\u00e2nico, de recicl\u00e1vel e de cata-treco, al\u00e9m da varri\u00e7\u00e3o de rua, n\u00e3o ser\u00e3o realizados no s\u00e1bado, dia 1\u00ba de janeiro.<\/p>\n\n\n\n<p>A coleta de lixo org\u00e2nico retorna \u00e0 normalidade no dia 2 de janeiro. Os demais servi\u00e7os \u2013 recicl\u00e1vel, cata-treco e varri\u00e7\u00e3o \u2013 tamb\u00e9m seguem a programa\u00e7\u00e3o normal, retornando na segunda-feira, 3 de janeiro.<\/p>\n\n\n\n<p><strong>Feiras e varej\u00f5es<br><\/strong>A feira realizada na Pra\u00e7a Francisco Pessolano, no Bairro do Vianelo, realizada aos s\u00e1bados, ser\u00e1 antecipada para a sexta-feira (31). J\u00e1 no s\u00e1bado (1) n\u00e3o ser\u00e3o realizados feiras e varej\u00f5es em nenhum ponto da cidade. A programa\u00e7\u00e3o retorna \u00e0 normalidade no domingo (2). Toda a programa\u00e7\u00e3o, locais e hor\u00e1rios podem ser consultados no site do <a href=\"https:\/\/abastecimento.jundiai.sp.gov.br\/programas-do-departamento-de-abastecimento\/\" data-type=\"URL\" data-id=\"https:\/\/abastecimento.jundiai.sp.gov.br\/programas-do-departamento-de-abastecimento\/\" target=\"_blank\" rel=\"noreferrer noopener\">Agroneg\u00f3cio e Abastecimento<\/a>.<\/p>\n\n\n\n<p><strong>Parques<\/strong><br>O Parque da Cidade estar\u00e1 fechado de sexta-feira (31) a domingo (2), voltando na segunda-feira (3).<\/p>\n\n\n\n<p>O Mundo das Crian\u00e7as n\u00e3o funciona de sexta (31) a a segunda-feira (3), reabrindo na ter\u00e7a (4), por agendamento via <a href=\"http:\/\/www.mundodascriancasjundiai.com.br\" data-type=\"URL\" data-id=\"www.mundodascriancasjundiai.com.br\" target=\"_blank\" rel=\"noreferrer noopener\">site<\/a>.<\/p>\n\n\n\n<p>Ambos est\u00e3o localizados na Rodovia Jo\u00e3o Cereser, Pinheirinho, respectivamente com acesso pelos quil\u00f4metros 64,4 e 66, com entrada e estacionamento gratuitos.<\/p>\n\n\n\n<p>Tamb\u00e9m permanecem fechados na sexta (31), s\u00e1bado (1\u00b0) e domingo (2) os demais parques municipais \u2013 Jardim Bot\u00e2nico; o parque do Trabalhador (Corrupira); o parque Morada das Vinhas; o parque Ant\u00f4nio Garcia Machado (Jardim do Lago); os parques Bot\u00e2nico Eloy Chaves, \u00c2ngelo Costa (Engordadouro) e Tulipas Professor Aziz Ab\u2019Saber; as Pra\u00e7as Fam\u00edlia Jundia\u00ed &amp; Espa\u00e7o PET da Nove de Julho, Vila Rami e Ponte S\u00e3o Jo\u00e3o; e os bosques Onofre Canedo (Almerinda Chaves), do Jardim Bonfiglioli e do Jardim Copacabana.<\/p>\n\n\n\n<p><strong>Complexos esportivos<br><\/strong>Os complexos esportivos permanecem fechados entre a sexta-feira (31) e o domingo (2), reabrindo na segunda-feira (3).<\/p>\n\n\n\n<p><strong>Cultura<\/strong><br>O setor administrativo da Unidade de Gest\u00e3o de Cultura no Complexo Fepasa permanece fechado ao p\u00fablico a partir da sexta (31). O atendimento ao p\u00fablico retorna na segunda-feira (3), 8h.<\/p>\n\n\n\n<p>O Museu Hist\u00f3rico e Cultural \u2013 Solar do Bar\u00e3o e seus jardins podem ser visitados at\u00e9 esta quinta (30), \u00e0s 21h. O espa\u00e7o fica fechado entre a sexta (31) e o domingo (2), e reabre na segunda (3), com hor\u00e1rio de funcionamento das 10h \u00e0s 17h. A exposi\u00e7\u00e3o de pres\u00e9pios segue at\u00e9 6 de janeiro.<\/p>\n\n\n\n<p>A Pinacoteca Municipal Di\u00f3genes Duarte Paes permanece fechada para desmontagem de exposi\u00e7\u00e3o e manuten\u00e7\u00e3o geral, reabrindo no dia 15 de janeiro, com a programa\u00e7\u00e3o de oficinas gratuitas das \u201cF\u00e9rias na Pinacoteca\u201d.<\/p>\n\n\n\n<p>J\u00e1 o Teatro Polytheama segue aberto somente em hor\u00e1rio comercial para quest\u00f5es administrativas. A agenda cultural do teatro ser\u00e1 retomada na primeira quinzena de janeiro.<\/p>\n\n\n\n<p>A rec\u00e9m-inaugurada F\u00e1brica das Inf\u00e2ncias Japy tamb\u00e9m permanece fechada na sexta (31). At\u00e9 o dia 14 de janeiro, o espa\u00e7o funciona de ter\u00e7a a sexta-feira, das 9h \u00e0s 17h. Ap\u00f3s o dia 15 de janeiro, o espa\u00e7o ganha programa\u00e7\u00e3o cultural de f\u00e9rias e novos hor\u00e1rios de funcionamento.<\/p>\n\n\n\n<p>A Pracinha da Cultura do Vista Alegre (CEU das Artes) permanece fechada durante o per\u00edodo e o Museu da Cia. Paulista tamb\u00e9m segue fechado por tempo indeterminado.<\/p>\n\n\n\n<figure class=\"wp-block-image size-full\"><img loading=\"lazy\" decoding=\"async\" width=\"1280\" height=\"719\" src=\"https:\/\/jundiai.sp.gov.br\/noticias\/wp-content\/uploads\/sites\/32\/2021\/10\/represa-dae_jundiai.jpg\" alt=\"\" class=\"wp-image-279055\" srcset=\"https:\/\/jundiai.sp.gov.br\/noticias\/wp-content\/uploads\/sites\/32\/2021\/10\/represa-dae_jundiai.jpg 1280w, https:\/\/jundiai.sp.gov.br\/noticias\/wp-content\/uploads\/sites\/32\/2021\/10\/represa-dae_jundiai-300x169.jpg 300w, https:\/\/jundiai.sp.gov.br\/noticias\/wp-content\/uploads\/sites\/32\/2021\/10\/represa-dae_jundiai-768x431.jpg 768w\" sizes=\"auto, (max-width: 1280px) 100vw, 1280px\" \/><figcaption>DAE atender\u00e1 pela Central de Relacionamento, com atendimento 24 horas<\/figcaption><\/figure>\n\n\n\n<p><strong>DAE<\/strong><br>A DAE Jundia\u00ed informa que a sede administrativa e os Postos de Atendimento da Vila Hortol\u00e2ndia, Centro, Ponte S\u00e3o Jo\u00e3o e Eloy Chaves n\u00e3o ter\u00e3o expediente na quinta (30) e na sexta-feira (31). A unidade da empresa no Poupatempo abre na quinta (30), mas estar\u00e1 fechada na sexta-feira (31) e no s\u00e1bado, 1\u00ba de janeiro.<\/p>\n\n\n\n<p>Em caso de emerg\u00eancia, os mun\u00edcipes podem entrar em contato com a DAE pela Central de Relacionamento, no telefone 08000 133 155, com atendimento 24 horas. Mais informa\u00e7\u00f5es tamb\u00e9m podem ser obtidas pelo <a href=\"http:\/\/www.daejundiai.com.br\" data-type=\"URL\" data-id=\"www.daejundiai.com.br\" target=\"_blank\" rel=\"noreferrer noopener\">site<\/a>.<\/p>\n\n\n\n<p><strong>PAT<br><\/strong>O Posto de Atendimento ao Trabalhador (PAT), que fica na Rua Zacarias de Goes, 530, Centro, permanece fechado na sexta-feira (31) e reabre na segunda-feira (3), \u00e0s 8h.<\/p>\n\n\n\n<p><strong>Banco do Povo<br><\/strong>O posto do Banco do Povo no Poupatempo (Complexo Fepasa) tamb\u00e9m permanece fechado na sexta-feira (31) e reabre na segunda-feira (3), \u00e0s 8h.<\/p>\n\n\n\n<p><strong>Procon<br><\/strong>O Procon Jundia\u00ed tamb\u00e9m permanece fechado na sexta (31), retomando o atendimento na segunda-feira (3), de maneira remota, pelo <a href=\"https:\/\/www.consumidor.gov.br\/pages\/principal\/?1622477206560)%20ou%20por%20meio%20de%20formul%C3%A1rio%20on-line\" data-type=\"URL\" data-id=\"https:\/\/www.consumidor.gov.br\/pages\/principal\/?1622477206560)%20ou%20por%20meio%20de%20formul%C3%A1rio%20on-line\" target=\"_blank\" rel=\"noreferrer noopener\">site consumidor.gov.br<\/a> ou por meio de <a href=\"https:\/\/docs.google.com\/forms\/d\/e\/1FAIpQLSctabLAf6QmlIgD7VsqxG6kuPN93kamOIW-N_0XRZLwo7wN2w\/viewform?vc=0&amp;c=0&amp;w=1&amp;flr=0\" data-type=\"URL\" data-id=\"https:\/\/docs.google.com\/forms\/d\/e\/1FAIpQLSctabLAf6QmlIgD7VsqxG6kuPN93kamOIW-N_0XRZLwo7wN2w\/viewform?vc=0&amp;c=0&amp;w=1&amp;flr=0\" target=\"_blank\" rel=\"noreferrer noopener\">formul\u00e1rio on-line<\/a>, ou de modo presencial mediante <a href=\"https:\/\/procon.jundiai.sp.gov.br\/atendimento-presencial\/\" data-type=\"URL\" data-id=\"https:\/\/procon.jundiai.sp.gov.br\/atendimento-presencial\/\" target=\"_blank\" rel=\"noreferrer noopener\">agendamento pr\u00e9vio<\/a>. Mais informa\u00e7\u00f5es sobre as formas de agendamento podem ser obtidas no site do Procon Jundia\u00ed, na aba <a href=\"https:\/\/procon.jundiai.sp.gov.br\/formas-de-atendimento\/\" data-type=\"URL\" data-id=\"https:\/\/procon.jundiai.sp.gov.br\/formas-de-atendimento\/\" target=\"_blank\" rel=\"noreferrer noopener\">Formas de Atendimento<\/a>.<\/p>\n\n\n\n<p><strong>Educa\u00e7\u00e3o<br><\/strong>A Unidade de Gest\u00e3o de Educa\u00e7\u00e3o, no Complexo Argos, interrompe as atividades na quinta-feira (30) e retoma o atendimento normal na segunda-feira (3). As escolas municipais prosseguem fechadas, por conta das f\u00e9rias escolares.<\/p>\n\n\n\n<p><strong>Fundo Social<br><\/strong>O Fundo Social de Solidariedade Jundia\u00ed (avenida Manoela Lacerda de Vergueiro, s\/n\u00ba, Anhangaba\u00fa) permanece fechado na sexta-feira (31). As atividades ser\u00e3o retomadas na segunda-feira (3), \u00e0s 8h.<\/p>\n\n\n\n<p><strong>Assist\u00eancia e Desenvolvimento Social<br><\/strong>O Centro Pop, que fica na rua Marechal Deodoro da Fonseca, 504, Centro, para o atendimento \u00e0 popula\u00e7\u00e3o em situa\u00e7\u00e3o de rua, permanece fechado na sexta (31) e n\u00e3o funciona aos finais de semana.<\/p>\n\n\n\n<p>Durante o per\u00edodo, em regime de plant\u00e3o, o Servi\u00e7o Especial de Abordagem Social (SEAS) poder\u00e1 ser acionado pelo telefone (11) 98531-0146, diariamente, at\u00e9 as 22h. A partir desse hor\u00e1rio, a indica\u00e7\u00e3o \u00e9 pelo acionamento da Guarda Municipal de Jundia\u00ed (GMJ), pelo telefone 153. J\u00e1 em casos de identificada intoxica\u00e7\u00e3o ou ocorr\u00eancias mais graves, o SAMU poder\u00e1 ser acionado pelo telefone 192.<\/p>\n\n\n\n<figure class=\"wp-block-image size-full\"><img loading=\"lazy\" decoding=\"async\" width=\"1280\" height=\"460\" src=\"https:\/\/jundiai.sp.gov.br\/noticias\/wp-content\/uploads\/sites\/32\/2021\/10\/aereas-cemiterio-nossa-sra-do-desterro_c_-3-2.jpg\" alt=\"\" class=\"wp-image-279594\" srcset=\"https:\/\/jundiai.sp.gov.br\/noticias\/wp-content\/uploads\/sites\/32\/2021\/10\/aereas-cemiterio-nossa-sra-do-desterro_c_-3-2.jpg 1280w, https:\/\/jundiai.sp.gov.br\/noticias\/wp-content\/uploads\/sites\/32\/2021\/10\/aereas-cemiterio-nossa-sra-do-desterro_c_-3-2-300x108.jpg 300w, https:\/\/jundiai.sp.gov.br\/noticias\/wp-content\/uploads\/sites\/32\/2021\/10\/aereas-cemiterio-nossa-sra-do-desterro_c_-3-2-768x276.jpg 768w\" sizes=\"auto, (max-width: 1280px) 100vw, 1280px\" \/><figcaption> Os cemit\u00e9rios municipais Nossa Senhora do Montenegro e Nossa Senhora do Desterro (foto) permanecem abertos todos os dias, das 7h \u00e0s 17h <\/figcaption><\/figure>\n\n\n\n<p><strong>Fumas<br><\/strong>A <a href=\"https:\/\/fumas.jundiai.sp.gov.br\/\" data-type=\"URL\" data-id=\"https:\/\/fumas.jundiai.sp.gov.br\/\" target=\"_blank\" rel=\"noreferrer noopener\">Funda\u00e7\u00e3o Municipal de A\u00e7\u00e3o Social<\/a> (Fumas) tamb\u00e9m permanece fechada na sexta (31) e retoma o atendimento presencial na segunda-feira (3), \u00e0s 8h.<\/p>\n\n\n\n<p>Os cemit\u00e9rios municipais Nossa Senhora do Montenegro e Nossa Senhora do Desterro permanecem abertos todos os dias, das 7h \u00e0s 17h, para sepultamentos, visita\u00e7\u00f5es e reformas.<\/p>\n\n\n\n<p>S\u00e3o permitidos vel\u00f3rios de at\u00e9 tr\u00eas horas de dura\u00e7\u00e3o, para \u00f3bitos n\u00e3o causados por Covid-19, e com protocolos sanit\u00e1rios e de distanciamento. J\u00e1 o atendimento do vel\u00f3rio segue funcionamento 24 horas todos os dias, podendo somente uma pessoa por vez fazer a declara\u00e7\u00e3o de \u00f3bito.<\/p>\n\n\n\n<p><strong>Assessoria de Imprensa<\/strong><br><strong>Foto: fot\u00f3grafo PMJ<\/strong><\/p>\n","protected":false},"excerpt":{"rendered":"<p>Devido ao ponto facultativo na v\u00e9spera do Dia de Ano Novo, nesta sexta-feira (31), e do feriado nacional do Dia de Ano Novo neste s\u00e1bado (1\u00ba), os equipamentos p\u00fablicos do Munic\u00edpio podem ter seus hor\u00e1rios de funcionamento alterados no per\u00edodo. Confira os detalhes abaixo: Pa\u00e7o MunicipalO Pa\u00e7o permanece fechado na sexta (31) e reabre na [&hellip;]<\/p>\n","protected":false},"author":71,"featured_media":259293,"comment_status":"closed","ping_status":"closed","sticky":false,"template":"","format":"standard","meta":{"footnotes":""},"categories":[2],"tags":[46,29,6,3,2622],"ods":[],"class_list":["post-283266","post","type-post","status-publish","format-standard","has-post-thumbnail","hentry","category-noticias","tag-abre-e-fecha","tag-cultura","tag-educacao","tag-saude","tag-servico-publico"],"_links":{"self":[{"href":"https:\/\/jundiai.sp.gov.br\/noticias\/wp-json\/wp\/v2\/posts\/283266","targetHints":{"allow":["GET"]}}],"collection":[{"href":"https:\/\/jundiai.sp.gov.br\/noticias\/wp-json\/wp\/v2\/posts"}],"about":[{"href":"https:\/\/jundiai.sp.gov.br\/noticias\/wp-json\/wp\/v2\/types\/post"}],"author":[{"embeddable":true,"href":"https:\/\/jundiai.sp.gov.br\/noticias\/wp-json\/wp\/v2\/users\/71"}],"replies":[{"embeddable":true,"href":"https:\/\/jundiai.sp.gov.br\/noticias\/wp-json\/wp\/v2\/comments?post=283266"}],"version-history":[{"count":7,"href":"https:\/\/jundiai.sp.gov.br\/noticias\/wp-json\/wp\/v2\/posts\/283266\/revisions"}],"predecessor-version":[{"id":283273,"href":"https:\/\/jundiai.sp.gov.br\/noticias\/wp-json\/wp\/v2\/posts\/283266\/revisions\/283273"}],"wp:featuredmedia":[{"embeddable":true,"href":"https:\/\/jundiai.sp.gov.br\/noticias\/wp-json\/wp\/v2\/media\/259293"}],"wp:attachment":[{"href":"https:\/\/jundiai.sp.gov.br\/noticias\/wp-json\/wp\/v2\/media?parent=283266"}],"wp:term":[{"taxonomy":"category","embeddable":true,"href":"https:\/\/jundiai.sp.gov.br\/noticias\/wp-json\/wp\/v2\/categories?post=283266"},{"taxonomy":"post_tag","embeddable":true,"href":"https:\/\/jundiai.sp.gov.br\/noticias\/wp-json\/wp\/v2\/tags?post=283266"},{"taxonomy":"ods","embeddable":true,"href":"https:\/\/jundiai.sp.gov.br\/noticias\/wp-json\/wp\/v2\/ods?post=283266"}],"curies":[{"name":"wp","href":"https:\/\/api.w.org\/{rel}","templated":true}]}}