{"id":283275,"date":"2021-12-30T08:02:00","date_gmt":"2021-12-30T11:02:00","guid":{"rendered":"https:\/\/jundiai.sp.gov.br\/noticias\/?p=283275"},"modified":"2021-12-29T10:35:14","modified_gmt":"2021-12-29T13:35:14","slug":"coleta-de-lixo-tem-esquema-especial-no-feriado-de-ano-novo","status":"publish","type":"post","link":"https:\/\/jundiai.sp.gov.br\/noticias\/2021\/12\/30\/coleta-de-lixo-tem-esquema-especial-no-feriado-de-ano-novo\/","title":{"rendered":"Coleta de lixo tem esquema especial no feriado de Ano Novo"},"content":{"rendered":"\n<p>Os servi\u00e7os de coleta de lixo org\u00e2nico, de recicl\u00e1vel e de cata-treco, al\u00e9m da varri\u00e7\u00e3o de rua, n\u00e3o ser\u00e3o realizados no s\u00e1bado, dia 1 de janeiro. Todos os servi\u00e7os retornam \u00e0 programa\u00e7\u00e3o normal na segunda-feira (3) de janeiro.<\/p>\n\n\n\n<figure class=\"wp-block-image size-large\"><img loading=\"lazy\" decoding=\"async\" width=\"1036\" height=\"960\" src=\"https:\/\/jundiai.sp.gov.br\/noticias\/wp-content\/uploads\/sites\/32\/2021\/12\/coleta_celetiva-22-1036x960.jpg\" alt=\"\" class=\"wp-image-283276\" srcset=\"https:\/\/jundiai.sp.gov.br\/noticias\/wp-content\/uploads\/sites\/32\/2021\/12\/coleta_celetiva-22-1036x960.jpg 1036w, https:\/\/jundiai.sp.gov.br\/noticias\/wp-content\/uploads\/sites\/32\/2021\/12\/coleta_celetiva-22-300x278.jpg 300w, https:\/\/jundiai.sp.gov.br\/noticias\/wp-content\/uploads\/sites\/32\/2021\/12\/coleta_celetiva-22-768x712.jpg 768w, https:\/\/jundiai.sp.gov.br\/noticias\/wp-content\/uploads\/sites\/32\/2021\/12\/coleta_celetiva-22.jpg 1280w\" sizes=\"auto, (max-width: 1036px) 100vw, 1036px\" \/><figcaption> O esquema diferenciado permite que os trabalhadores da limpeza urbana possam ficar com seus familiares na data festiva <\/figcaption><\/figure>\n\n\n\n<p>O Departamento de Limpeza P\u00fablica da Unidade de Gest\u00e3o de Infraestrutura e Servi\u00e7os P\u00fablicos (UGISP) orienta que os moradores n\u00e3o efetuem a dispensa\u00e7\u00e3o dos res\u00edduos nos dias em que n\u00e3o haver\u00e1 a coleta, a fim de evitar o ac\u00famulo de dejetos nas ruas.<\/p>\n\n\n\n<p>O esquema diferenciado do servi\u00e7o no final do ano ocorre h\u00e1 mais de 10 anos, para permitir que os trabalhadores da limpeza urbana possam ficar com seus familiares na data festiva.<\/p>\n\n\n\n<p><strong>Assessoria de Imprensa<br>Foto: fot\u00f3grafo PMJ<\/strong><\/p>\n","protected":false},"excerpt":{"rendered":"<p>Os servi\u00e7os de coleta de lixo org\u00e2nico, de recicl\u00e1vel e de cata-treco, al\u00e9m da varri\u00e7\u00e3o de rua, n\u00e3o ser\u00e3o realizados no s\u00e1bado, dia 1 de janeiro. Todos os servi\u00e7os retornam \u00e0 programa\u00e7\u00e3o normal na segunda-feira (3) de janeiro. O Departamento de Limpeza P\u00fablica da Unidade de Gest\u00e3o de Infraestrutura e Servi\u00e7os P\u00fablicos (UGISP) orienta que [&hellip;]<\/p>\n","protected":false},"author":71,"featured_media":283276,"comment_status":"closed","ping_status":"closed","sticky":false,"template":"","format":"standard","meta":{"footnotes":""},"categories":[2],"tags":[2623,2029,2624,2622],"ods":[],"class_list":["post-283275","post","type-post","status-publish","format-standard","has-post-thumbnail","hentry","category-noticias","tag-coleta-de-lixo","tag-limpeza-publica","tag-programacao","tag-servico-publico"],"_links":{"self":[{"href":"https:\/\/jundiai.sp.gov.br\/noticias\/wp-json\/wp\/v2\/posts\/283275","targetHints":{"allow":["GET"]}}],"collection":[{"href":"https:\/\/jundiai.sp.gov.br\/noticias\/wp-json\/wp\/v2\/posts"}],"about":[{"href":"https:\/\/jundiai.sp.gov.br\/noticias\/wp-json\/wp\/v2\/types\/post"}],"author":[{"embeddable":true,"href":"https:\/\/jundiai.sp.gov.br\/noticias\/wp-json\/wp\/v2\/users\/71"}],"replies":[{"embeddable":true,"href":"https:\/\/jundiai.sp.gov.br\/noticias\/wp-json\/wp\/v2\/comments?post=283275"}],"version-history":[{"count":3,"href":"https:\/\/jundiai.sp.gov.br\/noticias\/wp-json\/wp\/v2\/posts\/283275\/revisions"}],"predecessor-version":[{"id":283301,"href":"https:\/\/jundiai.sp.gov.br\/noticias\/wp-json\/wp\/v2\/posts\/283275\/revisions\/283301"}],"wp:featuredmedia":[{"embeddable":true,"href":"https:\/\/jundiai.sp.gov.br\/noticias\/wp-json\/wp\/v2\/media\/283276"}],"wp:attachment":[{"href":"https:\/\/jundiai.sp.gov.br\/noticias\/wp-json\/wp\/v2\/media?parent=283275"}],"wp:term":[{"taxonomy":"category","embeddable":true,"href":"https:\/\/jundiai.sp.gov.br\/noticias\/wp-json\/wp\/v2\/categories?post=283275"},{"taxonomy":"post_tag","embeddable":true,"href":"https:\/\/jundiai.sp.gov.br\/noticias\/wp-json\/wp\/v2\/tags?post=283275"},{"taxonomy":"ods","embeddable":true,"href":"https:\/\/jundiai.sp.gov.br\/noticias\/wp-json\/wp\/v2\/ods?post=283275"}],"curies":[{"name":"wp","href":"https:\/\/api.w.org\/{rel}","templated":true}]}}