{"id":283332,"date":"2021-12-30T16:00:03","date_gmt":"2021-12-30T19:00:03","guid":{"rendered":"https:\/\/jundiai.sp.gov.br\/noticias\/?p=283332"},"modified":"2021-12-30T16:00:40","modified_gmt":"2021-12-30T19:00:40","slug":"forcas-de-seguranca-vao-atuar-para-evitar-pancadao-no-feriado","status":"publish","type":"post","link":"https:\/\/jundiai.sp.gov.br\/noticias\/2021\/12\/30\/forcas-de-seguranca-vao-atuar-para-evitar-pancadao-no-feriado\/","title":{"rendered":"For\u00e7as de seguran\u00e7a v\u00e3o atuar para evitar \u2018pancad\u00e3o\u2019 no feriado"},"content":{"rendered":"\n<p>Com o objetivo de evitar aglomera\u00e7\u00e3o e os chamados \u2018pancad\u00f5es\u2019, a Guarda Municipal de Jundia\u00ed (GMJ), em parceria com a Pol\u00edcia Militar (PM), desenvolver\u00e1 a\u00e7\u00f5es durante as festividades de Ano Novo &#8211; principalmente na noite de 31 de dezembro &#8211; em diversas regi\u00f5es da cidade.<br><br>\u201cAtuaremos de forma conjunta, principalmente em localidades onde tradicionalmente ocorrem eventos, como na avenida Samuel Martins, na Vila Progresso, e em bairros como o Jardim Tamoio, Sorocabana e Jardim S\u00e3o Camilo. Vamos operar preventivamente, segundo um planejamento montado pelas for\u00e7as de segura\u00e7a. \u00c9 fundamental que a popula\u00e7\u00e3o tenha em mente que o v\u00edrus da Covid-19 ainda circula e, neste momento, estamos assistindo ao crescimento dos casos da gripe H3N2\u201d, ressalta o comandante da GM, Benedito Marcos Moreno.<\/p>\n\n\n\n<figure class=\"wp-block-image size-full\"><img loading=\"lazy\" decoding=\"async\" width=\"1024\" height=\"768\" src=\"https:\/\/jundiai.sp.gov.br\/noticias\/wp-content\/uploads\/sites\/32\/2021\/12\/gm-pancadao-1.jpg\" alt=\"carros da guarda parados com GMs em p\u00e9\" class=\"wp-image-283339\" srcset=\"https:\/\/jundiai.sp.gov.br\/noticias\/wp-content\/uploads\/sites\/32\/2021\/12\/gm-pancadao-1.jpg 1024w, https:\/\/jundiai.sp.gov.br\/noticias\/wp-content\/uploads\/sites\/32\/2021\/12\/gm-pancadao-1-300x225.jpg 300w, https:\/\/jundiai.sp.gov.br\/noticias\/wp-content\/uploads\/sites\/32\/2021\/12\/gm-pancadao-1-768x576.jpg 768w\" sizes=\"auto, (max-width: 1024px) 100vw, 1024px\" \/><figcaption>As a\u00e7\u00f5es visam evitar aglomera\u00e7\u00e3o e orientar a popula\u00e7\u00e3o<\/figcaption><\/figure>\n\n\n\n<p>Desde o come\u00e7o da pandemia de Coronav\u00edrus, a GMJ vem monitorando bairros e atuado para evitar as aglomera\u00e7\u00f5es, al\u00e9m de orientar e conscientizar a comunidade para que as pessoas mantenham um distanciamento seguro e sigam as orienta\u00e7\u00f5es sanit\u00e1rias. Mais de 1 mil a\u00e7\u00f5es neste sentido foram realizadas.<br><br>As den\u00fancias de aglomera\u00e7\u00e3o podem ser registradas pelos telefones 153 e 4492-9060 (emerg\u00eancia) e tamb\u00e9m no 190 (Pol\u00edcia Militar).<br><br><strong>Assessoria de Imprensa<\/strong><br><strong>Foto: Fot\u00f3grafos PMJ<\/strong><\/p>\n","protected":false},"excerpt":{"rendered":"<p>Com o objetivo de evitar aglomera\u00e7\u00e3o e os chamados \u2018pancad\u00f5es\u2019, a Guarda Municipal de Jundia\u00ed (GMJ), em parceria com a Pol\u00edcia Militar (PM), desenvolver\u00e1 a\u00e7\u00f5es durante as festividades de Ano Novo &#8211; principalmente na noite de 31 de dezembro &#8211; em diversas regi\u00f5es da cidade. \u201cAtuaremos de forma conjunta, principalmente em localidades onde tradicionalmente ocorrem [&hellip;]<\/p>\n","protected":false},"author":50,"featured_media":283339,"comment_status":"closed","ping_status":"closed","sticky":false,"template":"","format":"standard","meta":{"footnotes":""},"categories":[2],"tags":[31,2632,948,1231],"ods":[],"class_list":["post-283332","post","type-post","status-publish","format-standard","has-post-thumbnail","hentry","category-noticias","tag-guarda-municipal","tag-guarda-municipal-de-jundiai","tag-seguranca-municipal","tag-unidade-de-gestao-de-seguranca-municipal-ugsm"],"_links":{"self":[{"href":"https:\/\/jundiai.sp.gov.br\/noticias\/wp-json\/wp\/v2\/posts\/283332","targetHints":{"allow":["GET"]}}],"collection":[{"href":"https:\/\/jundiai.sp.gov.br\/noticias\/wp-json\/wp\/v2\/posts"}],"about":[{"href":"https:\/\/jundiai.sp.gov.br\/noticias\/wp-json\/wp\/v2\/types\/post"}],"author":[{"embeddable":true,"href":"https:\/\/jundiai.sp.gov.br\/noticias\/wp-json\/wp\/v2\/users\/50"}],"replies":[{"embeddable":true,"href":"https:\/\/jundiai.sp.gov.br\/noticias\/wp-json\/wp\/v2\/comments?post=283332"}],"version-history":[{"count":4,"href":"https:\/\/jundiai.sp.gov.br\/noticias\/wp-json\/wp\/v2\/posts\/283332\/revisions"}],"predecessor-version":[{"id":283342,"href":"https:\/\/jundiai.sp.gov.br\/noticias\/wp-json\/wp\/v2\/posts\/283332\/revisions\/283342"}],"wp:featuredmedia":[{"embeddable":true,"href":"https:\/\/jundiai.sp.gov.br\/noticias\/wp-json\/wp\/v2\/media\/283339"}],"wp:attachment":[{"href":"https:\/\/jundiai.sp.gov.br\/noticias\/wp-json\/wp\/v2\/media?parent=283332"}],"wp:term":[{"taxonomy":"category","embeddable":true,"href":"https:\/\/jundiai.sp.gov.br\/noticias\/wp-json\/wp\/v2\/categories?post=283332"},{"taxonomy":"post_tag","embeddable":true,"href":"https:\/\/jundiai.sp.gov.br\/noticias\/wp-json\/wp\/v2\/tags?post=283332"},{"taxonomy":"ods","embeddable":true,"href":"https:\/\/jundiai.sp.gov.br\/noticias\/wp-json\/wp\/v2\/ods?post=283332"}],"curies":[{"name":"wp","href":"https:\/\/api.w.org\/{rel}","templated":true}]}}