{"id":283832,"date":"2022-01-16T08:30:00","date_gmt":"2022-01-16T11:30:00","guid":{"rendered":"https:\/\/jundiai.sp.gov.br\/noticias\/?p=283832"},"modified":"2022-02-02T09:29:58","modified_gmt":"2022-02-02T12:29:58","slug":"operacao-chuvas-de-verao-defesa-civil-realiza-manutencao-de-pluviometros","status":"publish","type":"post","link":"https:\/\/jundiai.sp.gov.br\/noticias\/2022\/01\/16\/operacao-chuvas-de-verao-defesa-civil-realiza-manutencao-de-pluviometros\/","title":{"rendered":"Opera\u00e7\u00e3o Chuvas de Ver\u00e3o: Defesa Civil realiza manuten\u00e7\u00e3o de pluvi\u00f4metros"},"content":{"rendered":"\n<p>Como parte das a\u00e7\u00f5es preventivas da Opera\u00e7\u00e3o Chuvas de Ver\u00e3o, a Defesa Civil realizou ao longo desta semana  procedimentos de verifica\u00e7\u00e3o e manuten\u00e7\u00e3o dos pluvi\u00f4metros instalados no Munic\u00edpio. As inspe\u00e7\u00f5es foram realizadas por equipe do Centro Nacional de Monitoramento e Alertas de Desastres Naturais (Cemaden), \u00f3rg\u00e3o vinculado ao Minist\u00e9rio da Ci\u00eancia, Tecnologia e Inova\u00e7\u00e3o. <\/p>\n\n\n\n<p>\u201cEm Jundia\u00ed h\u00e1 seis pluvi\u00f4metros do Cemaden instalados: no Jardim Florestal, no Jardim Santa Gertrudes, no Jardim Tamoio, no Fazenda Grande, na Roseira, na vila Graff. O \u00faltimo, instalado na ponte sobre o rio Jundia\u00ed, al\u00e9m de medir a precipita\u00e7\u00e3o, o equipamento conta ainda com c\u00e2mera e radar sensorial, que fotografa e emite alertas sobre o n\u00edvel das \u00e1guas do rio. Trata-se de informa\u00e7\u00e3o importante para o planejamento preventivo do trabalho das equipes\u201d, explica Jo\u00e3o Os\u00f3rio Gimenez Germano, coordenador da Defesa Civil, que \u00e9 vinculada \u00e0 Unidade de Gest\u00e3o da Casa Civil (UGCC).  <\/p>\n\n\n\n<figure class=\"wp-block-image size-full\"><img loading=\"lazy\" decoding=\"async\" width=\"1280\" height=\"853\" src=\"https:\/\/jundiai.sp.gov.br\/noticias\/wp-content\/uploads\/sites\/32\/2022\/01\/manutencao-pluviometro-43.jpg\" alt=\"\" class=\"wp-image-283833\" srcset=\"https:\/\/jundiai.sp.gov.br\/noticias\/wp-content\/uploads\/sites\/32\/2022\/01\/manutencao-pluviometro-43.jpg 1280w, https:\/\/jundiai.sp.gov.br\/noticias\/wp-content\/uploads\/sites\/32\/2022\/01\/manutencao-pluviometro-43-300x200.jpg 300w, https:\/\/jundiai.sp.gov.br\/noticias\/wp-content\/uploads\/sites\/32\/2022\/01\/manutencao-pluviometro-43-768x512.jpg 768w, https:\/\/jundiai.sp.gov.br\/noticias\/wp-content\/uploads\/sites\/32\/2022\/01\/manutencao-pluviometro-43-450x300.jpg 450w\" sizes=\"auto, (max-width: 1280px) 100vw, 1280px\" \/><figcaption>Pluvi\u00f4metro instalado sobre o rio Jundia\u00ed tamb\u00e9m tira fotos e emite alertas sobre o volume das \u00e1guas<\/figcaption><\/figure>\n\n\n\n<p>Institu\u00edda em dezembro, a Opera\u00e7\u00e3o Chuvas de Ver\u00e3o norteia os trabalhos da Defesa Civil no per\u00edodo por conta dos elevados \u00edndices de chuvas registrados neste per\u00edodo do ano. Al\u00e9m das manuten\u00e7\u00f5es como as realizadas nesta semana, a Prefeitura mant\u00e9m uma for\u00e7a tarefa composta por \u00f3rg\u00e3os da administra\u00e7\u00e3o, DAE e Funda\u00e7\u00e3o Municipal de A\u00e7\u00e3o Social (Fumas), a fim de atuar em situa\u00e7\u00f5es de emerg\u00eancias, como enchentes e alagamentos, al\u00e9m de executar planos de a\u00e7\u00e3o e trabalhos preventivos. A opera\u00e7\u00e3o segue at\u00e9 31 de mar\u00e7o, podendo haver prorroga\u00e7\u00e3o por exig\u00eancia das condi\u00e7\u00f5es meteorol\u00f3gicas.<\/p>\n\n\n\n<p>A Defesa Civil pode ser acionada pela popula\u00e7\u00e3o pelos telefones 199 ou 4586-0666. \u00c9 poss\u00edvel ainda cadastrar gratuitamente o celular para receber alertas meteorol\u00f3gicos. Os interessados devem enviar um SMS para o n\u00famero 40199 com o C\u00f3digo de Endere\u00e7amento Postal (CEP) de sua resid\u00eancia.<\/p>\n\n\n\n<p>Atualmente, Jundia\u00ed encontra-se em estado de Observa\u00e7\u00e3o, o primeiro na escala do quadro de a\u00e7\u00e3o da Defesa Civil, quando o acumulado das \u00faltimas 72 horas n\u00e3o ultrapassa os 80 mil\u00edmetros de chuva.<\/p>\n\n\n\n<p>Al\u00e9m dos seis equipamentos do Cemaden, h\u00e1 tamb\u00e9m pluvi\u00f4metros da DAE que fazem o monitoramento dos \u00edndices.<\/p>\n\n\n\n<figure class=\"wp-block-image size-full is-resized\"><img loading=\"lazy\" decoding=\"async\" src=\"https:\/\/jundiai.sp.gov.br\/noticias\/wp-content\/uploads\/sites\/32\/2022\/01\/manutencao-de-pluviometros-48.jpg\" alt=\"\" class=\"wp-image-283835\" width=\"840\" height=\"560\" srcset=\"https:\/\/jundiai.sp.gov.br\/noticias\/wp-content\/uploads\/sites\/32\/2022\/01\/manutencao-de-pluviometros-48.jpg 1280w, https:\/\/jundiai.sp.gov.br\/noticias\/wp-content\/uploads\/sites\/32\/2022\/01\/manutencao-de-pluviometros-48-300x200.jpg 300w, https:\/\/jundiai.sp.gov.br\/noticias\/wp-content\/uploads\/sites\/32\/2022\/01\/manutencao-de-pluviometros-48-768x512.jpg 768w, https:\/\/jundiai.sp.gov.br\/noticias\/wp-content\/uploads\/sites\/32\/2022\/01\/manutencao-de-pluviometros-48-450x300.jpg 450w\" sizes=\"auto, (max-width: 840px) 100vw, 840px\" \/><figcaption>Opera\u00e7\u00e3o Chuvas de Ver\u00e3o: equipes da Defesa Civil monitoram alertas em tempo real<\/figcaption><\/figure>\n\n\n\n<p><strong>Assessoria de Imprensa<br>Fotos: Fot\u00f3grafos PMJ<\/strong><\/p>\n","protected":false},"excerpt":{"rendered":"<p>Como parte das a\u00e7\u00f5es preventivas da Opera\u00e7\u00e3o Chuvas de Ver\u00e3o, a Defesa Civil realizou ao longo desta semana procedimentos de verifica\u00e7\u00e3o e manuten\u00e7\u00e3o dos pluvi\u00f4metros instalados no Munic\u00edpio. As inspe\u00e7\u00f5es foram realizadas por equipe do Centro Nacional de Monitoramento e Alertas de Desastres Naturais (Cemaden), \u00f3rg\u00e3o vinculado ao Minist\u00e9rio da Ci\u00eancia, Tecnologia e Inova\u00e7\u00e3o. \u201cEm [&hellip;]<\/p>\n","protected":false},"author":14,"featured_media":283833,"comment_status":"closed","ping_status":"closed","sticky":false,"template":"","format":"standard","meta":{"footnotes":""},"categories":[2],"tags":[62,34,2627],"ods":[],"class_list":["post-283832","post","type-post","status-publish","format-standard","has-post-thumbnail","hentry","category-noticias","tag-casa-civil","tag-defesa-civil","tag-operacao-chuvas-de-verao"],"_links":{"self":[{"href":"https:\/\/jundiai.sp.gov.br\/noticias\/wp-json\/wp\/v2\/posts\/283832","targetHints":{"allow":["GET"]}}],"collection":[{"href":"https:\/\/jundiai.sp.gov.br\/noticias\/wp-json\/wp\/v2\/posts"}],"about":[{"href":"https:\/\/jundiai.sp.gov.br\/noticias\/wp-json\/wp\/v2\/types\/post"}],"author":[{"embeddable":true,"href":"https:\/\/jundiai.sp.gov.br\/noticias\/wp-json\/wp\/v2\/users\/14"}],"replies":[{"embeddable":true,"href":"https:\/\/jundiai.sp.gov.br\/noticias\/wp-json\/wp\/v2\/comments?post=283832"}],"version-history":[{"count":3,"href":"https:\/\/jundiai.sp.gov.br\/noticias\/wp-json\/wp\/v2\/posts\/283832\/revisions"}],"predecessor-version":[{"id":284075,"href":"https:\/\/jundiai.sp.gov.br\/noticias\/wp-json\/wp\/v2\/posts\/283832\/revisions\/284075"}],"wp:featuredmedia":[{"embeddable":true,"href":"https:\/\/jundiai.sp.gov.br\/noticias\/wp-json\/wp\/v2\/media\/283833"}],"wp:attachment":[{"href":"https:\/\/jundiai.sp.gov.br\/noticias\/wp-json\/wp\/v2\/media?parent=283832"}],"wp:term":[{"taxonomy":"category","embeddable":true,"href":"https:\/\/jundiai.sp.gov.br\/noticias\/wp-json\/wp\/v2\/categories?post=283832"},{"taxonomy":"post_tag","embeddable":true,"href":"https:\/\/jundiai.sp.gov.br\/noticias\/wp-json\/wp\/v2\/tags?post=283832"},{"taxonomy":"ods","embeddable":true,"href":"https:\/\/jundiai.sp.gov.br\/noticias\/wp-json\/wp\/v2\/ods?post=283832"}],"curies":[{"name":"wp","href":"https:\/\/api.w.org\/{rel}","templated":true}]}}