{"id":284107,"date":"2022-01-15T14:53:22","date_gmt":"2022-01-15T17:53:22","guid":{"rendered":"https:\/\/jundiai.sp.gov.br\/noticias\/?p=284107"},"modified":"2022-01-15T14:53:22","modified_gmt":"2022-01-15T17:53:22","slug":"vacinacao-contra-a-covid-19-prossegue-com-dose-adicional-e-em-atrasados","status":"publish","type":"post","link":"https:\/\/jundiai.sp.gov.br\/noticias\/2022\/01\/15\/vacinacao-contra-a-covid-19-prossegue-com-dose-adicional-e-em-atrasados\/","title":{"rendered":"Vacina\u00e7\u00e3o contra a Covid-19 prossegue com dose adicional e em atrasados"},"content":{"rendered":"\n<p>O s\u00e1bado (15) foi de grande movimento na vacina\u00e7\u00e3o contra a Covid-19 no Parque da Uva. Os mun\u00edcipes aproveitaram o dia para completar o esquema vacinal tomando doses atrasadas ou a adicional.&nbsp;<\/p>\n\n\n\n<p>Em fam\u00edlia, Giovanna de Freitas, 24 anos, aproveitou o dia para tomar a dose adicional acompanhada da m\u00e3e, Ligia Duarte e do namorado Thomaz Gonzales, 24 anos. \u201cViemos em fam\u00edlia para tomar a dose adicional. Completar o esquema vacinal \u00e9 muito importante para nos proteger, principalmente neste momento em que os casos est\u00e3o aumentando. A fila estava grande quando chegamos, mas s\u00f3 assustou, porque o atendimento est\u00e1 organizado e muito r\u00e1pido\u201d, afirmou.<\/p>\n\n\n\n<figure class=\"wp-block-image size-full\"><img loading=\"lazy\" decoding=\"async\" width=\"1280\" height=\"720\" src=\"https:\/\/jundiai.sp.gov.br\/noticias\/wp-content\/uploads\/sites\/32\/2022\/01\/vacinacao_parquedauva_15de-janeiro.jpg\" alt=\"\" class=\"wp-image-284108\" srcset=\"https:\/\/jundiai.sp.gov.br\/noticias\/wp-content\/uploads\/sites\/32\/2022\/01\/vacinacao_parquedauva_15de-janeiro.jpg 1280w, https:\/\/jundiai.sp.gov.br\/noticias\/wp-content\/uploads\/sites\/32\/2022\/01\/vacinacao_parquedauva_15de-janeiro-300x169.jpg 300w, https:\/\/jundiai.sp.gov.br\/noticias\/wp-content\/uploads\/sites\/32\/2022\/01\/vacinacao_parquedauva_15de-janeiro-768x432.jpg 768w\" sizes=\"auto, (max-width: 1280px) 100vw, 1280px\" \/><figcaption>Giovanna, Ligia e Thomaz aproveitaram o s\u00e1bado para tomar a dose adicional da vacina contra a Covid-19<\/figcaption><\/figure>\n\n\n\n<p>Com 4 meses e meio de gesta\u00e7\u00e3o, Thalita Eberlin tamb\u00e9m tomou sua dose adicional. \u201cMinha gesta\u00e7\u00e3o \u00e9 de risco e a imuniza\u00e7\u00e3o \u00e9 essencial neste momento\u201d, comentou.<\/p>\n\n\n\n<p>A vacina\u00e7\u00e3o para o p\u00fablico com idade a partir de 12 anos, para primeira, segunda ou dose adicional na pr\u00f3xima semana. De segunda (17) a sexta (21) no Parque da Uva (a p\u00e9), antiga UBS do Jardim do Lago, UBS Tamoio, UBS Novo Horizonte e UBS Hortol\u00e2ndia, das 8h30 \u00e0s 12 horas e das 13 horas \u00e0s 16h40. No s\u00e1bado (22) ser\u00e1 no Parque da Uva (a p\u00e9 e drive-thru para idosos) e UBS Fazenda Grande, das 8h30 \u00e0s 11h30 e das 13 horas \u00e0s 15h30.<\/p>\n\n\n\n<p><strong>Vacina\u00e7\u00e3o em crian\u00e7as<\/strong><\/p>\n\n\n\n<p>Jundia\u00ed iniciou na sexta-feira (14) a vacina\u00e7\u00e3o contra a Covid-19 em crian\u00e7as. 10 crian\u00e7as com comorbidades receberam a aplica\u00e7\u00e3o da dose Pfizer. A cidade foi selecionada pelo Governo do Estado para ser a primeira do interior, a iniciar simbolicamente, a campanha de vacina\u00e7\u00e3o em crian\u00e7as.\u00a0<\/p>\n\n\n\n<figure class=\"wp-block-image size-full\"><img loading=\"lazy\" decoding=\"async\" width=\"1280\" height=\"853\" src=\"https:\/\/jundiai.sp.gov.br\/noticias\/wp-content\/uploads\/sites\/32\/2022\/01\/vacinacao_covid_parque_da_uva-19.jpg\" alt=\"\" class=\"wp-image-284109\" srcset=\"https:\/\/jundiai.sp.gov.br\/noticias\/wp-content\/uploads\/sites\/32\/2022\/01\/vacinacao_covid_parque_da_uva-19.jpg 1280w, https:\/\/jundiai.sp.gov.br\/noticias\/wp-content\/uploads\/sites\/32\/2022\/01\/vacinacao_covid_parque_da_uva-19-300x200.jpg 300w, https:\/\/jundiai.sp.gov.br\/noticias\/wp-content\/uploads\/sites\/32\/2022\/01\/vacinacao_covid_parque_da_uva-19-768x512.jpg 768w, https:\/\/jundiai.sp.gov.br\/noticias\/wp-content\/uploads\/sites\/32\/2022\/01\/vacinacao_covid_parque_da_uva-19-450x300.jpg 450w\" sizes=\"auto, (max-width: 1280px) 100vw, 1280px\" \/><figcaption>Vacina\u00e7\u00e3o prossegue na pr\u00f3xima semana<\/figcaption><\/figure>\n\n\n\n<p>A aplica\u00e7\u00e3o prossegue na pr\u00f3xima semana, em Unidades B\u00e1sicas de Sa\u00fade (UBS) a partir do agendamento que ser\u00e1 liberado, na segunda-feira (17), a partir das 10 horas, no site da Prefeitura de Jundia\u00ed.<\/p>\n\n\n\n<p><strong>Agendamento<\/strong><\/p>\n\n\n\n<p>A vacina\u00e7\u00e3o para as crian\u00e7as de 9 a 11 anos com comorbidades ser\u00e1 realizada na Nova UBS Jardim do Lago, Nova UBS Jundia\u00ed Mirim, UBS Fazenda Grande e UBS Rio Branco. Em todos os locais, a aplica\u00e7\u00e3o ser\u00e1 das 13h \u00e0s 16h30 de segunda-feira (17) at\u00e9 sexta-feira (21), conforme hor\u00e1rio agendado.<\/p>\n\n\n\n<p>J\u00e1 no s\u00e1bado (22), a vacina\u00e7\u00e3o ser\u00e1 nas unidades Nova UBS Jundia\u00ed Mirim, Nova UBS Jardim do Lago, UBS Novo Horizonte e UBS Hortol\u00e2ndia (antigo posto de atendimento da Unimed), das 8h \u00e0s 11h30 e das 13h \u00e0s 15h30.<\/p>\n\n\n\n<p>Para receber a aplica\u00e7\u00e3o ser\u00e1 necess\u00e1rio realizar o agendamento no site da Prefeitura de Jundia\u00ed, e no dia da vacina\u00e7\u00e3o apresentar a carteira de vacina\u00e7\u00e3o, documento e CPF da crian\u00e7a e comprovante de resid\u00eancia, al\u00e9m de documenta\u00e7\u00e3o que comprove a comorbidade, que pode ser exames, receitas, relat\u00f3rio m\u00e9dico ou prescri\u00e7\u00e3o m\u00e9dica.<\/p>\n\n\n\n<p><strong>Assessoria de Imprensa<br>Fotos: Fot\u00f3grafos PMJ<\/strong><\/p>\n","protected":false},"excerpt":{"rendered":"<p>O s\u00e1bado (15) foi de grande movimento na vacina\u00e7\u00e3o contra a Covid-19 no Parque da Uva. Os mun\u00edcipes aproveitaram o dia para completar o esquema vacinal tomando doses atrasadas ou a adicional.&nbsp; Em fam\u00edlia, Giovanna de Freitas, 24 anos, aproveitou o dia para tomar a dose adicional acompanhada da m\u00e3e, Ligia Duarte e do namorado [&hellip;]<\/p>\n","protected":false},"author":70,"featured_media":284108,"comment_status":"closed","ping_status":"closed","sticky":false,"template":"","format":"standard","meta":{"footnotes":""},"categories":[2],"tags":[1500,981,3],"ods":[],"class_list":["post-284107","post","type-post","status-publish","format-standard","has-post-thumbnail","hentry","category-noticias","tag-coronavirus","tag-promocao-da-saude","tag-saude"],"_links":{"self":[{"href":"https:\/\/jundiai.sp.gov.br\/noticias\/wp-json\/wp\/v2\/posts\/284107","targetHints":{"allow":["GET"]}}],"collection":[{"href":"https:\/\/jundiai.sp.gov.br\/noticias\/wp-json\/wp\/v2\/posts"}],"about":[{"href":"https:\/\/jundiai.sp.gov.br\/noticias\/wp-json\/wp\/v2\/types\/post"}],"author":[{"embeddable":true,"href":"https:\/\/jundiai.sp.gov.br\/noticias\/wp-json\/wp\/v2\/users\/70"}],"replies":[{"embeddable":true,"href":"https:\/\/jundiai.sp.gov.br\/noticias\/wp-json\/wp\/v2\/comments?post=284107"}],"version-history":[{"count":1,"href":"https:\/\/jundiai.sp.gov.br\/noticias\/wp-json\/wp\/v2\/posts\/284107\/revisions"}],"predecessor-version":[{"id":284110,"href":"https:\/\/jundiai.sp.gov.br\/noticias\/wp-json\/wp\/v2\/posts\/284107\/revisions\/284110"}],"wp:featuredmedia":[{"embeddable":true,"href":"https:\/\/jundiai.sp.gov.br\/noticias\/wp-json\/wp\/v2\/media\/284108"}],"wp:attachment":[{"href":"https:\/\/jundiai.sp.gov.br\/noticias\/wp-json\/wp\/v2\/media?parent=284107"}],"wp:term":[{"taxonomy":"category","embeddable":true,"href":"https:\/\/jundiai.sp.gov.br\/noticias\/wp-json\/wp\/v2\/categories?post=284107"},{"taxonomy":"post_tag","embeddable":true,"href":"https:\/\/jundiai.sp.gov.br\/noticias\/wp-json\/wp\/v2\/tags?post=284107"},{"taxonomy":"ods","embeddable":true,"href":"https:\/\/jundiai.sp.gov.br\/noticias\/wp-json\/wp\/v2\/ods?post=284107"}],"curies":[{"name":"wp","href":"https:\/\/api.w.org\/{rel}","templated":true}]}}